{"id":74627,"date":"2026-04-22T14:21:41","date_gmt":"2026-04-22T17:21:41","guid":{"rendered":"https:\/\/mussicom.com\/regiao-da-baixada-santista-recebe-atividades-gratuitas-do-circuito-sesc-de-artes-2026\/"},"modified":"2026-04-22T14:21:41","modified_gmt":"2026-04-22T17:21:41","slug":"regiao-da-baixada-santista-recebe-atividades-gratuitas-do-circuito-sesc-de-artes-2026","status":"publish","type":"post","link":"https:\/\/mussicom.com\/noticias\/regiao-da-baixada-santista-recebe-atividades-gratuitas-do-circuito-sesc-de-artes-2026\/","title":{"rendered":"Regi\u00e3o da Baixada Santista recebe atividades gratuitas do Circuito Sesc de Artes 2026"},"content":{"rendered":"<p> <br \/>\n<\/p>\n<div id=\"texto\">\n<p>At\u00e9 26 de abril, o\u00a0Circuito Sesc de Artes\u00a0chega \u00e0 sua 18\u00aa edi\u00e7\u00e3o e integra as comemora\u00e7\u00f5es dos 80 anos do Sesc S\u00e3o Paulo, consolidando-se como a maior edi\u00e7\u00e3o realizada. Ao longo de seis semanas, 133 munic\u00edpios da Grande S\u00e3o Paulo, do interior e do litoral receber\u00e3o 123 atividades art\u00edsticas gratuitas divididas em 12 roteiros diferentes, que somam mais de mil sess\u00f5es em pra\u00e7as e espa\u00e7os p\u00fablicos.\u00a0<\/p>\n<p>\u00a0<\/p>\n<p>Realizado pelo Sesc S\u00e3o Paulo em parceria com Prefeituras Municipais e Sindicatos do Com\u00e9rcio de Bens, Servi\u00e7os e Turismo, o Circuito reafirma seu papel de articular territ\u00f3rios, democratizar o acesso \u00e0 cultura e promover encontros entre diferentes linguagens e gera\u00e7\u00f5es art\u00edsticas. Teatro, m\u00fasica, dan\u00e7a, circo, cinema, literatura, artes visuais e tecnologias comp\u00f5em uma programa\u00e7\u00e3o diversa que ocupa o espa\u00e7o p\u00fablico como lugar de conviv\u00eancia e experi\u00eancia cultural.<\/p>\n<p>\u00a0<\/p>\n<p>Ao todo, 23 unidades est\u00e3o envolvidas na realiza\u00e7\u00e3o do projeto. A programa\u00e7\u00e3o na regi\u00e3o da Baixada Santista atendida pelo\u00a0Sesc Santos\u00a0ainda passa por\u00a0Itanha\u00e9m\u00a0(25 de abril) e\u00a0Peru\u00edbe\u00a0(26 de abril).<\/p>\n<p>\u00a0<\/p>\n<p>Roteiro 12<\/p>\n<p>Itanha\u00e9m\u00a0(25 de abril) e\u00a0Peru\u00edbe\u00a0(26 de abril).<\/p>\n<p>\u00a0<\/p>\n<p>Na\u00a0m\u00fasica, o pesquisador e discotec\u00e1rio\u00a0Sonido Yaguaro\u00a0conduz a\u00a0Discotecagem em Vinil, performance constru\u00edda a partir de sua extensa cole\u00e7\u00e3o de discos. Fruto de pesquisas e viagens por pa\u00edses da Am\u00e9rica Latina, do Caribe e da \u00c1frica, o set re\u00fane sonoridades latinas, caribenhas e africanas, criando uma jornada musical marcada por ritmos diversos e pela valoriza\u00e7\u00e3o da cultura do vinil.<\/p>\n<p>\u00a0<\/p>\n<p>No\u00a0circo, o\u00a0Coletivo Catappum\u00a0apresenta\u00a0Cabar\u00e9 Catappum, espet\u00e1culo que celebra a tradi\u00e7\u00e3o circense a partir de uma perspectiva ligada \u00e0 ancestralidade e ao estudo da palha\u00e7aria negra. A montagem re\u00fane solos e n\u00fameros coletivos de acrobacia, musicalidade, esquetes de palha\u00e7os e improvisos, em uma apresenta\u00e7\u00e3o que combina humor, poesia c\u00f4mica e participa\u00e7\u00e3o direta da plateia.<\/p>\n<p>\u00a0<\/p>\n<p>A\u00a0dan\u00e7a\u00a0aparece com\u00a0P\u00e9 Grande, cria\u00e7\u00e3o da\u00a0FUTURA | Clarice Lima, espet\u00e1culo que parte da figura lend\u00e1ria do P\u00e9 Grande para propor uma experi\u00eancia que mistura dan\u00e7a, performance e artes visuais. Na cena, uma fam\u00edlia de criaturas peludas percorre o espa\u00e7o p\u00fablico transformando o imagin\u00e1rio do medo em momentos de humor, delicadeza e intera\u00e7\u00e3o com o p\u00fablico.<\/p>\n<p>\u00a0<\/p>\n<p>A\u00a0literatura\u00a0entra em cena com\u00a0Hist\u00f3rias Escolhidas!, da\u00a0Cia Terezinha de Conta\u00e7\u00e3o de Hist\u00f3rias, media\u00e7\u00e3o voltada a crian\u00e7as e familiares que re\u00fane narrativas de livros contempor\u00e2neos, m\u00fasicas e brincadeiras. Entre adivinhas, parlendas e trava-l\u00ednguas, a atividade prop\u00f5e uma experi\u00eancia l\u00fadica de escuta e participa\u00e7\u00e3o, incentivando o gosto pela leitura e o fortalecimento de v\u00ednculos afetivos.<\/p>\n<p>\u00a0<\/p>\n<p>Na\u00a0m\u00fasica, o grupo\u00a0Clube do Balan\u00e7o\u00a0celebra sua trajet\u00f3ria com o show\u00a025 Anos de Clube do Balan\u00e7o. Reconhecida como uma das bandas respons\u00e1veis pelo resgate do samba-rock nos anos 1990, a forma\u00e7\u00e3o apresenta um repert\u00f3rio marcado por sucessos como\u00a0Coqueiro Verde,\u00a0Paz e Arroz,\u00a0Sabad\u00e1\u00a0e\u00a0Na Galha do Cajueiro, convidando o p\u00fablico a dan\u00e7ar ao som de sua sonoridade vibrante.<\/p>\n<p>\u00a0<\/p>\n<p>J\u00e1 o artista\u00a0Jeronimo Agurto\u00a0conduz a oficina de\u00a0artes visuais\u00a0Aeroflexia: Avi\u00f5es de papel para todos, atividade que convida participantes de todas as idades a construir avi\u00f5es de papel e outros origamis voadores sem o uso de cortes ou cola. Entre experimenta\u00e7\u00e3o, brincadeira e princ\u00edpios simples de aerodin\u00e2mica, a proposta estimula criatividade, curiosidade e o prazer de aprender fazendo.<\/p>\n<p>\u00a0<\/p>\n<p>Completando a programa\u00e7\u00e3o, o\u00a0cinema\u00a0marca presen\u00e7a com a interven\u00e7\u00e3o audiovisual\u00a080 Anos de Hist\u00f3ria: Um Sesc pra chamar de seu. A experi\u00eancia imersiva convida o p\u00fablico a interagir com um curta de anima\u00e7\u00e3o que revisita a trajet\u00f3ria do Sesc S\u00e3o Paulo e destaca o papel da institui\u00e7\u00e3o como uma rede de cultura, educa\u00e7\u00e3o e conviv\u00eancia constru\u00edda coletivamente ao longo de oito d\u00e9cadas.<\/p>\n<p>\u00a0<\/p>\n<p>Literatura, mem\u00f3ria e pertencimento<\/p>\n<p>Em 2026, o Sesc S\u00e3o Paulo amplia sua atua\u00e7\u00e3o nos territ\u00f3rios com a cria\u00e7\u00e3o da Mala de Livros, iniciativa que fortalece o acesso \u00e0 leitura e prolonga a presen\u00e7a do Circuito nos munic\u00edpios participantes. Ao todo, 23 malas viajantes com cerca de 70 t\u00edtulos cada circular\u00e3o por cidades dos diferentes roteiros, permanecendo por aproximadamente tr\u00eas meses em empresas ou institui\u00e7\u00f5es parceiras, onde ficar\u00e3o dispon\u00edveis ao p\u00fablico atendido ou a funcion\u00e1rios. A proposta busca estimular encontros entre leitores e futuros leitores e formar uma rede de leitura que se expande pelos territ\u00f3rios. Ap\u00f3s a primeira etapa, entre junho e novembro, novas malas ser\u00e3o enviadas para ampliar o alcance da iniciativa.<\/p>\n<p>\u00a0<\/p>\n<p>Central de Relacionamento e Loja Sesc nas pra\u00e7as<\/p>\n<p>Durante o per\u00edodo do Circuito, trabalhadores e trabalhadoras do com\u00e9rcio de bens, servi\u00e7os e turismo poder\u00e3o emitir gratuitamente a Credencial Plena do Sesc S\u00e3o Paulo em um ponto f\u00edsico instalado na pr\u00f3pria pra\u00e7a onde acontecem as atividades. A a\u00e7\u00e3o facilita o acesso ao credenciamento e refor\u00e7a a import\u00e2ncia da presen\u00e7a do Sesc no territ\u00f3rio.<\/p>\n<p>\u00a0<\/p>\n<p>Podem se credenciar pessoas com v\u00ednculo empregat\u00edcio em empresas privadas do com\u00e9rcio de bens, servi\u00e7os e turismo, incluindo empregados com carteira assinada (em atividade ou licen\u00e7a), tempor\u00e1rios, jovens aprendizes, estagi\u00e1rios, aposentados e desempregados h\u00e1 at\u00e9 24 meses. A Credencial Plena garante acesso a uma ampla rede de benef\u00edcios nas unidades do Sesc, como valores diferenciados em cursos, espet\u00e1culos, atividades esportivas, turismo social e servi\u00e7os.\u00a0<\/p>\n<p>\u00a0<\/p>\n<p>Outra novidade desta edi\u00e7\u00e3o \u00e9 a presen\u00e7a, pela primeira vez, de lojas f\u00edsicas no Circuito. O p\u00fablico poder\u00e1 conhecer a Loja Sesc, j\u00e1 presente em 43 unidades do Sesc S\u00e3o Paulo, agora tamb\u00e9m integrada \u00e0 programa\u00e7\u00e3o do evento que leva um cat\u00e1logo que re\u00fane livros, CDs, DVDs e produtos exclusivos para o Circuito. O espa\u00e7o amplia a experi\u00eancia cultural e estimula a valoriza\u00e7\u00e3o da produ\u00e7\u00e3o art\u00edstica brasileira.<\/p>\n<\/p><\/div>\n<p><script async defer crossorigin=\"anonymous\" src=\"https:\/\/connect.facebook.net\/pt_BR\/sdk.js#xfbml=1&#038;version=v12.0&#038;appId=&#038;autoLogAppEvents=1\" nonce=\"ou0fI1lo\"><\/script><br \/>\n<br \/><br \/>\n<br \/>Fonte: <a href=\"https:\/\/www.bs9.com.br\/litoral\/regiao-da-baixada-santista-recebe-atividades-gratuitas-do-circuito\/39071\/\">BS9<\/a><\/p>\n","protected":false},"excerpt":{"rendered":"<p>At\u00e9 26 de abril, o\u00a0Circuito Sesc de Artes\u00a0chega \u00e0 sua 18\u00aa edi\u00e7\u00e3o e integra as comemora\u00e7\u00f5es dos 80 anos do Sesc S\u00e3o Paulo, consolidando-se como a maior edi\u00e7\u00e3o realizada. Ao longo de seis semanas, 133 munic\u00edpios da Grande S\u00e3o Paulo, do interior e do litoral receber\u00e3o 123 atividades art\u00edsticas gratuitas divididas em 12 roteiros diferentes, [&hellip;]<\/p>\n","protected":false},"author":5,"featured_media":74628,"comment_status":"open","ping_status":"open","sticky":false,"template":"","format":"standard","meta":{"_seopress_robots_primary_cat":"","_seopress_titles_title":"","_seopress_titles_desc":"","_seopress_robots_index":"","footnotes":""},"categories":[52],"tags":[],"class_list":["post-74627","post","type-post","status-publish","format-standard","has-post-thumbnail","hentry","category-santoseregiao"],"_links":{"self":[{"href":"https:\/\/mussicom.com\/noticias\/wp-json\/wp\/v2\/posts\/74627","targetHints":{"allow":["GET"]}}],"collection":[{"href":"https:\/\/mussicom.com\/noticias\/wp-json\/wp\/v2\/posts"}],"about":[{"href":"https:\/\/mussicom.com\/noticias\/wp-json\/wp\/v2\/types\/post"}],"author":[{"embeddable":true,"href":"https:\/\/mussicom.com\/noticias\/wp-json\/wp\/v2\/users\/5"}],"replies":[{"embeddable":true,"href":"https:\/\/mussicom.com\/noticias\/wp-json\/wp\/v2\/comments?post=74627"}],"version-history":[{"count":0,"href":"https:\/\/mussicom.com\/noticias\/wp-json\/wp\/v2\/posts\/74627\/revisions"}],"wp:featuredmedia":[{"embeddable":true,"href":"https:\/\/mussicom.com\/noticias\/wp-json\/wp\/v2\/media\/74628"}],"wp:attachment":[{"href":"https:\/\/mussicom.com\/noticias\/wp-json\/wp\/v2\/media?parent=74627"}],"wp:term":[{"taxonomy":"category","embeddable":true,"href":"https:\/\/mussicom.com\/noticias\/wp-json\/wp\/v2\/categories?post=74627"},{"taxonomy":"post_tag","embeddable":true,"href":"https:\/\/mussicom.com\/noticias\/wp-json\/wp\/v2\/tags?post=74627"}],"curies":[{"name":"wp","href":"https:\/\/api.w.org\/{rel}","templated":true}]}}