{"id":74567,"date":"2026-04-22T10:07:44","date_gmt":"2026-04-22T13:07:44","guid":{"rendered":"https:\/\/mussicom.com\/alckmin-troca-ministro-do-empreendedorismo-apos-pedido-de-demissao-por-pressao-interna-no-psb\/"},"modified":"2026-04-22T10:07:44","modified_gmt":"2026-04-22T13:07:44","slug":"alckmin-troca-ministro-do-empreendedorismo-apos-pedido-de-demissao-por-pressao-interna-no-psb","status":"publish","type":"post","link":"https:\/\/mussicom.com\/noticias\/alckmin-troca-ministro-do-empreendedorismo-apos-pedido-de-demissao-por-pressao-interna-no-psb\/","title":{"rendered":"Alckmin troca ministro do Empreendedorismo ap\u00f3s pedido de demiss\u00e3o por press\u00e3o interna no PSB"},"content":{"rendered":"<p> <br \/>\n<\/p>\n<div id=\"tp-post-content\">\n<p class=\"postParagraph_post-paragraph__juWZN postParagraph_post-paragraph-innerHtml__Q5vwc\">O vice-presidente Geraldo Alckmin (PSB) nomeou Paulo Henrique Rodrigues Pereira para o cargo de ministro do Empreendedorismo ap\u00f3s o ent\u00e3o ocupante, Tadeu Alencar, relatar press\u00e3o do PSB, partido ao qual \u00e9 filiado, e decidir pedir demiss\u00e3o. A nomea\u00e7\u00e3o foi publicada na edi\u00e7\u00e3o desta quarta-feira (22) do Di\u00e1rio Oficial da Uni\u00e3o.<\/p>\n<p class=\"postParagraph_post-paragraph__juWZN postParagraph_post-paragraph-innerHtml__Q5vwc\">Tanto ex quanto atual ministro s\u00e3o vinculados ao partido presidido por Jo\u00e3o Campos. Rodrigues Pereira foi secret\u00e1rio nacional de Justi\u00e7a enquanto Ricardo Lewandowski era ministro da Justi\u00e7a e Seguran\u00e7a P\u00fablica. O cargo foi deixado por M\u00e1rcio Fran\u00e7a (PSB), que \u00e9 pr\u00e9-candidato ao Senado por S\u00e3o Paulo. Com isso, seu secret\u00e1rio-executivo assumiu.<\/p>\n<p class=\"postParagraph_post-paragraph__juWZN postParagraph_post-paragraph-innerHtml__Q5vwc\">Em suas redes sociais, Alencar negou que tenha reivindicado ou articulado em prol de sua nomea\u00e7\u00e3o. &#8220;A minha nomea\u00e7\u00e3o para Ministro do Empreendedorismo, sobre ser uma honra para qualquer servidor p\u00fablico de carreira, terminou por acarretar tens\u00f5es no meu partido, o PSB, que s\u00e3o, sob todos os aspectos, indesej\u00e1veis&#8221;, contou.<\/p>\n<div class=\"postViewMore_post-view-more-container___5wai\" data-mrf-recirculation=\"Post - Veja tamb\u00e9m\">\n<p class=\"gp-styles-module-size-small-afeYRa gp-styles-module-font-family2-afeYRa gp-styles-module-color-secondary-afeYRa gp-styles-module-weight-bold-afeYRa\">VEJA TAMB\u00c9M:<\/p>\n<ul class=\"postViewMore_post-view-more-list__CU_CE\">\n<li class=\"postViewMore_post-view-more-item__2MzRb\"><span class=\"postViewMore_post-view-more-link-icon___stPC\"><svg xmlns=\"http:\/\/www.w3.org\/2000\/svg\" width=\"16\" height=\"16\" viewbox=\"0 0 16 16\"><rect width=\"16\" height=\"16\" fill=\"none\"\/><g transform=\"translate(3 3)\"><path d=\"M22.5,15l3.4,3.4-3.4,3.4\" transform=\"translate(-15.896 -11.793)\" fill=\"none\" stroke=\"#717171\" stroke-linecap=\"round\" stroke-width=\"1.4\"\/><path d=\"M6,6v4.2a2.452,2.452,0,0,0,2.5,2.4H16\" transform=\"translate(-6 -6)\" fill=\"none\" stroke=\"#717171\" stroke-linecap=\"round\" stroke-width=\"1.4\"\/><\/g><\/svg><\/span><span class=\"postViewMore_post-view-more-link-text__hO_kM\">M\u00e1rcio Fran\u00e7a deixa governo Lula para disputar elei\u00e7\u00e3o em S\u00e3o Paulo<\/span><\/li>\n<li class=\"postViewMore_post-view-more-item__2MzRb\"><span class=\"postViewMore_post-view-more-link-icon___stPC\"><svg xmlns=\"http:\/\/www.w3.org\/2000\/svg\" width=\"16\" height=\"16\" viewbox=\"0 0 16 16\"><rect width=\"16\" height=\"16\" fill=\"none\"\/><g transform=\"translate(3 3)\"><path d=\"M22.5,15l3.4,3.4-3.4,3.4\" transform=\"translate(-15.896 -11.793)\" fill=\"none\" stroke=\"#717171\" stroke-linecap=\"round\" stroke-width=\"1.4\"\/><path d=\"M6,6v4.2a2.452,2.452,0,0,0,2.5,2.4H16\" transform=\"translate(-6 -6)\" fill=\"none\" stroke=\"#717171\" stroke-linecap=\"round\" stroke-width=\"1.4\"\/><\/g><\/svg><\/span><span class=\"postViewMore_post-view-more-link-text__hO_kM\">PT de S\u00e3o Paulo confirma Haddad na disputa contra Tarc\u00edsio ao governo do estado<\/span><\/li>\n<\/ul>\n<\/div>\n<p class=\"postParagraph_post-paragraph__juWZN postParagraph_post-paragraph-innerHtml__Q5vwc\">O novo ministro \u00e9 doutor em Filosofia e Direito e professor na Faculdade de Direito do Largo de S\u00e3o Francisco, da Universidade de S\u00e3o Paulo (USP), mesma institui\u00e7\u00e3o em que leciona o ministro do Supremo Tribunal Federal (STF) Alexandre de Moraes.<\/p>\n<p class=\"postParagraph_post-paragraph__juWZN postParagraph_post-paragraph-innerHtml__Q5vwc\">J\u00e1 o ex-ministro tem um perfil mais pol\u00edtico. Advogado e especialista em Direito Tribut\u00e1rio, Tadeu Alencar venceu as elei\u00e7\u00f5es em 2022 como deputado federal, para exercer seu terceiro mandato consecutivo, mas se licenciou para atuar na Esplanada. Advogado, foi secret\u00e1rio nacional de Seguran\u00e7a P\u00fablica durante a gest\u00e3o de Fl\u00e1vio Dino no Minist\u00e9rio da Justi\u00e7a e Seguran\u00e7a P\u00fablica.<\/p>\n<p class=\"postParagraph_post-paragraph__juWZN postParagraph_post-paragraph-innerHtml__Q5vwc\">O PSB conseguiu manter o vice-presidente, Geraldo Alckmin, na chapa do presidente Lula (PT) para as elei\u00e7\u00f5es de 2026. Em troca, Alckmin deve ajudar o ex-ministro da Fazenda Fernando Haddad (PT) em sua campanha ao governo paulista, sobretudo no interior.<\/p>\n<\/div>\n<p><br \/>\n<br \/>Fonte: <a href=\"https:\/\/www.gazetadopovo.com.br\/republica\/alckmin-troca-ministro-do-empreendedorismo-apos-pedido-de-demissao-por-pressao-interna-no-psb\/\">Revista Oeste<\/a><\/p>\n","protected":false},"excerpt":{"rendered":"<p>O vice-presidente Geraldo Alckmin (PSB) nomeou Paulo Henrique Rodrigues Pereira para o cargo de ministro do Empreendedorismo ap\u00f3s o ent\u00e3o ocupante, Tadeu Alencar, relatar press\u00e3o do PSB, partido ao qual \u00e9 filiado, e decidir pedir demiss\u00e3o. A nomea\u00e7\u00e3o foi publicada na edi\u00e7\u00e3o desta quarta-feira (22) do Di\u00e1rio Oficial da Uni\u00e3o. Tanto ex quanto atual ministro [&hellip;]<\/p>\n","protected":false},"author":5,"featured_media":74568,"comment_status":"open","ping_status":"open","sticky":false,"template":"","format":"standard","meta":{"_seopress_robots_primary_cat":"","_seopress_titles_title":"","_seopress_titles_desc":"","_seopress_robots_index":"","footnotes":""},"categories":[1],"tags":[],"class_list":["post-74567","post","type-post","status-publish","format-standard","has-post-thumbnail","hentry","category-ultimas-noticias"],"_links":{"self":[{"href":"https:\/\/mussicom.com\/noticias\/wp-json\/wp\/v2\/posts\/74567","targetHints":{"allow":["GET"]}}],"collection":[{"href":"https:\/\/mussicom.com\/noticias\/wp-json\/wp\/v2\/posts"}],"about":[{"href":"https:\/\/mussicom.com\/noticias\/wp-json\/wp\/v2\/types\/post"}],"author":[{"embeddable":true,"href":"https:\/\/mussicom.com\/noticias\/wp-json\/wp\/v2\/users\/5"}],"replies":[{"embeddable":true,"href":"https:\/\/mussicom.com\/noticias\/wp-json\/wp\/v2\/comments?post=74567"}],"version-history":[{"count":0,"href":"https:\/\/mussicom.com\/noticias\/wp-json\/wp\/v2\/posts\/74567\/revisions"}],"wp:featuredmedia":[{"embeddable":true,"href":"https:\/\/mussicom.com\/noticias\/wp-json\/wp\/v2\/media\/74568"}],"wp:attachment":[{"href":"https:\/\/mussicom.com\/noticias\/wp-json\/wp\/v2\/media?parent=74567"}],"wp:term":[{"taxonomy":"category","embeddable":true,"href":"https:\/\/mussicom.com\/noticias\/wp-json\/wp\/v2\/categories?post=74567"},{"taxonomy":"post_tag","embeddable":true,"href":"https:\/\/mussicom.com\/noticias\/wp-json\/wp\/v2\/tags?post=74567"}],"curies":[{"name":"wp","href":"https:\/\/api.w.org\/{rel}","templated":true}]}}