{"id":74563,"date":"2026-04-22T09:19:43","date_gmt":"2026-04-22T12:19:43","guid":{"rendered":"https:\/\/mussicom.com\/feira-internacional-revela-os-novos-rumos-do-agro-global\/"},"modified":"2026-04-22T09:19:43","modified_gmt":"2026-04-22T12:19:43","slug":"feira-internacional-revela-os-novos-rumos-do-agro-global","status":"publish","type":"post","link":"https:\/\/mussicom.com\/noticias\/feira-internacional-revela-os-novos-rumos-do-agro-global\/","title":{"rendered":"Feira internacional revela os novos rumos do agro global"},"content":{"rendered":"<p> <br \/>\n<\/p>\n<div>\n<p>A cadeia global de frutas e hortali\u00e7as volta os olhos nesta semana para a Europa, em um encontro marcado por neg\u00f3cios, inova\u00e7\u00e3o e debate sobre os desafios do setor. A feira re\u00fane representantes de diferentes pa\u00edses, compradores internacionais e empresas da cadeia produtiva, em um momento de aten\u00e7\u00e3o crescente a temas como clima, log\u00edstica e competitividade.&#13;\n<\/p>\n<p>A 43\u00aa edi\u00e7\u00e3o da Macfrut foi aberta nesta ter\u00e7a-feira, 21 de abril, no Rimini Expo Centre, na It\u00e1lia, com a presen\u00e7a do ministro da Agricultura, Francesco Lollobrigida, e de ministros de Camar\u00f5es, L\u00edbano, Senegal e S\u00edria. Na abertura, o evento foi apresentado como uma plataforma para ampliar rela\u00e7\u00f5es comerciais e fortalecer la\u00e7os com mercados de v\u00e1rias regi\u00f5es, com destaque para \u00c1frica e Oriente M\u00e9dio.<\/p>\n<p>\u201cVamos continuar trabalhando nessa dire\u00e7\u00e3o porque se trata de uma cadeia de alta qualidade, capaz de gerar riqueza, emprego e desenvolvimento. Eventos como este s\u00e3o essenciais para promover o sistema italiano e fortalecer nossa presen\u00e7a nos mercados internacionais. A Macfrut demonstra a capacidade da It\u00e1lia de estar na vanguarda e de oferecer oportunidades de desenvolvimento a outras na\u00e7\u00f5es, especialmente na \u00c1frica e no Oriente M\u00e9dio. A Macfrut \u00e9 mais do que uma feira comercial; \u00e9 uma oportunidade para construir rela\u00e7\u00f5es e fortalecer la\u00e7os em todo o mundo\u201d, disse Lollobrigida.&#13;\n<\/p>\n<p>Segundo Lorenzo Galanti, diretor-geral da Agenzia ICE, a feira trouxe neste ano 920 operadores internacionais qualificados de mais de 80 pa\u00edses, mais que o dobro do volume registrado na edi\u00e7\u00e3o passada. J\u00e1 est\u00e3o programadas mais de 5 mil reuni\u00f5es de neg\u00f3cios entre compradores estrangeiros e expositores italianos. \u201cIsso representa um avan\u00e7o importante para um evento que j\u00e1 tem forte perfil internacional, ao destacar uma cadeia produtiva crucial para as exporta\u00e7\u00f5es italianas e evidenciar as principais tend\u00eancias em inova\u00e7\u00e3o e sustentabilidade\u201d, afirmou.<\/p>\n<p>Estudo da Nomisma apresentado na abertura mostra a for\u00e7a da horticultura italiana. O setor re\u00fane mais de 150 mil empresas em 887 mil hectares, com valor de produ\u00e7\u00e3o de 17 bilh\u00f5es de euros, o equivalente a 26% do agroalimentar nacional. Em 2025, as exporta\u00e7\u00f5es de frutas e hortali\u00e7as frescas e processadas chegaram a 12,9 bilh\u00f5es de euros, ou 18% do total exportado pelo segmento agroalimentar.&#13;\n<\/p>\n<p>\u201cEsta edi\u00e7\u00e3o se destaca pela forte participa\u00e7\u00e3o internacional, confirmando o car\u00e1ter global do evento. O setor de frutas e hortali\u00e7as \u00e9 estrat\u00e9gico para a It\u00e1lia, respondendo por cerca de um quarto da produ\u00e7\u00e3o agr\u00edcola nacional. A Macfrut \u00e9 o espa\u00e7o onde toda a cadeia produtiva se re\u00fane para fazer neg\u00f3cios e identificar as principais tend\u00eancias que moldam o futuro do setor, impulsionado por inova\u00e7\u00e3o, sustentabilidade e conectividade\u201d, concluiu Patrizio Neri, presidente da Macfrut.<br \/>&#13;<br \/>\n\u00a0<\/p>\n<\/p><\/div>\n<p><script data-cfasync=\"false\">\n    !function (f, b, e, v, n, t, s) {\n        if (f.fbq) return; n = f.fbq = function () {\n            n.callMethod ?\n                n.callMethod.apply(n, arguments) : n.queue.push(arguments)\n        };\n        if (!f._fbq) f._fbq = n; n.push = n; n.loaded = !0; n.version = '2.0';\n        n.queue = []; t = b.createElement(e); t.async = !0;\n        t.src = v; s = b.getElementsByTagName(e)[0];\n        s.parentNode.insertBefore(t, s)\n    }(window, document, 'script',\n        'https:\/\/connect.facebook.net\/en_US\/fbevents.js');\n    fbq('init', '522546078623747');\n    fbq('track', 'PageView');\n<\/script><br \/>\n<br \/><br \/>\n<br \/>Fonte: <a href=\"https:\/\/www.agrolink.com.br\/noticias\/feira-internacional-revela-os-novos-rumos-do-agro-global_513350.html\">AGROLINK<\/a><\/p>\n","protected":false},"excerpt":{"rendered":"<p>A cadeia global de frutas e hortali\u00e7as volta os olhos nesta semana para a Europa, em um encontro marcado por neg\u00f3cios, inova\u00e7\u00e3o e debate sobre os desafios do setor. A feira re\u00fane representantes de diferentes pa\u00edses, compradores internacionais e empresas da cadeia produtiva, em um momento de aten\u00e7\u00e3o crescente a temas como clima, log\u00edstica e [&hellip;]<\/p>\n","protected":false},"author":5,"featured_media":74564,"comment_status":"open","ping_status":"open","sticky":false,"template":"","format":"standard","meta":{"_seopress_robots_primary_cat":"","_seopress_titles_title":"","_seopress_titles_desc":"","_seopress_robots_index":"","footnotes":""},"categories":[53],"tags":[],"class_list":["post-74563","post","type-post","status-publish","format-standard","has-post-thumbnail","hentry","category-agronegocio"],"_links":{"self":[{"href":"https:\/\/mussicom.com\/noticias\/wp-json\/wp\/v2\/posts\/74563","targetHints":{"allow":["GET"]}}],"collection":[{"href":"https:\/\/mussicom.com\/noticias\/wp-json\/wp\/v2\/posts"}],"about":[{"href":"https:\/\/mussicom.com\/noticias\/wp-json\/wp\/v2\/types\/post"}],"author":[{"embeddable":true,"href":"https:\/\/mussicom.com\/noticias\/wp-json\/wp\/v2\/users\/5"}],"replies":[{"embeddable":true,"href":"https:\/\/mussicom.com\/noticias\/wp-json\/wp\/v2\/comments?post=74563"}],"version-history":[{"count":0,"href":"https:\/\/mussicom.com\/noticias\/wp-json\/wp\/v2\/posts\/74563\/revisions"}],"wp:featuredmedia":[{"embeddable":true,"href":"https:\/\/mussicom.com\/noticias\/wp-json\/wp\/v2\/media\/74564"}],"wp:attachment":[{"href":"https:\/\/mussicom.com\/noticias\/wp-json\/wp\/v2\/media?parent=74563"}],"wp:term":[{"taxonomy":"category","embeddable":true,"href":"https:\/\/mussicom.com\/noticias\/wp-json\/wp\/v2\/categories?post=74563"},{"taxonomy":"post_tag","embeddable":true,"href":"https:\/\/mussicom.com\/noticias\/wp-json\/wp\/v2\/tags?post=74563"}],"curies":[{"name":"wp","href":"https:\/\/api.w.org\/{rel}","templated":true}]}}