{"id":74521,"date":"2026-04-21T23:09:22","date_gmt":"2026-04-22T02:09:22","guid":{"rendered":"https:\/\/mussicom.com\/frente-fria-e-calor-extremo-marcam-o-feriado-de-tiradentes\/"},"modified":"2026-04-21T23:09:22","modified_gmt":"2026-04-22T02:09:22","slug":"frente-fria-e-calor-extremo-marcam-o-feriado-de-tiradentes","status":"publish","type":"post","link":"https:\/\/mussicom.com\/noticias\/frente-fria-e-calor-extremo-marcam-o-feriado-de-tiradentes\/","title":{"rendered":"frente fria e calor extremo marcam o feriado de Tiradentes"},"content":{"rendered":"<p> <br \/>\n<\/p>\n<div>\n<p style=\"text-align:justify\">Com base em informa\u00e7\u00f5es do Meteored, a forma\u00e7\u00e3o de um ciclone entre a Argentina e o Uruguai deve provocar mudan\u00e7as no tempo em parte do Brasil entre domingo (19) e segunda-feira (20). O sistema de baixa press\u00e3o tende a se intensificar e avan\u00e7ar com uma frente fria associada, favorecendo a ocorr\u00eancia de chuvas em diferentes regi\u00f5es do pa\u00eds.&#13;\n<\/p>\n<p style=\"text-align:justify\">De acordo com a previs\u00e3o, ainda na segunda-feira (20), especialmente entre a tarde e a noite, tempestades devem atingir grande parte do Rio Grande do Sul, al\u00e9m do extremo oeste de Santa Catarina e do Paran\u00e1 e o sul de Mato Grosso do Sul. Ao longo da ter\u00e7a-feira (21), os sistemas avan\u00e7am e alcan\u00e7am outras \u00e1reas da Regi\u00e3o Sul.<\/p>\n<p style=\"text-align:justify\">Os acumulados de chuva podem chegar a 100 mil\u00edmetros at\u00e9 o fim do feriado, com possibilidade de transtornos como alagamentos em \u00e1reas urbanas e rajadas de vento de at\u00e9 70 km\/h, o que pode resultar na queda de galhos e interrup\u00e7\u00f5es no fornecimento de energia el\u00e9trica.&#13;\n<\/p>\n<p style=\"text-align:justify\">Ap\u00f3s a passagem das instabilidades, uma massa de ar frio deve avan\u00e7ar sobre a Regi\u00e3o Sul. Conforme indicado, o sistema alcan\u00e7a o Rio Grande do Sul na ter\u00e7a-feira (21) e se desloca para Santa Catarina, oeste do Paran\u00e1 e oeste do Mato Grosso do Sul na quarta-feira (22), sem previs\u00e3o de avan\u00e7o at\u00e9 o Sudeste durante o per\u00edodo.<\/p>\n<p style=\"text-align:justify\">Com a entrada do ar frio, as temperaturas m\u00e1ximas no Rio Grande do Sul devem recuar, podendo ficar pr\u00f3ximas de 20\u00b0C, com registros pontuais de at\u00e9 18\u00b0C. Em contraste, regi\u00f5es do Sudeste e do Centro-Oeste devem registrar calor, com m\u00e1ximas que podem alcan\u00e7ar 36\u00b0C.&#13;\n<\/p>\n<p style=\"text-align:justify\">Esse contraste t\u00e9rmico est\u00e1 associado ao efeito pr\u00e9-frontal, que antecede a chegada da frente fria. Nessas condi\u00e7\u00f5es, ventos vindos do norte transportam ar quente, aumentando a temperatura em \u00e1reas ao norte do sistema, mesmo sem a chegada direta da frente fria.<\/p>\n<p style=\"text-align:justify\">Diante do cen\u00e1rio, a recomenda\u00e7\u00e3o \u00e9 evitar \u00e1reas de risco durante epis\u00f3dios de chuva intensa, especialmente locais sujeitos a alagamentos ou deslizamentos, al\u00e9m de n\u00e3o enfrentar correntezas, mesmo que aparentem baixo volume de \u00e1gua.<\/p>\n<\/p><\/div>\n<p><script data-cfasync=\"false\">\n    !function (f, b, e, v, n, t, s) {\n        if (f.fbq) return; n = f.fbq = function () {\n            n.callMethod ?\n                n.callMethod.apply(n, arguments) : n.queue.push(arguments)\n        };\n        if (!f._fbq) f._fbq = n; n.push = n; n.loaded = !0; n.version = '2.0';\n        n.queue = []; t = b.createElement(e); t.async = !0;\n        t.src = v; s = b.getElementsByTagName(e)[0];\n        s.parentNode.insertBefore(t, s)\n    }(window, document, 'script',\n        'https:\/\/connect.facebook.net\/en_US\/fbevents.js');\n    fbq('init', '522546078623747');\n    fbq('track', 'PageView');\n<\/script><br \/>\n<br \/><br \/>\n<br \/>Fonte: <a href=\"https:\/\/www.agrolink.com.br\/noticias\/forte-frente-fria-provoca-tempestades-e-intenso-contraste-termico-no-feriado-de-tiradentes--21-de-abril_513302.html\">AGROLINK<\/a><\/p>\n","protected":false},"excerpt":{"rendered":"<p>Com base em informa\u00e7\u00f5es do Meteored, a forma\u00e7\u00e3o de um ciclone entre a Argentina e o Uruguai deve provocar mudan\u00e7as no tempo em parte do Brasil entre domingo (19) e segunda-feira (20). O sistema de baixa press\u00e3o tende a se intensificar e avan\u00e7ar com uma frente fria associada, favorecendo a ocorr\u00eancia de chuvas em diferentes [&hellip;]<\/p>\n","protected":false},"author":5,"featured_media":74522,"comment_status":"open","ping_status":"open","sticky":false,"template":"","format":"standard","meta":{"_seopress_robots_primary_cat":"","_seopress_titles_title":"","_seopress_titles_desc":"","_seopress_robots_index":"","footnotes":""},"categories":[53],"tags":[],"class_list":["post-74521","post","type-post","status-publish","format-standard","has-post-thumbnail","hentry","category-agronegocio"],"_links":{"self":[{"href":"https:\/\/mussicom.com\/noticias\/wp-json\/wp\/v2\/posts\/74521","targetHints":{"allow":["GET"]}}],"collection":[{"href":"https:\/\/mussicom.com\/noticias\/wp-json\/wp\/v2\/posts"}],"about":[{"href":"https:\/\/mussicom.com\/noticias\/wp-json\/wp\/v2\/types\/post"}],"author":[{"embeddable":true,"href":"https:\/\/mussicom.com\/noticias\/wp-json\/wp\/v2\/users\/5"}],"replies":[{"embeddable":true,"href":"https:\/\/mussicom.com\/noticias\/wp-json\/wp\/v2\/comments?post=74521"}],"version-history":[{"count":0,"href":"https:\/\/mussicom.com\/noticias\/wp-json\/wp\/v2\/posts\/74521\/revisions"}],"wp:featuredmedia":[{"embeddable":true,"href":"https:\/\/mussicom.com\/noticias\/wp-json\/wp\/v2\/media\/74522"}],"wp:attachment":[{"href":"https:\/\/mussicom.com\/noticias\/wp-json\/wp\/v2\/media?parent=74521"}],"wp:term":[{"taxonomy":"category","embeddable":true,"href":"https:\/\/mussicom.com\/noticias\/wp-json\/wp\/v2\/categories?post=74521"},{"taxonomy":"post_tag","embeddable":true,"href":"https:\/\/mussicom.com\/noticias\/wp-json\/wp\/v2\/tags?post=74521"}],"curies":[{"name":"wp","href":"https:\/\/api.w.org\/{rel}","templated":true}]}}