{"id":74479,"date":"2026-04-21T17:55:24","date_gmt":"2026-04-21T20:55:24","guid":{"rendered":"https:\/\/mussicom.com\/israel-condena-soldados-por-ataque-a-estatua-de-jesus-no-libano\/"},"modified":"2026-04-21T17:55:24","modified_gmt":"2026-04-21T20:55:24","slug":"israel-condena-soldados-por-ataque-a-estatua-de-jesus-no-libano","status":"publish","type":"post","link":"https:\/\/mussicom.com\/noticias\/israel-condena-soldados-por-ataque-a-estatua-de-jesus-no-libano\/","title":{"rendered":"Israel condena soldados por ataque \u00e0 est\u00e1tua de Jesus no L\u00edbano"},"content":{"rendered":"<p> <br \/>\n<\/p>\n<div id=\"tp-post-content\">\n<p class=\"postParagraph_post-paragraph__juWZN postParagraph_post-paragraph-innerHtml__Q5vwc\">Israel decretou nesta ter\u00e7a-feira (21) condena\u00e7\u00e3o de 30 dias de pris\u00e3o militar e suspens\u00e3o do servi\u00e7o de linha de frente para o soldado que destruiu a marteladas uma est\u00e1tua que representa Jesus Cristo. A penalidade tamb\u00e9m foi estendia ao militar que filmou a a\u00e7\u00e3o na vila de Debel, no sul do L\u00edbano.<\/p>\n<p class=\"postParagraph_post-paragraph__juWZN postParagraph_post-paragraph-innerHtml__Q5vwc\">Segundo a ag\u00eancia EFE, a investiga\u00e7\u00e3o das For\u00e7as de Defesa de Israel (FDI) apontou que outros seis homens testemunharam a a\u00e7\u00e3o no \u00faltimo domingo (19), sem intervir no ato e nem denunciar o incidente. Esses militares foram convocados para uma reuni\u00e3o e podem sofrer \u201cmedidas adicionais\u201d.<\/p>\n<p class=\"postParagraph_post-paragraph__juWZN postParagraph_post-paragraph-innerHtml__Q5vwc\">Em comunicado emitido nesta ter\u00e7a-feira (21), as FDI confirmaram que a est\u00e1tua havia sido retirada de seu pedestal e estava ca\u00edda de cabe\u00e7a para baixo no ch\u00e3o, em frente \u00e0 igreja de Debel, quando um soldado israelense golpeou o rosto de Jesus crucificado.<\/p>\n<p class=\"postParagraph_post-paragraph__juWZN postParagraph_post-paragraph-innerHtml__Q5vwc\">&#8220;A investiga\u00e7\u00e3o determinou que a conduta do militar foi completamente contr\u00e1ria \u00e0s ordens e aos valores das FDI&#8221;, afirmou a nota, ao pontuar que as for\u00e7as israelenses expressam &#8220;profundo pesar pelo incidente&#8221; e est\u00e3o trabalhando com a comunidade local para substituir a est\u00e1tua.<\/p>\n<p class=\"postParagraph_post-paragraph__juWZN postParagraph_post-paragraph-innerHtml__Q5vwc\">Em entrevista \u00e0 ag\u00eancia de not\u00edcias Reuters, o sacerdote Fadi Falfel <strong>\u2014<\/strong> que atua na vila onde o ataque ocorreu \u2014 relatou que a cruz pertencia a um pequeno santu\u00e1rio no jardim de uma fam\u00edlia local.<\/p>\n<p class=\"postParagraph_post-paragraph__juWZN postParagraph_post-paragraph-innerHtml__Q5vwc\">Segundo as For\u00e7as de Defesa de Israel (FDI), as investiga\u00e7\u00f5es sobre o caso foram encerradas.<\/p>\n<h2 class=\"postParagraph_post-paragraph__juWZN postParagraph_post-paragraph-innerHtml__Q5vwc postParagraph_type-tag-h2__TtFkT\">Netanyahu condenou a\u00e7\u00e3o de soldado que atacou est\u00e1tua de Jesus <\/h2>\n<p class=\"postParagraph_post-paragraph__juWZN postParagraph_post-paragraph-innerHtml__Q5vwc\">Na \u00faltima segunda-feira (20), o primeiro-ministro de Israel, Benjamin Netanyahu, repudiou a atitude do militar israelense no sul do L\u00edbano. &#8220;Condeno este ato nos termos mais en\u00e9rgicos\u201d, disse o premi\u00ea pela rede social X.<\/p>\n<p class=\"postParagraph_post-paragraph__juWZN postParagraph_post-paragraph-innerHtml__Q5vwc\">&#8220;Lamentamos profundamente o incidente e o dano que possa ter causado aos fi\u00e9is no L\u00edbano e em todo o mundo&#8221;, acrescentou Netanyahu, ao reiterar &#8220;os valores judaicos de toler\u00e2ncia e respeito m\u00fatuo&#8221;.<\/p>\n<h2 class=\"postParagraph_post-paragraph__juWZN postParagraph_post-paragraph-innerHtml__Q5vwc postParagraph_type-tag-h2__TtFkT\">L\u00edderes cat\u00f3licos da Terra Santa exigiram a\u00e7\u00e3o disciplinar imediata<\/h2>\n<p class=\"postParagraph_post-paragraph__juWZN postParagraph_post-paragraph-innerHtml__Q5vwc\">Segundo a ag\u00eancia EFE, a Assembleia dos Ordin\u00e1rios Cat\u00f3licos da Terra Santa (ACOHL) tamb\u00e9m condenou o ataque \u00e0 est\u00e1tua de Jesus Cristo e exigiu aplica\u00e7\u00e3o de &#8220;a\u00e7\u00e3o disciplinar imediata e determinante&#8221;.<\/p>\n<p class=\"postParagraph_post-paragraph__juWZN postParagraph_post-paragraph-innerHtml__Q5vwc\">A ACOHL apontou que o ato &#8220;se soma a outros incidentes relatados de profana\u00e7\u00e3o de s\u00edmbolos crist\u00e3os por soldados das For\u00e7as de Defesa de Israel no sul do L\u00edbano&#8221; e compromete o respeito &#8220;pelo sagrado e pela dignidade dos demais&#8221;.<\/p>\n<\/div>\n<p><br \/>\n<br \/>Fonte: <a href=\"https:\/\/www.gazetadopovo.com.br\/mundo\/israel-condena-dois-soldados-por-ataque-a-estatua-de-jesus-no-libano\/\">Revista Oeste<\/a><\/p>\n","protected":false},"excerpt":{"rendered":"<p>Israel decretou nesta ter\u00e7a-feira (21) condena\u00e7\u00e3o de 30 dias de pris\u00e3o militar e suspens\u00e3o do servi\u00e7o de linha de frente para o soldado que destruiu a marteladas uma est\u00e1tua que representa Jesus Cristo. A penalidade tamb\u00e9m foi estendia ao militar que filmou a a\u00e7\u00e3o na vila de Debel, no sul do L\u00edbano. Segundo a ag\u00eancia [&hellip;]<\/p>\n","protected":false},"author":5,"featured_media":74480,"comment_status":"open","ping_status":"open","sticky":false,"template":"","format":"standard","meta":{"_seopress_robots_primary_cat":"","_seopress_titles_title":"","_seopress_titles_desc":"","_seopress_robots_index":"","footnotes":""},"categories":[48],"tags":[],"class_list":["post-74479","post","type-post","status-publish","format-standard","has-post-thumbnail","hentry","category-internacional"],"_links":{"self":[{"href":"https:\/\/mussicom.com\/noticias\/wp-json\/wp\/v2\/posts\/74479","targetHints":{"allow":["GET"]}}],"collection":[{"href":"https:\/\/mussicom.com\/noticias\/wp-json\/wp\/v2\/posts"}],"about":[{"href":"https:\/\/mussicom.com\/noticias\/wp-json\/wp\/v2\/types\/post"}],"author":[{"embeddable":true,"href":"https:\/\/mussicom.com\/noticias\/wp-json\/wp\/v2\/users\/5"}],"replies":[{"embeddable":true,"href":"https:\/\/mussicom.com\/noticias\/wp-json\/wp\/v2\/comments?post=74479"}],"version-history":[{"count":0,"href":"https:\/\/mussicom.com\/noticias\/wp-json\/wp\/v2\/posts\/74479\/revisions"}],"wp:featuredmedia":[{"embeddable":true,"href":"https:\/\/mussicom.com\/noticias\/wp-json\/wp\/v2\/media\/74480"}],"wp:attachment":[{"href":"https:\/\/mussicom.com\/noticias\/wp-json\/wp\/v2\/media?parent=74479"}],"wp:term":[{"taxonomy":"category","embeddable":true,"href":"https:\/\/mussicom.com\/noticias\/wp-json\/wp\/v2\/categories?post=74479"},{"taxonomy":"post_tag","embeddable":true,"href":"https:\/\/mussicom.com\/noticias\/wp-json\/wp\/v2\/tags?post=74479"}],"curies":[{"name":"wp","href":"https:\/\/api.w.org\/{rel}","templated":true}]}}