{"id":74459,"date":"2026-04-21T14:03:34","date_gmt":"2026-04-21T17:03:34","guid":{"rendered":"https:\/\/mussicom.com\/apos-um-ano-da-saida-preparador-de-goleiros-arzul-retorna-ao-santos\/"},"modified":"2026-04-21T14:03:34","modified_gmt":"2026-04-21T17:03:34","slug":"apos-um-ano-da-saida-preparador-de-goleiros-arzul-retorna-ao-santos","status":"publish","type":"post","link":"https:\/\/mussicom.com\/noticias\/apos-um-ano-da-saida-preparador-de-goleiros-arzul-retorna-ao-santos\/","title":{"rendered":"Ap\u00f3s um ano da sa\u00edda, preparador de goleiros Arzul retorna ao Santos"},"content":{"rendered":"<p> <br \/>\n<\/p>\n<div>\n<div id=\"attachment_141671\" style=\"width: 1071px\" class=\"wp-caption aligncenter\"><\/p>\n<p id=\"caption-attachment-141671\" class=\"wp-caption-text\">Arzul retorna ao Santos ap\u00f3s pouco mais de um ano da sa\u00edda Cr\u00e9dito: Ivan Storti\/Santos FC)<\/p>\n<\/div>\n<p>O preparador de goleiros Sebasti\u00e3o Martins, conhecido como Arzul, est\u00e1 voltando ao Santos. O profissional havia se despedido do Peixe em janeiro do ano passado e foi contratado em maio pelo Guarani. Ele estava no Bugre desde ent\u00e3o, mas \u00e0 convite do presidente Marcelo Teixeira e da diretoria retorna ao clube por onde atuou em quase 30 anos.<\/p>\n<p>Arzul havia sido desligado do Alvinegro depois do acesso do time e foi notificado ainda na reapresenta\u00e7\u00e3o do elenco do ano passado. Na ocasi\u00e3o, at\u00e9 publicou um texto nas redes sociais e chegou a dar entrevista afirmando que ficou chateado pela forma que saiu. Ele se junta ao Rog\u00e9rio Maia e ao Denis Gago, outros preparadores de goleiros do profissional.<\/p>\n<p>\u201cNesta manh\u00e3 fui notificado do meu desligamento do Santos Futebol Clube onde tive a honra, o prazer e muito amor de ter passado esses 28 anos. Quero aqui agradecer todos os goleiros como alguns: Rafael, Felipe Garcia, John, Jo\u00e3o Paulo, Gasparotto, Samuel, F\u00e1bio Costa, Enau, Vlad, Everson, Vanderlei, Aranha, Di\u00f3genes, Jandrei, Paulo, Breno e enfim. Desses 16 teriam mais 46 na base com que nos trabalhamos. Com muito orgulho e satisfa\u00e7\u00e3o, 1035 partidas no profissional com 23 treinadores. Quero agradecer a todos voc\u00eas e especialmente ao torcedor santista que sempre me trataram com muito carinho e valorizando o profissional que eu sou. Vou levar eternamente voc\u00eas no meu cora\u00e7\u00e3o. Feliz 2025, um grande abra\u00e7o\u201d, publicou no Instagram.<\/p>\n<p><em><strong>Leia tamb\u00e9m:<\/strong> Ex-Santos, lateral Victor Ferraz anuncia aposentadoria aos 38 anos<\/em><\/p>\n<p>Natural de Santos (S\u00e3o Paulo), Arzul tem 54 anos e iniciou a carreira como centrovante e depois como goleiro na Portuguesa Santista e pelo Juventus. Estreou no profissional pela equipe da Mooca e atuou pelo Guaruj\u00e1 antes de ir para o futsal do pr\u00f3prio Peixe. Depois, se aposentou pelas les\u00f5es e virou o treinador de goleiros do clube.<\/p>\n<p>Foi em 2009, pelo ent\u00e3o t\u00e9cnico Vanderlei Luxermbugo, que ele virou o treinador de goleiros do elenco principal. Ele chegou a ser pintado no muro do CT Rei Pel\u00e9 ao lado de outros \u00eddolos do Santos.<\/p>\n<\/p><\/div>\n<p><br \/>\n<br \/>Fonte: <a href=\"https:\/\/www.diariodopeixe.com.br\/noticias\/apos-um-ano-da-saida-preparador-de-goleiros-arzul-retorna-ao-santos\/\">Di\u00e1rio do Peixe<\/a><\/p>\n","protected":false},"excerpt":{"rendered":"<p>Arzul retorna ao Santos ap\u00f3s pouco mais de um ano da sa\u00edda Cr\u00e9dito: Ivan Storti\/Santos FC) O preparador de goleiros Sebasti\u00e3o Martins, conhecido como Arzul, est\u00e1 voltando ao Santos. O profissional havia se despedido do Peixe em janeiro do ano passado e foi contratado em maio pelo Guarani. Ele estava no Bugre desde ent\u00e3o, mas [&hellip;]<\/p>\n","protected":false},"author":5,"featured_media":74460,"comment_status":"open","ping_status":"open","sticky":false,"template":"","format":"standard","meta":{"_seopress_robots_primary_cat":"","_seopress_titles_title":"","_seopress_titles_desc":"","_seopress_robots_index":"","footnotes":""},"categories":[55],"tags":[],"class_list":["post-74459","post","type-post","status-publish","format-standard","has-post-thumbnail","hentry","category-santos-fc"],"_links":{"self":[{"href":"https:\/\/mussicom.com\/noticias\/wp-json\/wp\/v2\/posts\/74459","targetHints":{"allow":["GET"]}}],"collection":[{"href":"https:\/\/mussicom.com\/noticias\/wp-json\/wp\/v2\/posts"}],"about":[{"href":"https:\/\/mussicom.com\/noticias\/wp-json\/wp\/v2\/types\/post"}],"author":[{"embeddable":true,"href":"https:\/\/mussicom.com\/noticias\/wp-json\/wp\/v2\/users\/5"}],"replies":[{"embeddable":true,"href":"https:\/\/mussicom.com\/noticias\/wp-json\/wp\/v2\/comments?post=74459"}],"version-history":[{"count":0,"href":"https:\/\/mussicom.com\/noticias\/wp-json\/wp\/v2\/posts\/74459\/revisions"}],"wp:featuredmedia":[{"embeddable":true,"href":"https:\/\/mussicom.com\/noticias\/wp-json\/wp\/v2\/media\/74460"}],"wp:attachment":[{"href":"https:\/\/mussicom.com\/noticias\/wp-json\/wp\/v2\/media?parent=74459"}],"wp:term":[{"taxonomy":"category","embeddable":true,"href":"https:\/\/mussicom.com\/noticias\/wp-json\/wp\/v2\/categories?post=74459"},{"taxonomy":"post_tag","embeddable":true,"href":"https:\/\/mussicom.com\/noticias\/wp-json\/wp\/v2\/tags?post=74459"}],"curies":[{"name":"wp","href":"https:\/\/api.w.org\/{rel}","templated":true}]}}