{"id":7437,"date":"2025-03-23T19:35:04","date_gmt":"2025-03-23T22:35:04","guid":{"rendered":"https:\/\/www.mussicom.com\/lula-e-a-tragedia-fundamental-da-sua-ideologia-economica\/"},"modified":"2025-03-23T19:35:04","modified_gmt":"2025-03-23T22:35:04","slug":"lula-e-a-tragedia-fundamental-da-sua-ideologia-economica","status":"publish","type":"post","link":"https:\/\/mussicom.com\/noticias\/lula-e-a-tragedia-fundamental-da-sua-ideologia-economica\/","title":{"rendered":"Lula e a trag\u00e9dia fundamental da sua ideologia econ\u00f4mica"},"content":{"rendered":"<p> <br \/>\n<\/p>\n<div id=\"hd80s9wa1h892edh8192\">\n<p><strong><em>(J.R. Guzzo,<\/em> publicado no jornal <em>O Estado de S. Paulo <\/em>em 23 de mar\u00e7o de 2025)<\/strong><\/p>\n<p>N\u00e3o passa pela cabe\u00e7a de ningu\u00e9m capaz de fazer as quatro opera\u00e7\u00f5es da aritm\u00e9tica, e que esteja com seus circuitos mentais em funcionamento normal, achar que R$ 5 mil por m\u00eas \u00e9 renda \u2014 e, portanto, deva pagar Imposto de Renda (IR). Renda n\u00e3o \u00e9 isso. Esses R$ 5 mil, no mundo dos fatos, s\u00e3o o estritamente necess\u00e1rio para o sujeito chegar vivo ao fim do dia; ningu\u00e9m est\u00e1 ficando rico com um rendimento mensal de R$ 5 mil, n\u00e3o \u00e9 mesmo?<\/p>\n<p>Parar de cobrar IR sobre algo que n\u00e3o \u00e9 renda, salvo para os auditores da <strong>Receita Federal<\/strong> e quem manda neles, \u00e9 a \u00fanica atitude racional que um governo poderia adotar a respeito. <strong>O\u00a0presidente Lula\u00a0fez a coisa certa, ent\u00e3o, ao enviar para o Congresso o projeto de lei (PL) que isenta do IR os ganhos at\u00e9 R$ 5 mil por m\u00eas?<\/strong> \u00c9 claro que fez. O problema \u00e9 que quer fazer o certo da maneira mais errada que tem \u00e0 sua disposi\u00e7\u00e3o.<\/p>\n<p>A isen\u00e7\u00e3o proposta por Lula, como se sabe at\u00e9 no curso prim\u00e1rio, vai diminuir a arrecada\u00e7\u00e3o federal num momento em que o governo vive em vi\u00e9s de bancarrota geral. A \u00fanica solu\u00e7\u00e3o coerente para isso, fora as lendas, \u00e9 recuperar a quantia que deixar\u00e1 de entrar no Tesouro Nacional com a redu\u00e7\u00e3o dos gastos do governo. Vai entrar X a menos no caixa? Ent\u00e3o temos de gastar X a menos do estamos gastando.<\/p>\n<p>Eis a\u00ed a \u00faltima coisa que passa nas cogita\u00e7\u00f5es do governo: cortar os gastos da m\u00e1quina estatal, a come\u00e7ar pelos mais espetacularmente in\u00fateis, para compensar o imposto que deixar\u00e1 de arrecadar com a isen\u00e7\u00e3o do IR at\u00e9 os R$ 5 mil mensais. Seria, de maneira simples, transformar renda do Estado em renda do cidad\u00e3o \u2014 ou seja, deixar no seu bolso o que est\u00e1 sendo tirado\u00a0para pagar shows da ministra da Cultura, comprar bolas de basquete com dinheiro de estatais, pagar a campanha de candidatos do PT e da\u00ed para o infinito.<\/p>\n<p>Sem chance. A religi\u00e3o econ\u00f4mica de Lula, e, principalmente, o interesse material das classes que vivem do Er\u00e1rio, estabelecem que se for inevit\u00e1vel reduzir o imposto de Pedro, ent\u00e3o \u00e9 obrigat\u00f3rio aumentar o imposto de Paulo. \u00c9 exatamente o que est\u00e3o fazendo, outra vez, com o PL do IR: querem tirar mais dos \u201cricos\u201d para balan\u00e7ar o que v\u00e3o tirar a menos dos pobres. A regra \u00e9 clara, e tamb\u00e9m \u00e9 a \u00fanica que vale: fa\u00e7am como quiserem, mas n\u00e3o mexam na minha parte.<\/p>\n<figure class=\"wp-block-image size-full\"><picture><source data-srcset=\"https:\/\/medias.revistaoeste.com\/wp-content\/uploads\/2024\/07\/AGE20240617018-1-scaled.jpg.webp 2560w, https:\/\/medias.revistaoeste.com\/wp-content\/uploads\/2024\/07\/AGE20240617018-1-300x200.jpg.webp 300w, https:\/\/medias.revistaoeste.com\/wp-content\/uploads\/2024\/07\/AGE20240617018-1-150x100.jpg.webp 150w\" data-sizes=\"(max-width: 2560px) 100vw, 2560px\" type=\"image\/webp\"><img fetchpriority=\"high\" decoding=\"async\" width=\"2560\" height=\"1706\" src=\"https:\/\/medias.revistaoeste.com\/wp-content\/uploads\/2024\/07\/AGE20240617018-1-scaled.jpg\" alt=\"governo lula\" class=\"wp-image-1552042\" srcset=\"https:\/\/medias.revistaoeste.com\/wp-content\/uploads\/2024\/07\/AGE20240617018-1-scaled.jpg 2560w, https:\/\/medias.revistaoeste.com\/wp-content\/uploads\/2024\/07\/AGE20240617018-1-300x200.jpg 300w, https:\/\/medias.revistaoeste.com\/wp-content\/uploads\/2024\/07\/AGE20240617018-1-150x100.jpg 150w\" sizes=\"(max-width: 2560px) 100vw, 2560px\" data-eio=\"p\"\/><\/source><\/picture><figcaption class=\"wp-element-caption\">Os ministros Simone Tebet (Planejamento) e Fernando Haddad (Fazenda), durante entrevista coletiva depois de apresentarem ao presidente Lula o quadro fiscal do pa\u00eds \u2013 17\/06\/2024 | Foto: Wilton Junior\/Estad\u00e3o Conte\u00fado<\/figcaption><\/figure>\n<p>Essa \u00e9 a trag\u00e9dia fundamental da ideologia econ\u00f4mica de Lula: acabar com a pobreza acabando com a riqueza. Igualdade s\u00f3 pode vir com crescimento econ\u00f4mico e a qualidade da educa\u00e7\u00e3o que \u00e9 negada para os brasileiros. Eles acham que vem com decretos. O Brasil n\u00e3o precisa de revolu\u00e7\u00e3o social. Basta deixar com cidad\u00e3o o dinheiro que vai hoje para os parasitas.<\/p>\n<p><strong>Leia tamb\u00e9m: \u201cHidrel\u00e9trica sem lei\u201d, reportagem publicada na Edi\u00e7\u00e3o 261 da Revista Oeste<\/strong><\/p>\n<\/p><\/div>\n<p><br \/>\n<br \/>Fonte: <a href=\"https:\/\/revistaoeste.com\/politica\/a-tragedia-fundamental-da-ideologia-economica-de-lula\/\">Ag\u00eancia Brasil<\/a><\/p>\n","protected":false},"excerpt":{"rendered":"<p>(J.R. Guzzo, publicado no jornal O Estado de S. Paulo em 23 de mar\u00e7o de 2025) N\u00e3o passa pela cabe\u00e7a de ningu\u00e9m capaz de fazer as quatro opera\u00e7\u00f5es da aritm\u00e9tica, e que esteja com seus circuitos mentais em funcionamento normal, achar que R$ 5 mil por m\u00eas \u00e9 renda \u2014 e, portanto, deva pagar Imposto [&hellip;]<\/p>\n","protected":false},"author":5,"featured_media":7438,"comment_status":"open","ping_status":"open","sticky":false,"template":"","format":"standard","meta":{"_seopress_robots_primary_cat":"","_seopress_titles_title":"","_seopress_titles_desc":"","_seopress_robots_index":"","footnotes":""},"categories":[47,1],"tags":[],"class_list":["post-7437","post","type-post","status-publish","format-standard","has-post-thumbnail","hentry","category-politica","category-ultimas-noticias"],"_links":{"self":[{"href":"https:\/\/mussicom.com\/noticias\/wp-json\/wp\/v2\/posts\/7437","targetHints":{"allow":["GET"]}}],"collection":[{"href":"https:\/\/mussicom.com\/noticias\/wp-json\/wp\/v2\/posts"}],"about":[{"href":"https:\/\/mussicom.com\/noticias\/wp-json\/wp\/v2\/types\/post"}],"author":[{"embeddable":true,"href":"https:\/\/mussicom.com\/noticias\/wp-json\/wp\/v2\/users\/5"}],"replies":[{"embeddable":true,"href":"https:\/\/mussicom.com\/noticias\/wp-json\/wp\/v2\/comments?post=7437"}],"version-history":[{"count":0,"href":"https:\/\/mussicom.com\/noticias\/wp-json\/wp\/v2\/posts\/7437\/revisions"}],"wp:featuredmedia":[{"embeddable":true,"href":"https:\/\/mussicom.com\/noticias\/wp-json\/wp\/v2\/media\/7438"}],"wp:attachment":[{"href":"https:\/\/mussicom.com\/noticias\/wp-json\/wp\/v2\/media?parent=7437"}],"wp:term":[{"taxonomy":"category","embeddable":true,"href":"https:\/\/mussicom.com\/noticias\/wp-json\/wp\/v2\/categories?post=7437"},{"taxonomy":"post_tag","embeddable":true,"href":"https:\/\/mussicom.com\/noticias\/wp-json\/wp\/v2\/tags?post=7437"}],"curies":[{"name":"wp","href":"https:\/\/api.w.org\/{rel}","templated":true}]}}