{"id":74363,"date":"2026-04-20T20:45:21","date_gmt":"2026-04-20T23:45:21","guid":{"rendered":"https:\/\/mussicom.com\/desembargadora-diz-que-juizes-caminham-para-escravidao\/"},"modified":"2026-04-20T20:45:21","modified_gmt":"2026-04-20T23:45:21","slug":"desembargadora-diz-que-juizes-caminham-para-escravidao","status":"publish","type":"post","link":"https:\/\/mussicom.com\/noticias\/desembargadora-diz-que-juizes-caminham-para-escravidao\/","title":{"rendered":"Desembargadora diz que ju\u00edzes caminham para escravid\u00e3o"},"content":{"rendered":"<p> <br \/>\n<\/p>\n<div id=\"tp-post-content\">\n<p class=\"postParagraph_post-paragraph__juWZN postParagraph_post-paragraph-innerHtml__Q5vwc\">A desembargadora Eva do Amaral Coelho, do Tribunal de Justi\u00e7a do Par\u00e1 (TJPA), disse durante uma sess\u00e3o da 3\u00aa Turma de Direito Penal que as restri\u00e7\u00f5es recentes \u00e0s verbas extrateto da magistratura levar\u00e3o os ju\u00edzes a trabalhar em condi\u00e7\u00f5es compar\u00e1veis \u00e0s da escravid\u00e3o. As declara\u00e7\u00f5es foram registradas em v\u00eddeos que viralizaram nas redes sociais nesta segunda-feira (20).<\/p>\n<p class=\"postParagraph_post-paragraph__juWZN postParagraph_post-paragraph-innerHtml__Q5vwc\">A desembargadora recebeu R$ 44.431,77 l\u00edquidos em fevereiro e somou R$ 227 mil de rendimentos ao longo do primeiro bimestre de 2026, segundo dados do Conselho Nacional de Justi\u00e7a (CNJ). Ela integra a 3\u00aa Turma de Direito Penal do TJPA e ocupa o cargo desde julho de 2020, quando foi promovida ap\u00f3s tr\u00eas d\u00e9cadas e meia de carreira.<\/p>\n<p class=\"postParagraph_post-paragraph__juWZN postParagraph_post-paragraph-innerHtml__Q5vwc\">A <strong>Gazeta do Povo<\/strong> buscou o Tribunal de Justi\u00e7a do Par\u00e1 para comentar as declara\u00e7\u00f5es. O espa\u00e7o est\u00e1 aberto para manifesta\u00e7\u00e3o.<\/p>\n<h2 class=\"postParagraph_post-paragraph__juWZN postParagraph_post-paragraph-innerHtml__Q5vwc postParagraph_type-tag-h2__TtFkT\">Desembargadora diz que colegas deixam de ir ao m\u00e9dico<\/h2>\n<p class=\"postParagraph_post-paragraph__juWZN postParagraph_post-paragraph-innerHtml__Q5vwc\">Nos v\u00eddeos, a desembargadora Eva do Amaral relata que as restri\u00e7\u00f5es j\u00e1 produzem consequ\u00eancias concretas entre os magistrados. &#8220;Colegas est\u00e3o deixando de frequentar gabinetes de m\u00e9dicos porque n\u00e3o v\u00e3o poder pagar consulta. Outros est\u00e3o deixando de tomar rem\u00e9dios&#8221;, afirmou.<\/p>\n<p class=\"postParagraph_post-paragraph__juWZN postParagraph_post-paragraph-innerHtml__Q5vwc\">Para ela, o cen\u00e1rio tende a se agravar: &#8220;Daqui a pouco a gente vai estar no rol daqueles funcion\u00e1rios que trabalham em regime de escravid\u00e3o.&#8221; Sobre a imagem p\u00fablica da categoria, a desembargadora disse que &#8220;os ju\u00edzes hoje est\u00e3o sendo vistos como bandidos, como pessoas sem escr\u00fapulos, pessoas que querem ganhar muito sem fazer nada&#8221;.<\/p>\n<p class=\"postParagraph_post-paragraph__juWZN postParagraph_post-paragraph-innerHtml__Q5vwc\">Ela defendeu a carga de trabalho dos magistrados e convidou a popula\u00e7\u00e3o a acompanhar a rotina deles. &#8220;Eu gostaria que uma parte da popula\u00e7\u00e3o viesse viver o dia a dia do juiz e do desembargador para verificar como \u00e9 que a gente trabalha. Ningu\u00e9m trabalha s\u00f3 aqui&#8221;, declarou.<\/p>\n<p class=\"postParagraph_post-paragraph__juWZN postParagraph_post-paragraph-innerHtml__Q5vwc\">Eva do Amaral tamb\u00e9m criticou o corte de benef\u00edcios e fez uma advert\u00eancia \u00e0 sociedade. &#8220;N\u00f3s n\u00e3o temos direito mais a aux\u00edlio-alimenta\u00e7\u00e3o, n\u00e3o temos direito a receber uma gratifica\u00e7\u00e3o por dire\u00e7\u00e3o de f\u00f3rum. J\u00e1 cortaram&#8221;, disse. E completou: &#8220;A popula\u00e7\u00e3o vai sentir quando ela procurar a Justi\u00e7a e realmente n\u00e3o tiver. A\u00ed ela vai sentir e vai ver de que lado ela optou.&#8221;<\/p>\n<h2 class=\"postParagraph_post-paragraph__juWZN postParagraph_post-paragraph-innerHtml__Q5vwc postParagraph_type-tag-h2__TtFkT\">STF limitou penduricalhos a 35% do teto em mar\u00e7o<\/h2>\n<p class=\"postParagraph_post-paragraph__juWZN postParagraph_post-paragraph-innerHtml__Q5vwc\">As falas ocorrem em meio ao debate sobre a regulamenta\u00e7\u00e3o das verbas extrateto para a magistratura. Em 25 de mar\u00e7o, o plen\u00e1rio do STF fixou que os benef\u00edcios adicionais n\u00e3o podem ultrapassar 35% do subs\u00eddio mensal, que tem como refer\u00eancia o teto do funcionalismo de R$ 46.366,19. A decis\u00e3o eliminou 15 benef\u00edcios e preservou oito verbas indenizat\u00f3rias, todas dentro desse limite. As novas regras passaram a valer no m\u00eas-base de abril.<\/p>\n<p class=\"postParagraph_post-paragraph__juWZN postParagraph_post-paragraph-innerHtml__Q5vwc\">O STF tamb\u00e9m autorizou outros 35% adicionais vinculados ao Adicional de Tempo de Servi\u00e7o (ATS), o quinqu\u00eanio \u2014 benef\u00edcio extinto para a magistratura em 2005 e agora retomado.<\/p>\n<p class=\"postParagraph_post-paragraph__juWZN postParagraph_post-paragraph-innerHtml__Q5vwc\">Com os dois blocos somados, a remunera\u00e7\u00e3o total pode chegar a R$ 78.792,52 mensais. A decis\u00e3o ainda obriga todos os tribunais a publicar mensalmente, em seus sites, o valor exato recebido por cada membro, com discrimina\u00e7\u00e3o rubrica por rubrica.<\/p>\n<p class=\"postParagraph_post-paragraph__juWZN postParagraph_post-paragraph-innerHtml__Q5vwc\">A desembargadora critica o uso do termo &#8220;penduricalhos&#8221; para se referir a essas verbas. &#8220;Uma express\u00e3o t\u00e3o chula e t\u00e3o vagabunda que jogaram em cima da magistratura, que hoje a gente vive uma tens\u00e3o enorme porque n\u00e3o se vai ter, daqui a algum tempo, como pagar nossas contas&#8221;, disse Eva do Amaral.<\/p>\n<\/div>\n<p><br \/>\n<br \/>Fonte: <a href=\"https:\/\/www.gazetadopovo.com.br\/republica\/juizes-estao-perto-de-escravidao-e-nao-terao-como-pagar-contas-diz-desembargadora\/\">Revista Oeste<\/a><\/p>\n","protected":false},"excerpt":{"rendered":"<p>A desembargadora Eva do Amaral Coelho, do Tribunal de Justi\u00e7a do Par\u00e1 (TJPA), disse durante uma sess\u00e3o da 3\u00aa Turma de Direito Penal que as restri\u00e7\u00f5es recentes \u00e0s verbas extrateto da magistratura levar\u00e3o os ju\u00edzes a trabalhar em condi\u00e7\u00f5es compar\u00e1veis \u00e0s da escravid\u00e3o. As declara\u00e7\u00f5es foram registradas em v\u00eddeos que viralizaram nas redes sociais nesta [&hellip;]<\/p>\n","protected":false},"author":5,"featured_media":74364,"comment_status":"open","ping_status":"open","sticky":false,"template":"","format":"standard","meta":{"_seopress_robots_primary_cat":"","_seopress_titles_title":"","_seopress_titles_desc":"","_seopress_robots_index":"","footnotes":""},"categories":[1],"tags":[],"class_list":["post-74363","post","type-post","status-publish","format-standard","has-post-thumbnail","hentry","category-ultimas-noticias"],"_links":{"self":[{"href":"https:\/\/mussicom.com\/noticias\/wp-json\/wp\/v2\/posts\/74363","targetHints":{"allow":["GET"]}}],"collection":[{"href":"https:\/\/mussicom.com\/noticias\/wp-json\/wp\/v2\/posts"}],"about":[{"href":"https:\/\/mussicom.com\/noticias\/wp-json\/wp\/v2\/types\/post"}],"author":[{"embeddable":true,"href":"https:\/\/mussicom.com\/noticias\/wp-json\/wp\/v2\/users\/5"}],"replies":[{"embeddable":true,"href":"https:\/\/mussicom.com\/noticias\/wp-json\/wp\/v2\/comments?post=74363"}],"version-history":[{"count":0,"href":"https:\/\/mussicom.com\/noticias\/wp-json\/wp\/v2\/posts\/74363\/revisions"}],"wp:featuredmedia":[{"embeddable":true,"href":"https:\/\/mussicom.com\/noticias\/wp-json\/wp\/v2\/media\/74364"}],"wp:attachment":[{"href":"https:\/\/mussicom.com\/noticias\/wp-json\/wp\/v2\/media?parent=74363"}],"wp:term":[{"taxonomy":"category","embeddable":true,"href":"https:\/\/mussicom.com\/noticias\/wp-json\/wp\/v2\/categories?post=74363"},{"taxonomy":"post_tag","embeddable":true,"href":"https:\/\/mussicom.com\/noticias\/wp-json\/wp\/v2\/tags?post=74363"}],"curies":[{"name":"wp","href":"https:\/\/api.w.org\/{rel}","templated":true}]}}