{"id":74299,"date":"2026-04-20T14:36:21","date_gmt":"2026-04-20T17:36:21","guid":{"rendered":"https:\/\/mussicom.com\/comissao-aprova-projeto-que-preve-apreensao-de-veiculo-por-transporte-irregular-de-animais-vivos\/"},"modified":"2026-04-20T14:36:21","modified_gmt":"2026-04-20T17:36:21","slug":"comissao-aprova-projeto-que-preve-apreensao-de-veiculo-por-transporte-irregular-de-animais-vivos","status":"publish","type":"post","link":"https:\/\/mussicom.com\/noticias\/comissao-aprova-projeto-que-preve-apreensao-de-veiculo-por-transporte-irregular-de-animais-vivos\/","title":{"rendered":"Comiss\u00e3o aprova projeto que prev\u00ea apreens\u00e3o de ve\u00edculo por transporte irregular de animais vivos"},"content":{"rendered":"<p> <br \/>\n<\/p>\n<div>\n<p style=\"text-align:justify\">17\/04\/2026 &#8211; 16:52 \u00a0<\/p>\n<p style=\"text-align:justify\">A Comiss\u00e3o de Via\u00e7\u00e3o e Transportes da C\u00e2mara dos Deputados aprovou projeto de lei que autoriza a apreens\u00e3o de ve\u00edculos de transporte de animais vivos em desacordo com normas de seguran\u00e7a e bem-estar.<\/p>\n<p style=\"text-align:justify\">Pela proposta, ve\u00edculos que n\u00e3o atenderem aos requisitos t\u00e9cnicos \u2013 como ventila\u00e7\u00e3o adequada, prote\u00e7\u00e3o contra temperaturas extremas e resist\u00eancia compat\u00edvel com o peso dos animais \u2013 ser\u00e3o apreendidos. Os requisitos se referem ao transporte de animais classificados como &#8220;de produ\u00e7\u00e3o, de interesse econ\u00f4mico, de esporte, de lazer ou de exposi\u00e7\u00e3o&#8221;.&#13;\n<\/p>\n<p style=\"text-align:justify\">Em caso de apreens\u00e3o do ve\u00edculo, os animais devem ser encaminhados imediatamente a locais adequados, at\u00e9 que o reembarque seja realizado.<\/p>\n<p style=\"text-align:justify\"><strong>Manuten\u00e7\u00e3o e cuidado<\/strong><br \/>&#13;<br \/>\nO texto estabelece ainda que o transportador e o contratante responder\u00e3o por todos os custos gerados, como despesas com manuten\u00e7\u00e3o e cuidado com os animais durante a apreens\u00e3o do ve\u00edculo.<\/p>\n<p style=\"text-align:justify\">A comiss\u00e3o aprovou o <span class=\"termoGlossario\" contenteditable=\"false\" data-original-title=\"Nome que se d\u00e1 ao texto que altera substancialmente o conte\u00fado original da proposta. O substitutivo \u00e9 apresentado pelo relator e tem prefer\u00eancia na vota\u00e7\u00e3o sobre o projeto original.\" data-placement=\"top\" data-toggle=\"tooltip\" id=\"4098\" title=\"\">substitutivo<\/span> do relator, deputado Ricardo Ayres (Republicanos-TO), para o Projeto de Lei 173\/23, dos deputados Delegado Matheus Laiola (Uni\u00e3o-PR) e Delegado Bruno Lima (Pode-SP).<\/p>\n<p style=\"text-align:justify\">O projeto original estabelecia uma lista detalhada de 14 requisitos t\u00e9cnicos que os ve\u00edculos deveriam seguir, como a obrigatoriedade de sistemas de ventila\u00e7\u00e3o, fornecimento de \u00e1gua e espa\u00e7o suficiente para os animais permanecerem em p\u00e9. No entanto, a vers\u00e3o do relator n\u00e3o traz essas regras, que j\u00e1 constam em resolu\u00e7\u00f5es do Conselho Nacional de Tr\u00e2nsito (Contran) e do Minist\u00e9rio da Agricultura.&#13;\n<\/p>\n<p style=\"text-align:justify\">&#8220;Todas as regras listadas j\u00e1 fazem parte do arcabou\u00e7o jur\u00eddico relacionado ao tema\u201d, disse Ayres, ao defender que a inova\u00e7\u00e3o real do projeto deve ser a inclus\u00e3o da apreens\u00e3o no rol de medidas administrativas do C\u00f3digo de Tr\u00e2nsito.<\/p>\n<p style=\"text-align:justify\"><strong>Pr\u00f3ximas etapas<\/strong><br \/>&#13;<br \/>\nA proposta ser\u00e1 ainda analisada, em <span class=\"termoGlossario\" contenteditable=\"false\" data-original-title=\"Rito de tramita\u00e7\u00e3o pelo qual o projeto \u00e9 votado apenas pelas comiss\u00f5es designadas para analis\u00e1-lo, dispensada a delibera\u00e7\u00e3o do Plen\u00e1rio. O projeto perde o car\u00e1ter conclusivo se houver decis\u00e3o divergente entre as comiss\u00f5es ou se, independentemente de ser aprovado ou rejeitado, houver recurso assinado por 52 deputados para a aprecia\u00e7\u00e3o da mat\u00e9ria no Plen\u00e1rio.\" data-placement=\"top\" data-toggle=\"tooltip\" id=\"4322\" title=\"\">car\u00e1ter conclusivo<\/span>, pela Comiss\u00e3o de Constitui\u00e7\u00e3o e Justi\u00e7a e de Cidadania.<\/p>\n<p style=\"text-align:justify\">Para virar lei, o texto deve ser aprovado pela C\u00e2mara e pelo Senado.<\/p>\n<p style=\"text-align:justify\">Saiba mais sobre a tramita\u00e7\u00e3o de projetos de lei<\/p>\n<p style=\"text-align:justify\">Reportagem \u2013 Murilo Souza<br \/>&#13;<br \/>\nEdi\u00e7\u00e3o \u2013 Pierre Triboli<\/p>\n<\/p><\/div>\n<p><script data-cfasync=\"false\">\n    !function (f, b, e, v, n, t, s) {\n        if (f.fbq) return; n = f.fbq = function () {\n            n.callMethod ?\n                n.callMethod.apply(n, arguments) : n.queue.push(arguments)\n        };\n        if (!f._fbq) f._fbq = n; n.push = n; n.loaded = !0; n.version = '2.0';\n        n.queue = []; t = b.createElement(e); t.async = !0;\n        t.src = v; s = b.getElementsByTagName(e)[0];\n        s.parentNode.insertBefore(t, s)\n    }(window, document, 'script',\n        'https:\/\/connect.facebook.net\/en_US\/fbevents.js');\n    fbq('init', '522546078623747');\n    fbq('track', 'PageView');\n<\/script><br \/>\n<br \/><br \/>\n<br \/>Fonte: <a href=\"https:\/\/www.agrolink.com.br\/noticias\/comissao-aprova-projeto-que-preve-apreensao-de-veiculo-por-transporte-irregular-de-animais-vivos_513294.html\">AGROLINK<\/a><\/p>\n","protected":false},"excerpt":{"rendered":"<p>17\/04\/2026 &#8211; 16:52 \u00a0 A Comiss\u00e3o de Via\u00e7\u00e3o e Transportes da C\u00e2mara dos Deputados aprovou projeto de lei que autoriza a apreens\u00e3o de ve\u00edculos de transporte de animais vivos em desacordo com normas de seguran\u00e7a e bem-estar. Pela proposta, ve\u00edculos que n\u00e3o atenderem aos requisitos t\u00e9cnicos \u2013 como ventila\u00e7\u00e3o adequada, prote\u00e7\u00e3o contra temperaturas extremas e [&hellip;]<\/p>\n","protected":false},"author":5,"featured_media":74300,"comment_status":"open","ping_status":"open","sticky":false,"template":"","format":"standard","meta":{"_seopress_robots_primary_cat":"","_seopress_titles_title":"","_seopress_titles_desc":"","_seopress_robots_index":"","footnotes":""},"categories":[53],"tags":[],"class_list":["post-74299","post","type-post","status-publish","format-standard","has-post-thumbnail","hentry","category-agronegocio"],"_links":{"self":[{"href":"https:\/\/mussicom.com\/noticias\/wp-json\/wp\/v2\/posts\/74299","targetHints":{"allow":["GET"]}}],"collection":[{"href":"https:\/\/mussicom.com\/noticias\/wp-json\/wp\/v2\/posts"}],"about":[{"href":"https:\/\/mussicom.com\/noticias\/wp-json\/wp\/v2\/types\/post"}],"author":[{"embeddable":true,"href":"https:\/\/mussicom.com\/noticias\/wp-json\/wp\/v2\/users\/5"}],"replies":[{"embeddable":true,"href":"https:\/\/mussicom.com\/noticias\/wp-json\/wp\/v2\/comments?post=74299"}],"version-history":[{"count":0,"href":"https:\/\/mussicom.com\/noticias\/wp-json\/wp\/v2\/posts\/74299\/revisions"}],"wp:featuredmedia":[{"embeddable":true,"href":"https:\/\/mussicom.com\/noticias\/wp-json\/wp\/v2\/media\/74300"}],"wp:attachment":[{"href":"https:\/\/mussicom.com\/noticias\/wp-json\/wp\/v2\/media?parent=74299"}],"wp:term":[{"taxonomy":"category","embeddable":true,"href":"https:\/\/mussicom.com\/noticias\/wp-json\/wp\/v2\/categories?post=74299"},{"taxonomy":"post_tag","embeddable":true,"href":"https:\/\/mussicom.com\/noticias\/wp-json\/wp\/v2\/tags?post=74299"}],"curies":[{"name":"wp","href":"https:\/\/api.w.org\/{rel}","templated":true}]}}