{"id":74227,"date":"2026-04-20T02:24:23","date_gmt":"2026-04-20T05:24:23","guid":{"rendered":"https:\/\/mussicom.com\/safra-explode-na-argentina-e-girassol-vive-fase-historica\/"},"modified":"2026-04-20T02:24:23","modified_gmt":"2026-04-20T05:24:23","slug":"safra-explode-na-argentina-e-girassol-vive-fase-historica","status":"publish","type":"post","link":"https:\/\/mussicom.com\/noticias\/safra-explode-na-argentina-e-girassol-vive-fase-historica\/","title":{"rendered":"Safra explode na Argentina e girassol vive fase hist\u00f3rica"},"content":{"rendered":"<p> <br \/>\n<\/p>\n<div>\n<p>A cadeia do girassol da Argentina vive um momento de forte expans\u00e3o, com avan\u00e7o da produ\u00e7\u00e3o, aumento da industrializa\u00e7\u00e3o e maior gera\u00e7\u00e3o de divisas a partir das exporta\u00e7\u00f5es. Em um cen\u00e1rio de demanda internacional aquecida, o setor tamb\u00e9m v\u00ea espa\u00e7o para crescer nos pr\u00f3ximos anos, embora aponte entraves ligados \u00e0 infraestrutura, \u00e0 log\u00edstica e \u00e0 carga tribut\u00e1ria como fatores centrais para sustentar esse movimento.&#13;\n<\/p>\n<p>Durante a abertura do VIII Congresso Argentino de Girasol, o presidente da ASAGIR, Juan Mart\u00edn Salas Oyarzun, afirmou que a produ\u00e7\u00e3o de gr\u00e3os da cadeia deve encerrar o ano com alta de 94% em rela\u00e7\u00e3o \u00e0 safra 2021\/22. Segundo ele, a rea\u00e7\u00e3o do setor ocorreu de forma coordenada diante da demanda externa e se refletiu no aumento da produ\u00e7\u00e3o, do processamento e das exporta\u00e7\u00f5es.<\/p>\n<p>O dirigente destacou ainda um ganho de efici\u00eancia. A expectativa \u00e9 de alcan\u00e7ar um volume pr\u00f3ximo ao recorde argentino de 1998 e 1999, de sete milh\u00f5es de toneladas, mas com 1,3 milh\u00e3o de hectares a menos. Para a entidade, isso representa agrega\u00e7\u00e3o de valor na origem e avan\u00e7o em sustentabilidade no sistema produtivo.&#13;\n<\/p>\n<p>No campo econ\u00f4mico, a ASAGIR informou que as exporta\u00e7\u00f5es de \u00f3leos e outros produtos da cadeia renderam ao pa\u00eds quase 50% mais divisas em 2025 na compara\u00e7\u00e3o com o ano anterior. A produ\u00e7\u00e3o de \u00f3leo, segundo a associa\u00e7\u00e3o, foi a maior desde 2000 e manteve ritmo de alta nos primeiros meses de 2026, acompanhada por mais investimentos e entrada de novos atores.<\/p>\n<p>A entidade avalia que, se a demanda externa seguir firme e a \u00e1rea cultivada voltar ao patamar do fim do s\u00e9culo passado, a produ\u00e7\u00e3o poder\u00e1 chegar a 9,5 milh\u00f5es de toneladas. Com o mercado interno abastecido, a prioridade est\u00e1 na amplia\u00e7\u00e3o das vendas externas, com aten\u00e7\u00e3o especial \u00e0 \u00cdndia e a nichos espec\u00edficos em diferentes pa\u00edses.&#13;\n<\/p>\n<p>Ao mesmo tempo, o setor cobra redu\u00e7\u00e3o de impostos considerados distorcivos e melhorias em infraestrutura terrestre, fluvial e mar\u00edtima. Tamb\u00e9m defende mais capacita\u00e7\u00e3o e difus\u00e3o de boas pr\u00e1ticas para reduzir a dist\u00e2ncia entre o potencial produtivo e os resultados efetivamente obtidos no campo.<br \/>&#13;<br \/>\n\u00a0<\/p>\n<\/p><\/div>\n<p><script data-cfasync=\"false\">\n    !function (f, b, e, v, n, t, s) {\n        if (f.fbq) return; n = f.fbq = function () {\n            n.callMethod ?\n                n.callMethod.apply(n, arguments) : n.queue.push(arguments)\n        };\n        if (!f._fbq) f._fbq = n; n.push = n; n.loaded = !0; n.version = '2.0';\n        n.queue = []; t = b.createElement(e); t.async = !0;\n        t.src = v; s = b.getElementsByTagName(e)[0];\n        s.parentNode.insertBefore(t, s)\n    }(window, document, 'script',\n        'https:\/\/connect.facebook.net\/en_US\/fbevents.js');\n    fbq('init', '522546078623747');\n    fbq('track', 'PageView');\n<\/script><br \/>\n<br \/><br \/>\n<br \/>Fonte: <a href=\"https:\/\/www.agrolink.com.br\/noticias\/safra-explode-na-argentina-e-girassol-vive-fase-historica_513258.html\">AGROLINK<\/a><\/p>\n","protected":false},"excerpt":{"rendered":"<p>A cadeia do girassol da Argentina vive um momento de forte expans\u00e3o, com avan\u00e7o da produ\u00e7\u00e3o, aumento da industrializa\u00e7\u00e3o e maior gera\u00e7\u00e3o de divisas a partir das exporta\u00e7\u00f5es. Em um cen\u00e1rio de demanda internacional aquecida, o setor tamb\u00e9m v\u00ea espa\u00e7o para crescer nos pr\u00f3ximos anos, embora aponte entraves ligados \u00e0 infraestrutura, \u00e0 log\u00edstica e \u00e0 [&hellip;]<\/p>\n","protected":false},"author":5,"featured_media":74228,"comment_status":"open","ping_status":"open","sticky":false,"template":"","format":"standard","meta":{"_seopress_robots_primary_cat":"","_seopress_titles_title":"","_seopress_titles_desc":"","_seopress_robots_index":"","footnotes":""},"categories":[53],"tags":[],"class_list":["post-74227","post","type-post","status-publish","format-standard","has-post-thumbnail","hentry","category-agronegocio"],"_links":{"self":[{"href":"https:\/\/mussicom.com\/noticias\/wp-json\/wp\/v2\/posts\/74227","targetHints":{"allow":["GET"]}}],"collection":[{"href":"https:\/\/mussicom.com\/noticias\/wp-json\/wp\/v2\/posts"}],"about":[{"href":"https:\/\/mussicom.com\/noticias\/wp-json\/wp\/v2\/types\/post"}],"author":[{"embeddable":true,"href":"https:\/\/mussicom.com\/noticias\/wp-json\/wp\/v2\/users\/5"}],"replies":[{"embeddable":true,"href":"https:\/\/mussicom.com\/noticias\/wp-json\/wp\/v2\/comments?post=74227"}],"version-history":[{"count":0,"href":"https:\/\/mussicom.com\/noticias\/wp-json\/wp\/v2\/posts\/74227\/revisions"}],"wp:featuredmedia":[{"embeddable":true,"href":"https:\/\/mussicom.com\/noticias\/wp-json\/wp\/v2\/media\/74228"}],"wp:attachment":[{"href":"https:\/\/mussicom.com\/noticias\/wp-json\/wp\/v2\/media?parent=74227"}],"wp:term":[{"taxonomy":"category","embeddable":true,"href":"https:\/\/mussicom.com\/noticias\/wp-json\/wp\/v2\/categories?post=74227"},{"taxonomy":"post_tag","embeddable":true,"href":"https:\/\/mussicom.com\/noticias\/wp-json\/wp\/v2\/tags?post=74227"}],"curies":[{"name":"wp","href":"https:\/\/api.w.org\/{rel}","templated":true}]}}