{"id":74149,"date":"2026-04-19T11:05:39","date_gmt":"2026-04-19T14:05:39","guid":{"rendered":"https:\/\/mussicom.com\/guaruja-inaugura-o-primeiro-banheiro-autolimpante-no-tombo-na-quarta-feira-22\/"},"modified":"2026-04-19T11:05:39","modified_gmt":"2026-04-19T14:05:39","slug":"guaruja-inaugura-o-primeiro-banheiro-autolimpante-no-tombo-na-quarta-feira-22","status":"publish","type":"post","link":"https:\/\/mussicom.com\/noticias\/guaruja-inaugura-o-primeiro-banheiro-autolimpante-no-tombo-na-quarta-feira-22\/","title":{"rendered":"Guaruj\u00e1 inaugura o primeiro banheiro autolimpante no Tombo na quarta-feira (22)"},"content":{"rendered":"<p> <br \/>\n<\/p>\n<div id=\"texto\">\n<p>Alcan\u00e7ando um novo marco em infraestrutura urbana e turismo sustent\u00e1vel, a Prefeitura de Guaruj\u00e1 realiza a inaugura\u00e7\u00e3o do primeiro banheiro autolimpante sustent\u00e1vel no Munic\u00edpio, na quarta-feira (22). A instala\u00e7\u00e3o acontece na Praia do Tombo, a partir das 9 horas, e \u00e9 uma iniciativa in\u00e9dita no estado de S\u00e3o Paulo, apresentando uma nova estrutura que utiliza tecnologia de ponta para garantir higiene total e efici\u00eancia ambiental da popula\u00e7\u00e3o.<\/p>\n<p>\u00a0<\/p>\n<p>Ao todo, ser\u00e3o instalados oito banheiros autolimpantes. As praias que tamb\u00e9m ir\u00e3o receber esse mecanismo s\u00e3o: Enseada (2), Pitangueiras (2), Pernambuco (1), Guai\u00faba (1) e Ast\u00farias (1). Ap\u00f3s 30 dias da instala\u00e7\u00e3o do primeiro equipamento na Praia do Tombo, ser\u00e3o implantados sucessivamente at\u00e9 que todas as estruturas j\u00e1 estejam instaladas.<\/p>\n<p>\u00a0<\/p>\n<p>Tecnologia<\/p>\n<p>O equipamento utiliza um sistema de alta tecnologia que executa um ciclo automatizado que inclui a lavagem e desinfec\u00e7\u00e3o do vaso sanit\u00e1rio, das paredes e do piso, eliminando odores e assegurando um ambiente esterilizado para o pr\u00f3ximo usu\u00e1rio, sem a necessidade de interven\u00e7\u00e3o humana constante.<\/p>\n<p>\u00a0<\/p>\n<p>O sistema foi projetado para o uso racional de recursos, contando com economia de \u00e1gua por sensores inteligentes que liberam apenas a quantidade estritamente necess\u00e1ria para a higieniza\u00e7\u00e3o completa. Possui acessibilidade, sendo totalmente adaptado para pessoas com defici\u00eancia (PCD), al\u00e9m de estrutura antivandalismo, sendo um equipamento efetivo em \u00e1reas de grande fluxo de banhistas e exposi\u00e7\u00e3o mar\u00edtima.<\/p>\n<p>\u00a0<\/p>\n<p>A Praia do Tombo foi local escolhido para receber o primeiro equipamento, devido \u00e0s 16 certifica\u00e7\u00f5es consecutivas do selo Bandeira Azul, simbolizando o compromisso da Secretaria de Meio Ambiente e Seguran\u00e7a Clim\u00e1tica de Guaruj\u00e1 (Semam) com o turismo sustent\u00e1vel. A cerim\u00f4nia de inaugura\u00e7\u00e3o contar\u00e1 com a presen\u00e7a de autoridades e t\u00e9cnicos da \u00e1rea ambiental.<\/p>\n<p>\u00a0<\/p>\n<p>A instala\u00e7\u00e3o dos banheiros \u00e9 viabilizada por meio do Fundo Municipal de Saneamento Ambiental, reafirmando o compromisso da Prefeitura em converter recursos do setor em benef\u00edcios diretos \u00e0 balneabilidade e ao conforto dos usu\u00e1rios. O secret\u00e1rio de Meio Ambiente e Seguran\u00e7a Clim\u00e1tica de Guaruj\u00e1 (Semam), Rodrigo Fernandes, enfatiza a sustentabilidade como pilar central da implanta\u00e7\u00e3o das unidades.<\/p>\n<p>\u00a0<\/p>\n<p>&#8220;A iniciativa busca elevar os padr\u00f5es de atendimento ao cidad\u00e3o e ao turista, cumprindo rigorosamente os crit\u00e9rios de gest\u00e3o ambiental exigidos pela Foundation for Environmental Education (FEE), entidade respons\u00e1vel pela Certifica\u00e7\u00e3o Bandeira Azul, o que refor\u00e7a a refer\u00eancia da Praia do Tombo no cuidado com o ecossistema costeiro e conforto aos usu\u00e1rios&#8221;, enaltece Rodrigo.<\/p>\n<\/p><\/div>\n<p><script async defer crossorigin=\"anonymous\" src=\"https:\/\/connect.facebook.net\/pt_BR\/sdk.js#xfbml=1&#038;version=v12.0&#038;appId=&#038;autoLogAppEvents=1\" nonce=\"ou0fI1lo\"><\/script><br \/>\n<br \/><br \/>\n<br \/>Fonte: <a href=\"https:\/\/www.bs9.com.br\/litoral\/guaruja-inaugura-o-primeiro-banheiro-autolimpante-no-tombo-na\/39009\/\">BS9<\/a><\/p>\n","protected":false},"excerpt":{"rendered":"<p>Alcan\u00e7ando um novo marco em infraestrutura urbana e turismo sustent\u00e1vel, a Prefeitura de Guaruj\u00e1 realiza a inaugura\u00e7\u00e3o do primeiro banheiro autolimpante sustent\u00e1vel no Munic\u00edpio, na quarta-feira (22). A instala\u00e7\u00e3o acontece na Praia do Tombo, a partir das 9 horas, e \u00e9 uma iniciativa in\u00e9dita no estado de S\u00e3o Paulo, apresentando uma nova estrutura que utiliza [&hellip;]<\/p>\n","protected":false},"author":5,"featured_media":74150,"comment_status":"open","ping_status":"open","sticky":false,"template":"","format":"standard","meta":{"_seopress_robots_primary_cat":"","_seopress_titles_title":"","_seopress_titles_desc":"","_seopress_robots_index":"","footnotes":""},"categories":[52],"tags":[],"class_list":["post-74149","post","type-post","status-publish","format-standard","has-post-thumbnail","hentry","category-santoseregiao"],"_links":{"self":[{"href":"https:\/\/mussicom.com\/noticias\/wp-json\/wp\/v2\/posts\/74149","targetHints":{"allow":["GET"]}}],"collection":[{"href":"https:\/\/mussicom.com\/noticias\/wp-json\/wp\/v2\/posts"}],"about":[{"href":"https:\/\/mussicom.com\/noticias\/wp-json\/wp\/v2\/types\/post"}],"author":[{"embeddable":true,"href":"https:\/\/mussicom.com\/noticias\/wp-json\/wp\/v2\/users\/5"}],"replies":[{"embeddable":true,"href":"https:\/\/mussicom.com\/noticias\/wp-json\/wp\/v2\/comments?post=74149"}],"version-history":[{"count":0,"href":"https:\/\/mussicom.com\/noticias\/wp-json\/wp\/v2\/posts\/74149\/revisions"}],"wp:featuredmedia":[{"embeddable":true,"href":"https:\/\/mussicom.com\/noticias\/wp-json\/wp\/v2\/media\/74150"}],"wp:attachment":[{"href":"https:\/\/mussicom.com\/noticias\/wp-json\/wp\/v2\/media?parent=74149"}],"wp:term":[{"taxonomy":"category","embeddable":true,"href":"https:\/\/mussicom.com\/noticias\/wp-json\/wp\/v2\/categories?post=74149"},{"taxonomy":"post_tag","embeddable":true,"href":"https:\/\/mussicom.com\/noticias\/wp-json\/wp\/v2\/tags?post=74149"}],"curies":[{"name":"wp","href":"https:\/\/api.w.org\/{rel}","templated":true}]}}