{"id":74133,"date":"2026-04-19T05:46:29","date_gmt":"2026-04-19T08:46:29","guid":{"rendered":"https:\/\/mussicom.com\/santos-divulga-relacionados-para-enfrentar-o-fluminense-com-retorno-de-mayke\/"},"modified":"2026-04-19T05:46:29","modified_gmt":"2026-04-19T08:46:29","slug":"santos-divulga-relacionados-para-enfrentar-o-fluminense-com-retorno-de-mayke","status":"publish","type":"post","link":"https:\/\/mussicom.com\/noticias\/santos-divulga-relacionados-para-enfrentar-o-fluminense-com-retorno-de-mayke\/","title":{"rendered":"Santos divulga relacionados para enfrentar o Fluminense com retorno de Mayke"},"content":{"rendered":"<p> <br \/>\n<\/p>\n<div>\n<div id=\"attachment_182614\" style=\"width: 310px\" class=\"wp-caption aligncenter\"><img alt=\"\" fetchpriority=\"high\" fetchpriority=\"high\" decoding=\"async\" aria-describedby=\"caption-attachment-182614\" class=\"size-medium wp-image-182614\" src=\"https:\/\/www.diariodopeixe.com.br\/wp-content\/uploads\/2026\/04\/11277842-1e11-4697-b194-7e9d884d41e2-300x200.jpeg\" alt=\"\" width=\"300\" height=\"200\" srcset=\"https:\/\/www.diariodopeixe.com.br\/wp-content\/uploads\/2026\/04\/11277842-1e11-4697-b194-7e9d884d41e2-200x133.jpeg 200w, https:\/\/www.diariodopeixe.com.br\/wp-content\/uploads\/2026\/04\/11277842-1e11-4697-b194-7e9d884d41e2-300x200.jpeg 300w, https:\/\/www.diariodopeixe.com.br\/wp-content\/uploads\/2026\/04\/11277842-1e11-4697-b194-7e9d884d41e2-400x267.jpeg 400w, https:\/\/www.diariodopeixe.com.br\/wp-content\/uploads\/2026\/04\/11277842-1e11-4697-b194-7e9d884d41e2-600x400.jpeg 600w, https:\/\/www.diariodopeixe.com.br\/wp-content\/uploads\/2026\/04\/11277842-1e11-4697-b194-7e9d884d41e2-768x512.jpeg 768w, https:\/\/www.diariodopeixe.com.br\/wp-content\/uploads\/2026\/04\/11277842-1e11-4697-b194-7e9d884d41e2-800x533.jpeg 800w, https:\/\/www.diariodopeixe.com.br\/wp-content\/uploads\/2026\/04\/11277842-1e11-4697-b194-7e9d884d41e2-1024x682.jpeg 1024w, https:\/\/www.diariodopeixe.com.br\/wp-content\/uploads\/2026\/04\/11277842-1e11-4697-b194-7e9d884d41e2-1200x800.jpeg 1200w, https:\/\/www.diariodopeixe.com.br\/wp-content\/uploads\/2026\/04\/11277842-1e11-4697-b194-7e9d884d41e2-1536x1023.jpeg 1536w, https:\/\/www.diariodopeixe.com.br\/wp-content\/uploads\/2026\/04\/11277842-1e11-4697-b194-7e9d884d41e2.jpeg 1600w\" sizes=\"(max-width: 300px) 100vw, 300px\"\/><\/p>\n<p id=\"caption-attachment-182614\" class=\"wp-caption-text\">Santos divulga lista de relacionados para enfrentar o Fluminense (Foto: Raul Baretta \/ Santos FC)<\/p>\n<\/div>\n<p>O Santos definiu a lista de jogadores convocados para o duelo contra o Fluminense, neste domingo, \u00e0s 16h, pela 12\u00aa rodada do Campeonato Brasileiro. Para a partida, o t\u00e9cnico Cuca ter\u00e1 o retorno de Mayke, enquanto Rony aparece como o principal desfalque do elenco.<\/p>\n<p>Rony ficou fora da rela\u00e7\u00e3o ap\u00f3s sofrer uma tor\u00e7\u00e3o no tornozelo direito e segue em recupera\u00e7\u00e3o. O atacante vinha sendo utilizado com frequ\u00eancia nas \u00faltimas partidas e desfalca a equipe em um momento importante da temporada.<\/p>\n<p>Por outro lado, Mayke volta a ficar \u00e0 disposi\u00e7\u00e3o depois de ser aus\u00eancia nos compromissos recentes. O lateral-direito havia sido preservado ap\u00f3s utilizar corticoide no tratamento de um problema no joelho direito e retorna como op\u00e7\u00e3o para o sistema defensivo.<\/p>\n<p>Entre os nomes confirmados para a partida est\u00e3o Neymar e Gabriel Barbosa, que iniciaram como titulares no empate por 1 a 1 com o Recoleta pela Copa Sul-Americana e seguem entre os relacionados para o confronto.<\/p>\n<h3>Relacionados do Santos para a partida<\/h3>\n<p>Goleiros: Gabriel Braz\u00e3o, Rodrigo Falc\u00e3o, Di\u00f3genes e Jo\u00e3o Pedro<br \/>Defensores: Z\u00e9 Ivaldo, Igor Vin\u00edcius, Adonis Fr\u00edas, Lucas Ver\u00edssimo, Rafael Gonzaga, Luan Peres e Mayke<br \/>Meio-campistas: Z\u00e9 Rafael, Christian Oliva, Jo\u00e3o Schmidt, Willian Ar\u00e3o, Thaciano, Gabriel Bontempo e Gustavo Henrique<br \/>Atacantes: Barreal, Robinho Jr., Miguelito, Rollheiser, Mois\u00e9s, Neymar e Lautaro D\u00edaz<\/p>\n<p>Com 13 pontos em 11 rodadas, o Santos ocupa a 15\u00aa coloca\u00e7\u00e3o do Campeonato Brasileiro e tenta abrir dist\u00e2ncia para a zona de rebaixamento. Na \u00faltima rodada da competi\u00e7\u00e3o, o Peixe venceu o Atl\u00e9tico Mineiro por 1 a 0 na Vila Belmiro, com gol de Mois\u00e9s.<\/p>\n<\/p><\/div>\n<p><br \/>\n<br \/>Fonte: <a href=\"https:\/\/www.diariodopeixe.com.br\/noticias\/santos-divulga-relacionados-para-enfrentar-o-fluminense-com-retorno-de-mayke\/\">Di\u00e1rio do Peixe<\/a><\/p>\n","protected":false},"excerpt":{"rendered":"<p>Santos divulga lista de relacionados para enfrentar o Fluminense (Foto: Raul Baretta \/ Santos FC) O Santos definiu a lista de jogadores convocados para o duelo contra o Fluminense, neste domingo, \u00e0s 16h, pela 12\u00aa rodada do Campeonato Brasileiro. Para a partida, o t\u00e9cnico Cuca ter\u00e1 o retorno de Mayke, enquanto Rony aparece como o [&hellip;]<\/p>\n","protected":false},"author":5,"featured_media":74134,"comment_status":"open","ping_status":"open","sticky":false,"template":"","format":"standard","meta":{"_seopress_robots_primary_cat":"","_seopress_titles_title":"","_seopress_titles_desc":"","_seopress_robots_index":"","footnotes":""},"categories":[55],"tags":[],"class_list":["post-74133","post","type-post","status-publish","format-standard","has-post-thumbnail","hentry","category-santos-fc"],"_links":{"self":[{"href":"https:\/\/mussicom.com\/noticias\/wp-json\/wp\/v2\/posts\/74133","targetHints":{"allow":["GET"]}}],"collection":[{"href":"https:\/\/mussicom.com\/noticias\/wp-json\/wp\/v2\/posts"}],"about":[{"href":"https:\/\/mussicom.com\/noticias\/wp-json\/wp\/v2\/types\/post"}],"author":[{"embeddable":true,"href":"https:\/\/mussicom.com\/noticias\/wp-json\/wp\/v2\/users\/5"}],"replies":[{"embeddable":true,"href":"https:\/\/mussicom.com\/noticias\/wp-json\/wp\/v2\/comments?post=74133"}],"version-history":[{"count":0,"href":"https:\/\/mussicom.com\/noticias\/wp-json\/wp\/v2\/posts\/74133\/revisions"}],"wp:featuredmedia":[{"embeddable":true,"href":"https:\/\/mussicom.com\/noticias\/wp-json\/wp\/v2\/media\/74134"}],"wp:attachment":[{"href":"https:\/\/mussicom.com\/noticias\/wp-json\/wp\/v2\/media?parent=74133"}],"wp:term":[{"taxonomy":"category","embeddable":true,"href":"https:\/\/mussicom.com\/noticias\/wp-json\/wp\/v2\/categories?post=74133"},{"taxonomy":"post_tag","embeddable":true,"href":"https:\/\/mussicom.com\/noticias\/wp-json\/wp\/v2\/tags?post=74133"}],"curies":[{"name":"wp","href":"https:\/\/api.w.org\/{rel}","templated":true}]}}