{"id":74091,"date":"2026-04-18T21:46:08","date_gmt":"2026-04-19T00:46:08","guid":{"rendered":"https:\/\/mussicom.com\/trump-acelera-acesso-a-tratamentos-com-drogas-psicodelicas\/"},"modified":"2026-04-18T21:46:08","modified_gmt":"2026-04-19T00:46:08","slug":"trump-acelera-acesso-a-tratamentos-com-drogas-psicodelicas","status":"publish","type":"post","link":"https:\/\/mussicom.com\/noticias\/trump-acelera-acesso-a-tratamentos-com-drogas-psicodelicas\/","title":{"rendered":"Trump acelera acesso a tratamentos com drogas psicod\u00e9licas"},"content":{"rendered":"<p> <br \/>\n<\/p>\n<div id=\"tp-post-content\">\n<p class=\"postParagraph_post-paragraph__juWZN postParagraph_post-paragraph-innerHtml__Q5vwc\">O presidente dos Estados Unidos, Donald Trump, assinou neste s\u00e1bado (18) uma ordem executiva para acelerar no pa\u00eds a pesquisa e o acesso experimental a tratamentos de transtornos mentais graves com drogas psicod\u00e9licas.<\/p>\n<p class=\"postParagraph_post-paragraph__juWZN postParagraph_post-paragraph-innerHtml__Q5vwc\">Segundo o texto da medida, a Administra\u00e7\u00e3o de Alimentos e Medicamentos (FDA, na sigla em ingl\u00eas) dever\u00e1 fornecer vouchers de prioridade nacional para \u201cmedicamentos psicod\u00e9licos apropriados que tenham recebido a designa\u00e7\u00e3o de terapia inovadora e estejam em conformidade com os crit\u00e9rios do programa\u201d.<\/p>\n<p class=\"postParagraph_post-paragraph__juWZN postParagraph_post-paragraph-innerHtml__Q5vwc\">A ordem executiva tamb\u00e9m determina que o Departamento de Sa\u00fade e Servi\u00e7os Humanos do governo dos Estados Unidos alocar\u00e1 pelo menos US$ 50 milh\u00f5es para apoiar e estabelecer parcerias com governos estaduais que tenham implementado ou estejam desenvolvendo programas para promover o uso de drogas psicod\u00e9licas no tratamento de transtornos mentais graves, inclusive por meio de financiamento federal, assist\u00eancia t\u00e9cnica e compartilhamento de dados.<\/p>\n<p class=\"postParagraph_post-paragraph__juWZN postParagraph_post-paragraph-innerHtml__Q5vwc\">\u201cDrogas psicod\u00e9licas, incluindo compostos de iboga\u00edna, demonstram potencial em estudos cl\u00ednicos para tratar transtornos mentais graves em pacientes cujas condi\u00e7\u00f5es persistem ap\u00f3s a conclus\u00e3o da terapia padr\u00e3o\u201d, apontou a ordem executiva.<\/p>\n<p class=\"postParagraph_post-paragraph__juWZN postParagraph_post-paragraph-innerHtml__Q5vwc\">Entre os transtornos mentais que podem ser tratados experimentalmente, est\u00e3o o transtorno de estresse p\u00f3s-traum\u00e1tico e depress\u00e3o, segundo a gest\u00e3o Trump.<\/p>\n<p class=\"postParagraph_post-paragraph__juWZN postParagraph_post-paragraph-innerHtml__Q5vwc\">De acordo com informa\u00e7\u00f5es da ag\u00eancia Reuters, a iboga\u00edna, derivada de um arbusto nativo da \u00c1frica, \u00e9 uma subst\u00e2ncia controlada de Classe I nos Estados Unidos, o que significa que \u00e9 considerada como n\u00e3o tendo \u201cnenhum uso m\u00e9dico atualmente aceito e um alto potencial de uso abusivo\u201d, de acordo com a Administra\u00e7\u00e3o de Combate \u00e0s Drogas (DEA).<\/p>\n<p class=\"postParagraph_post-paragraph__juWZN postParagraph_post-paragraph-innerHtml__Q5vwc\">Na cerim\u00f4nia de assinatura da ordem executiva na Casa Branca, Trump estava ao lado do podcaster Joe Rogan, que, segundo o presidente americano, foi um dos principais respons\u00e1veis por chamar sua aten\u00e7\u00e3o para a iboga\u00edna, ao receber em seu programa defensores do uso da droga no tratamento de veteranos de guerra.<\/p>\n<p class=\"postParagraph_post-paragraph__juWZN postParagraph_post-paragraph-innerHtml__Q5vwc\">\u201cTenho ouvido falar um pouco sobre isso de um ano para c\u00e1\u201d, disse Trump. \u201cNunca tinha ouvido nada a respeito antes. Era quase um tabu. N\u00e3o \u00e9 mais um tabu.\u201d<\/p>\n<\/div>\n<p><br \/>\n<br \/>Fonte: <a href=\"https:\/\/www.gazetadopovo.com.br\/mundo\/trump-assina-ordem-acelerar-acesso-experimental-tratamentos-drogas-psicodelicas\/\">Revista Oeste<\/a><\/p>\n","protected":false},"excerpt":{"rendered":"<p>O presidente dos Estados Unidos, Donald Trump, assinou neste s\u00e1bado (18) uma ordem executiva para acelerar no pa\u00eds a pesquisa e o acesso experimental a tratamentos de transtornos mentais graves com drogas psicod\u00e9licas. Segundo o texto da medida, a Administra\u00e7\u00e3o de Alimentos e Medicamentos (FDA, na sigla em ingl\u00eas) dever\u00e1 fornecer vouchers de prioridade nacional [&hellip;]<\/p>\n","protected":false},"author":5,"featured_media":74092,"comment_status":"open","ping_status":"open","sticky":false,"template":"","format":"standard","meta":{"_seopress_robots_primary_cat":"","_seopress_titles_title":"","_seopress_titles_desc":"","_seopress_robots_index":"","footnotes":""},"categories":[48],"tags":[],"class_list":["post-74091","post","type-post","status-publish","format-standard","has-post-thumbnail","hentry","category-internacional"],"_links":{"self":[{"href":"https:\/\/mussicom.com\/noticias\/wp-json\/wp\/v2\/posts\/74091","targetHints":{"allow":["GET"]}}],"collection":[{"href":"https:\/\/mussicom.com\/noticias\/wp-json\/wp\/v2\/posts"}],"about":[{"href":"https:\/\/mussicom.com\/noticias\/wp-json\/wp\/v2\/types\/post"}],"author":[{"embeddable":true,"href":"https:\/\/mussicom.com\/noticias\/wp-json\/wp\/v2\/users\/5"}],"replies":[{"embeddable":true,"href":"https:\/\/mussicom.com\/noticias\/wp-json\/wp\/v2\/comments?post=74091"}],"version-history":[{"count":0,"href":"https:\/\/mussicom.com\/noticias\/wp-json\/wp\/v2\/posts\/74091\/revisions"}],"wp:featuredmedia":[{"embeddable":true,"href":"https:\/\/mussicom.com\/noticias\/wp-json\/wp\/v2\/media\/74092"}],"wp:attachment":[{"href":"https:\/\/mussicom.com\/noticias\/wp-json\/wp\/v2\/media?parent=74091"}],"wp:term":[{"taxonomy":"category","embeddable":true,"href":"https:\/\/mussicom.com\/noticias\/wp-json\/wp\/v2\/categories?post=74091"},{"taxonomy":"post_tag","embeddable":true,"href":"https:\/\/mussicom.com\/noticias\/wp-json\/wp\/v2\/tags?post=74091"}],"curies":[{"name":"wp","href":"https:\/\/api.w.org\/{rel}","templated":true}]}}