{"id":74037,"date":"2026-04-18T15:47:24","date_gmt":"2026-04-18T18:47:24","guid":{"rendered":"https:\/\/mussicom.com\/limitantes-de-solo-no-milho-exigem-diagnostico-correto-para-evitar-perdas-na-lavoura\/"},"modified":"2026-04-18T15:47:24","modified_gmt":"2026-04-18T18:47:24","slug":"limitantes-de-solo-no-milho-exigem-diagnostico-correto-para-evitar-perdas-na-lavoura","status":"publish","type":"post","link":"https:\/\/mussicom.com\/noticias\/limitantes-de-solo-no-milho-exigem-diagnostico-correto-para-evitar-perdas-na-lavoura\/","title":{"rendered":"Limitantes de solo no milho exigem diagn\u00f3stico correto para evitar perdas na lavoura"},"content":{"rendered":"<p> <br \/>\n<\/p>\n<div>\n<p style=\"text-align:justify\">A produtividade do milho come\u00e7a no solo. Quando h\u00e1 restri\u00e7\u00f5es qu\u00edmicas ou f\u00edsicas no perfil, a cultura perde capacidade de enraizamento, reduz a absor\u00e7\u00e3o de \u00e1gua e nutrientes e fica mais vulner\u00e1vel a per\u00edodos de estiagem. Por isso, identificar os principais limitantes de solo \u00e9 passo decisivo para o produtor planejar corre\u00e7\u00f5es e evitar preju\u00edzos recorrentes no campo.&#13;\n<\/p>\n<p style=\"text-align:justify\">O milho \u00e9 uma cultura altamente responsiva \u00e0s condi\u00e7\u00f5es do ambiente. Em solos com boa fertilidade, estrutura adequada e aus\u00eancia de toxidez, a planta consegue expressar melhor seu potencial produtivo. J\u00e1 em \u00e1reas com acidez elevada, alum\u00ednio t\u00f3xico, compacta\u00e7\u00e3o, baixa capacidade de troca de c\u00e1tions (CTC), defici\u00eancia de nutrientes e, em situa\u00e7\u00f5es espec\u00edficas, salinidade, o desempenho da lavoura tende a cair.<\/p>\n<p style=\"text-align:justify\">Entre os principais entraves est\u00e1 a acidez do solo. Em ambientes muito \u00e1cidos, o alum\u00ednio se torna mais dispon\u00edvel em n\u00edveis t\u00f3xicos para as ra\u00edzes. Na pr\u00e1tica, isso limita o alongamento radicular e reduz a capacidade de a planta explorar \u00e1gua e nutrientes em profundidade. O reflexo aparece em lavouras desuniformes, plantas menores e menor resposta ao uso de fertilizantes.<\/p>\n<p style=\"text-align:justify\">Outro problema frequente \u00e9 a compacta\u00e7\u00e3o, causada principalmente pelo tr\u00e1fego excessivo de m\u00e1quinas, preparo inadequado do solo, baixa presen\u00e7a de mat\u00e9ria org\u00e2nica e aus\u00eancia de plantas de cobertura com ra\u00edzes mais agressivas. Quando h\u00e1 camadas adensadas, as ra\u00edzes do milho ficam restritas \u00e0 superf\u00edcie, a infiltra\u00e7\u00e3o de \u00e1gua \u00e9 prejudicada e a cultura se torna mais suscet\u00edvel \u00e0 estiagem e ao acamamento.&#13;\n<\/p>\n<p style=\"text-align:justify\">A baixa CTC e o baixo teor de mat\u00e9ria org\u00e2nica tamb\u00e9m est\u00e3o entre os fatores que comprometem o desempenho da cultura. Solos com essas caracter\u00edsticas, comuns em \u00e1reas arenosas, t\u00eam menor capacidade de reter nutrientes e menor efeito tamp\u00e3o frente \u00e0 aduba\u00e7\u00e3o. Isso aumenta o risco de lixivia\u00e7\u00e3o, reduz a efici\u00eancia dos fertilizantes e exige manejo mais criterioso ao longo da safra. Para o milho, que demanda nutri\u00e7\u00e3o constante, essa limita\u00e7\u00e3o pesa diretamente no resultado final.<\/p>\n<p style=\"text-align:justify\">As defici\u00eancias e os desequil\u00edbrios de nutrientes completam a lista dos principais limitantes. F\u00f3sforo, nitrog\u00eanio e pot\u00e1ssio est\u00e3o entre os elementos mais exigidos pela cultura. Quando o f\u00f3sforo est\u00e1 baixo, por exemplo, o produtor pode observar crescimento lento e colora\u00e7\u00e3o arroxeada nas folhas nas fases iniciais. J\u00e1 desequil\u00edbrios entre c\u00e1lcio, magn\u00e9sio e pot\u00e1ssio afetam o desenvolvimento radicular e a efici\u00eancia de absor\u00e7\u00e3o de nutrientes.<\/p>\n<p style=\"text-align:justify\">Em \u00e1reas irrigadas ou com material de origem salino-s\u00f3dico, a salinidade e a sodicidade tamb\u00e9m merecem aten\u00e7\u00e3o. Nesses casos, o excesso de sais dificulta a absor\u00e7\u00e3o de \u00e1gua pelas ra\u00edzes, enquanto o s\u00f3dio pode comprometer a estrutura do solo. O resultado aparece em germina\u00e7\u00e3o prejudicada, pl\u00e2ntulas fracas e queda de produtividade.&#13;\n<\/p>\n<p style=\"text-align:justify\">O diagn\u00f3stico desses problemas n\u00e3o deve se basear apenas na observa\u00e7\u00e3o visual da lavoura. A an\u00e1lise de solo segue como principal ferramenta para identificar limita\u00e7\u00f5es qu\u00edmicas, enquanto a avalia\u00e7\u00e3o f\u00edsica, com abertura de trincheiras e uso de penetr\u00f4metro, ajuda a detectar camadas compactadas. Em campo, sinais como desuniformidade no talh\u00e3o, plantas de menor porte em manchas espec\u00edficas, ra\u00edzes curtas e pouco ramificadas e redu\u00e7\u00e3o de estande podem indicar que o problema est\u00e1 no solo.<\/p>\n<p style=\"text-align:justify\">A recomenda\u00e7\u00e3o t\u00e9cnica \u00e9 que a corre\u00e7\u00e3o desses limitantes seja pensada al\u00e9m da safra imediata. O planejamento deve considerar an\u00e1lise de solo em diferentes profundidades, corre\u00e7\u00e3o da acidez, manejo da fertilidade, uso de plantas de cobertura, rota\u00e7\u00e3o de culturas e melhoria gradual da mat\u00e9ria org\u00e2nica. A l\u00f3gica \u00e9 sair do improviso safra a safra e construir um ambiente mais equilibrado para o milho ao longo dos anos.<\/p>\n<p style=\"text-align:justify\">\u00a0<\/p>\n<\/p><\/div>\n<p><script data-cfasync=\"false\">\n    !function (f, b, e, v, n, t, s) {\n        if (f.fbq) return; n = f.fbq = function () {\n            n.callMethod ?\n                n.callMethod.apply(n, arguments) : n.queue.push(arguments)\n        };\n        if (!f._fbq) f._fbq = n; n.push = n; n.loaded = !0; n.version = '2.0';\n        n.queue = []; t = b.createElement(e); t.async = !0;\n        t.src = v; s = b.getElementsByTagName(e)[0];\n        s.parentNode.insertBefore(t, s)\n    }(window, document, 'script',\n        'https:\/\/connect.facebook.net\/en_US\/fbevents.js');\n    fbq('init', '522546078623747');\n    fbq('track', 'PageView');\n<\/script><br \/>\n<br \/><br \/>\n<br \/>Fonte: <a href=\"https:\/\/www.agrolink.com.br\/noticias\/limitantes-de-solo-no-milho-exigem-diagnostico-correto-para-evitar-perdas-na-lavoura_513228.html\">AGROLINK<\/a><\/p>\n","protected":false},"excerpt":{"rendered":"<p>A produtividade do milho come\u00e7a no solo. Quando h\u00e1 restri\u00e7\u00f5es qu\u00edmicas ou f\u00edsicas no perfil, a cultura perde capacidade de enraizamento, reduz a absor\u00e7\u00e3o de \u00e1gua e nutrientes e fica mais vulner\u00e1vel a per\u00edodos de estiagem. Por isso, identificar os principais limitantes de solo \u00e9 passo decisivo para o produtor planejar corre\u00e7\u00f5es e evitar preju\u00edzos [&hellip;]<\/p>\n","protected":false},"author":5,"featured_media":74038,"comment_status":"open","ping_status":"open","sticky":false,"template":"","format":"standard","meta":{"_seopress_robots_primary_cat":"","_seopress_titles_title":"","_seopress_titles_desc":"","_seopress_robots_index":"","footnotes":""},"categories":[53],"tags":[],"class_list":["post-74037","post","type-post","status-publish","format-standard","has-post-thumbnail","hentry","category-agronegocio"],"_links":{"self":[{"href":"https:\/\/mussicom.com\/noticias\/wp-json\/wp\/v2\/posts\/74037","targetHints":{"allow":["GET"]}}],"collection":[{"href":"https:\/\/mussicom.com\/noticias\/wp-json\/wp\/v2\/posts"}],"about":[{"href":"https:\/\/mussicom.com\/noticias\/wp-json\/wp\/v2\/types\/post"}],"author":[{"embeddable":true,"href":"https:\/\/mussicom.com\/noticias\/wp-json\/wp\/v2\/users\/5"}],"replies":[{"embeddable":true,"href":"https:\/\/mussicom.com\/noticias\/wp-json\/wp\/v2\/comments?post=74037"}],"version-history":[{"count":0,"href":"https:\/\/mussicom.com\/noticias\/wp-json\/wp\/v2\/posts\/74037\/revisions"}],"wp:featuredmedia":[{"embeddable":true,"href":"https:\/\/mussicom.com\/noticias\/wp-json\/wp\/v2\/media\/74038"}],"wp:attachment":[{"href":"https:\/\/mussicom.com\/noticias\/wp-json\/wp\/v2\/media?parent=74037"}],"wp:term":[{"taxonomy":"category","embeddable":true,"href":"https:\/\/mussicom.com\/noticias\/wp-json\/wp\/v2\/categories?post=74037"},{"taxonomy":"post_tag","embeddable":true,"href":"https:\/\/mussicom.com\/noticias\/wp-json\/wp\/v2\/tags?post=74037"}],"curies":[{"name":"wp","href":"https:\/\/api.w.org\/{rel}","templated":true}]}}