{"id":74031,"date":"2026-04-18T14:46:21","date_gmt":"2026-04-18T17:46:21","guid":{"rendered":"https:\/\/mussicom.com\/periodo-seco-favorece-acaro-vermelho-no-cafe\/"},"modified":"2026-04-18T14:46:21","modified_gmt":"2026-04-18T17:46:21","slug":"periodo-seco-favorece-acaro-vermelho-no-cafe","status":"publish","type":"post","link":"https:\/\/mussicom.com\/noticias\/periodo-seco-favorece-acaro-vermelho-no-cafe\/","title":{"rendered":"Per\u00edodo seco favorece \u00e1caro-vermelho no caf\u00e9"},"content":{"rendered":"<p> <br \/>\n<\/p>\n<div>\n<p style=\"text-align:justify\">O avan\u00e7o do per\u00edodo seco nas principais regi\u00f5es produtoras de caf\u00e9 do Brasil acende um alerta para o \u00e1caro-vermelho, praga que encontra condi\u00e7\u00f5es ideais para se multiplicar entre abril e outubro. Com clima mais seco, menor umidade e maior incid\u00eancia solar, a infesta\u00e7\u00e3o pode evoluir rapidamente e comprometer a produtividade das lavouras, especialmente quando o monitoramento \u00e9 falho ou tardio.&#13;\n<\/p>\n<p style=\"text-align:justify\">O \u00e1caro-vermelho do cafeeiro provoca amarelecimento, bronzeamento e queda de folhas, afetando diretamente a capacidade fotossint\u00e9tica das plantas e, consequentemente, o enchimento dos frutos. O problema tende a se intensificar em talh\u00f5es mais expostos ao sol e em \u00e1reas com d\u00e9ficit h\u00eddrico.<\/p>\n<p style=\"text-align:justify\"><strong>Clima seco acelera crescimento populacional da praga<\/strong><\/p>\n<p style=\"text-align:justify\">A combina\u00e7\u00e3o de baixa umidade relativa do ar, temperaturas amenas a elevadas e redu\u00e7\u00e3o das chuvas cria um ambiente altamente favor\u00e1vel para o desenvolvimento do \u00e1caro. Nessas condi\u00e7\u00f5es, o ciclo de vida do organismo \u2014 do ovo ao adulto \u2014 ocorre rapidamente, permitindo v\u00e1rias gera\u00e7\u00f5es em poucos meses.<\/p>\n<p style=\"text-align:justify\">Esse crescimento acelerado explica por que muitos produtores s\u00f3 percebem a infesta\u00e7\u00e3o quando os danos j\u00e1 est\u00e3o avan\u00e7ados. Quando a lavoura apresenta folhas com aspecto ferruginoso ou bronzeado, parte do preju\u00edzo fisiol\u00f3gico j\u00e1 est\u00e1 instalada, e a recupera\u00e7\u00e3o tende a ser lenta.&#13;\n<\/p>\n<p style=\"text-align:justify\"><strong>Focos come\u00e7am nas \u00e1reas mais expostas da planta<\/strong><\/p>\n<p style=\"text-align:justify\">Os primeiros sinais da praga costumam surgir no ter\u00e7o superior das plantas, principalmente em folhas mais expostas ao sol e em bordaduras de talh\u00f5es. Inicialmente, aparecem pequenos pontos amarelados, que evoluem para manchas maiores e, posteriormente, para o bronzeamento generalizado das folhas.<\/p>\n<p style=\"text-align:justify\">Apesar de vis\u00edveis em est\u00e1gios avan\u00e7ados, os \u00e1caros s\u00e3o microsc\u00f3picos e, na maioria dos casos, s\u00f3 podem ser confirmados com o uso de lupa. Essa limita\u00e7\u00e3o contribui para falhas no diagn\u00f3stico e atraso na tomada de decis\u00e3o.<\/p>\n<p style=\"text-align:justify\"><strong>Erros de identifica\u00e7\u00e3o aumentam custos no campo<\/strong><\/p>\n<p style=\"text-align:justify\">Um dos principais entraves no manejo do \u00e1caro-vermelho \u00e9 a confus\u00e3o com outros problemas, como defici\u00eancia nutricional, cercosporiose ou estresse h\u00eddrico. Essa interpreta\u00e7\u00e3o equivocada pode levar a aplica\u00e7\u00f5es desnecess\u00e1rias de insumos ou ao uso inadequado de defensivos.<\/p>\n<p style=\"text-align:justify\">Al\u00e9m de elevar os custos de produ\u00e7\u00e3o, esse tipo de erro favorece o desenvolvimento de resist\u00eancia da praga e reduz a efici\u00eancia das estrat\u00e9gias de controle ao longo do tempo.<\/p>\n<p style=\"text-align:justify\"><strong>Monitoramento\u00a0<\/strong><\/p>\n<p style=\"text-align:justify\">Diante desse cen\u00e1rio, especialistas refor\u00e7am que o monitoramento sistem\u00e1tico \u00e9 a principal ferramenta para evitar surpresas na lavoura. Em condi\u00e7\u00f5es favor\u00e1veis ao \u00e1caro, a recomenda\u00e7\u00e3o \u00e9 realizar inspe\u00e7\u00f5es quinzenais \u2014 ou at\u00e9 semanais \u2014 avaliando diferentes pontos do talh\u00e3o, como bordaduras, \u00e1reas mais altas e regi\u00f5es mais expostas.&#13;\n<\/p>\n<p style=\"text-align:justify\">O uso de lupa de bolso e o registro das observa\u00e7\u00f5es ao longo do tempo ajudam a identificar padr\u00f5es de infesta\u00e7\u00e3o e a antecipar decis\u00f5es de manejo. A estrat\u00e9gia permite interven\u00e7\u00f5es mais assertivas, reduzindo tanto as perdas produtivas quanto o n\u00famero de aplica\u00e7\u00f5es necess\u00e1rias.<\/p>\n<p style=\"text-align:justify\"><strong>Impactos<\/strong><\/p>\n<p style=\"text-align:justify\">Os danos causados pelo \u00e1caro-vermelho n\u00e3o se restringem \u00e0 safra em curso. A queda precoce de folhas reduz a \u00e1rea fotossint\u00e9tica da planta, compromete a forma\u00e7\u00e3o de novas gemas produtivas e pode acelerar o envelhecimento dos ramos.<\/p>\n<p style=\"text-align:justify\">Em situa\u00e7\u00f5es mais severas, a lavoura pode demandar podas mais dr\u00e1sticas ou at\u00e9 renova\u00e7\u00e3o antecipada, aumentando significativamente o custo de produ\u00e7\u00e3o.<\/p>\n<p style=\"text-align:justify\"><strong>Manejo integrado<\/strong><\/p>\n<p style=\"text-align:justify\">Para reduzir os riscos, o manejo integrado \u00e9 apontado como a abordagem mais eficiente. Medidas como manuten\u00e7\u00e3o da cobertura do solo, equil\u00edbrio nutricional e uso racional de defensivos ajudam a diminuir a press\u00e3o da praga.<\/p>\n<p style=\"text-align:justify\">Al\u00e9m disso, a preserva\u00e7\u00e3o de inimigos naturais e a altern\u00e2ncia de ingredientes ativos s\u00e3o estrat\u00e9gias fundamentais para evitar surtos e retardar o desenvolvimento de resist\u00eancia.<\/p>\n<p style=\"text-align:justify\">\u00a0<\/p>\n<\/p><\/div>\n<p><script data-cfasync=\"false\">\n    !function (f, b, e, v, n, t, s) {\n        if (f.fbq) return; n = f.fbq = function () {\n            n.callMethod ?\n                n.callMethod.apply(n, arguments) : n.queue.push(arguments)\n        };\n        if (!f._fbq) f._fbq = n; n.push = n; n.loaded = !0; n.version = '2.0';\n        n.queue = []; t = b.createElement(e); t.async = !0;\n        t.src = v; s = b.getElementsByTagName(e)[0];\n        s.parentNode.insertBefore(t, s)\n    }(window, document, 'script',\n        'https:\/\/connect.facebook.net\/en_US\/fbevents.js');\n    fbq('init', '522546078623747');\n    fbq('track', 'PageView');\n<\/script><br \/>\n<br \/><br \/>\n<br \/>Fonte: <a href=\"https:\/\/www.agrolink.com.br\/noticias\/periodo-seco-favorece-acaro-vermelho-no-cafe_513231.html\">AGROLINK<\/a><\/p>\n","protected":false},"excerpt":{"rendered":"<p>O avan\u00e7o do per\u00edodo seco nas principais regi\u00f5es produtoras de caf\u00e9 do Brasil acende um alerta para o \u00e1caro-vermelho, praga que encontra condi\u00e7\u00f5es ideais para se multiplicar entre abril e outubro. Com clima mais seco, menor umidade e maior incid\u00eancia solar, a infesta\u00e7\u00e3o pode evoluir rapidamente e comprometer a produtividade das lavouras, especialmente quando o [&hellip;]<\/p>\n","protected":false},"author":5,"featured_media":74032,"comment_status":"open","ping_status":"open","sticky":false,"template":"","format":"standard","meta":{"_seopress_robots_primary_cat":"","_seopress_titles_title":"","_seopress_titles_desc":"","_seopress_robots_index":"","footnotes":""},"categories":[53],"tags":[],"class_list":["post-74031","post","type-post","status-publish","format-standard","has-post-thumbnail","hentry","category-agronegocio"],"_links":{"self":[{"href":"https:\/\/mussicom.com\/noticias\/wp-json\/wp\/v2\/posts\/74031","targetHints":{"allow":["GET"]}}],"collection":[{"href":"https:\/\/mussicom.com\/noticias\/wp-json\/wp\/v2\/posts"}],"about":[{"href":"https:\/\/mussicom.com\/noticias\/wp-json\/wp\/v2\/types\/post"}],"author":[{"embeddable":true,"href":"https:\/\/mussicom.com\/noticias\/wp-json\/wp\/v2\/users\/5"}],"replies":[{"embeddable":true,"href":"https:\/\/mussicom.com\/noticias\/wp-json\/wp\/v2\/comments?post=74031"}],"version-history":[{"count":0,"href":"https:\/\/mussicom.com\/noticias\/wp-json\/wp\/v2\/posts\/74031\/revisions"}],"wp:featuredmedia":[{"embeddable":true,"href":"https:\/\/mussicom.com\/noticias\/wp-json\/wp\/v2\/media\/74032"}],"wp:attachment":[{"href":"https:\/\/mussicom.com\/noticias\/wp-json\/wp\/v2\/media?parent=74031"}],"wp:term":[{"taxonomy":"category","embeddable":true,"href":"https:\/\/mussicom.com\/noticias\/wp-json\/wp\/v2\/categories?post=74031"},{"taxonomy":"post_tag","embeddable":true,"href":"https:\/\/mussicom.com\/noticias\/wp-json\/wp\/v2\/tags?post=74031"}],"curies":[{"name":"wp","href":"https:\/\/api.w.org\/{rel}","templated":true}]}}