{"id":73997,"date":"2026-04-18T10:29:39","date_gmt":"2026-04-18T13:29:39","guid":{"rendered":"https:\/\/mussicom.com\/versao-cidada-do-orcamento-2027-traduz-termos-tecnicos-para-o-publico\/"},"modified":"2026-04-18T10:29:39","modified_gmt":"2026-04-18T13:29:39","slug":"versao-cidada-do-orcamento-2027-traduz-termos-tecnicos-para-o-publico","status":"publish","type":"post","link":"https:\/\/mussicom.com\/noticias\/versao-cidada-do-orcamento-2027-traduz-termos-tecnicos-para-o-publico\/","title":{"rendered":"Vers\u00e3o cidad\u00e3 do Or\u00e7amento 2027 traduz termos t\u00e9cnicos para o p\u00fablico"},"content":{"rendered":"<p> <br \/>\n<\/p>\n<div>\n<p><strong>O Minist\u00e9rio do Planejamento e Or\u00e7amento (MPO) publicou\u00a0nesta quinta-feira (16) uma vers\u00e3o acess\u00edvel do\u00a0Projeto de Lei de Diretrizes Or\u00e7ament\u00e1rias (PLDO) de 2027.<\/strong> Chamado de &#8220;vers\u00e3o cidad\u00e3&#8221;, o documento traduz termos t\u00e9cnicos do or\u00e7amento p\u00fablico para uma linguagem mais simples e direta.<img decoding=\"async\" src=\"https:\/\/agenciabrasil.ebc.com.br\/ebc.gif?id=1686443&amp;o=node\" style=\"width:1px; height:1px; display:inline;\"\/><\/p>\n<p><strong>O objetivo \u00e9 que qualquer cidad\u00e3o \u2013 independentemente de seu n\u00edvel de escolaridade e de sua forma\u00e7\u00e3o t\u00e9cnica \u2013 consiga entender como o uso do dinheiro p\u00fablico ser\u00e1 planejado para o pr\u00f3ximo ano.<\/strong><\/p>\n<p>O governo acredita que a compreens\u00e3o das diretrizes do or\u00e7amento pode fortalecer a democracia, por meio do controle social das contas p\u00fablicas e do cumprimento da meta fiscal para a economia brasileira.<\/p>\n<h2>Conte\u00fado in\u00e9dito<\/h2>\n<p>O\u00a0Or\u00e7amento Cidad\u00e3o &#8211; PLDO 2027\u00a0explica como funciona o or\u00e7amento federal, quais s\u00e3o as etapas e prazos, al\u00e9m de detalhar metas e prioridades para os recursos dispon\u00edveis.<\/p>\n<p>No lugar de planilhas, o\u00a0documento conta com infogr\u00e1ficos explicativos, gloss\u00e1rio de termos t\u00e9cnicos e resumos das principais informa\u00e7\u00f5es do PLDO 2027.<\/p>\n<p>A vers\u00e3o cidad\u00e3 do or\u00e7amento p\u00fablico guia o leitor por conceitos b\u00e1sicos de or\u00e7amento at\u00e9 quest\u00f5es estrat\u00e9gicas do governo federal. O documento inclui:<\/p>\n<ul>\n<li>explica\u00e7\u00f5es sobre o funcionamento do ciclo or\u00e7ament\u00e1rio e suas principais leis;<\/li>\n<li>descri\u00e7\u00e3o das principais fun\u00e7\u00f5es da LDO;<\/li>\n<li>detalhes sobre as metas fiscais e proje\u00e7\u00f5es macroecon\u00f4micas para os pr\u00f3ximos anos;<\/li>\n<li>regras de transpar\u00eancia, responsabilidade e gest\u00e3o or\u00e7ament\u00e1ria;<\/li>\n<li>informa\u00e7\u00f5es sobre despesas com pessoal, execu\u00e7\u00e3o provis\u00f3ria e reservas no or\u00e7amento;<\/li>\n<li>apresenta\u00e7\u00e3o das prioridades e metas do governo para 2027;<\/li>\n<li>passo a passo de como participar da elabora\u00e7\u00e3o do PLDO.<\/li>\n<\/ul>\n<p>O instrumento conta ainda com as proje\u00e7\u00f5es brasileiras para o pr\u00f3ximo ano. S\u00e3o elas:<\/p>\n<p>Acesse\u00a0Or\u00e7amento Cidad\u00e3o &#8211; PLDO 2027\u00a0aqui.<\/p>\n<p>\u00a0<\/p>\n<p>\u00a0<\/p>\n<p>      <!-- Relacionada --><\/p>\n<p>            <!-- Relacionada -->\n    <\/div>\n<p><br \/>\n<br \/>Fonte: <a href=\"https:\/\/agenciabrasil.ebc.com.br\/economia\/noticia\/2026-04\/versao-cidada-do-orcamento-2027-traduz-termos-tecnicos-para-o-publico\">Gazeta do Povo<\/a><\/p>\n","protected":false},"excerpt":{"rendered":"<p>O Minist\u00e9rio do Planejamento e Or\u00e7amento (MPO) publicou\u00a0nesta quinta-feira (16) uma vers\u00e3o acess\u00edvel do\u00a0Projeto de Lei de Diretrizes Or\u00e7ament\u00e1rias (PLDO) de 2027. Chamado de &#8220;vers\u00e3o cidad\u00e3&#8221;, o documento traduz termos t\u00e9cnicos do or\u00e7amento p\u00fablico para uma linguagem mais simples e direta. O objetivo \u00e9 que qualquer cidad\u00e3o \u2013 independentemente de seu n\u00edvel de escolaridade e [&hellip;]<\/p>\n","protected":false},"author":5,"featured_media":73998,"comment_status":"open","ping_status":"open","sticky":false,"template":"","format":"standard","meta":{"_seopress_robots_primary_cat":"","_seopress_titles_title":"","_seopress_titles_desc":"","_seopress_robots_index":"","footnotes":""},"categories":[45],"tags":[],"class_list":["post-73997","post","type-post","status-publish","format-standard","has-post-thumbnail","hentry","category-economia"],"_links":{"self":[{"href":"https:\/\/mussicom.com\/noticias\/wp-json\/wp\/v2\/posts\/73997","targetHints":{"allow":["GET"]}}],"collection":[{"href":"https:\/\/mussicom.com\/noticias\/wp-json\/wp\/v2\/posts"}],"about":[{"href":"https:\/\/mussicom.com\/noticias\/wp-json\/wp\/v2\/types\/post"}],"author":[{"embeddable":true,"href":"https:\/\/mussicom.com\/noticias\/wp-json\/wp\/v2\/users\/5"}],"replies":[{"embeddable":true,"href":"https:\/\/mussicom.com\/noticias\/wp-json\/wp\/v2\/comments?post=73997"}],"version-history":[{"count":0,"href":"https:\/\/mussicom.com\/noticias\/wp-json\/wp\/v2\/posts\/73997\/revisions"}],"wp:featuredmedia":[{"embeddable":true,"href":"https:\/\/mussicom.com\/noticias\/wp-json\/wp\/v2\/media\/73998"}],"wp:attachment":[{"href":"https:\/\/mussicom.com\/noticias\/wp-json\/wp\/v2\/media?parent=73997"}],"wp:term":[{"taxonomy":"category","embeddable":true,"href":"https:\/\/mussicom.com\/noticias\/wp-json\/wp\/v2\/categories?post=73997"},{"taxonomy":"post_tag","embeddable":true,"href":"https:\/\/mussicom.com\/noticias\/wp-json\/wp\/v2\/tags?post=73997"}],"curies":[{"name":"wp","href":"https:\/\/api.w.org\/{rel}","templated":true}]}}