{"id":73993,"date":"2026-04-18T09:40:20","date_gmt":"2026-04-18T12:40:20","guid":{"rendered":"https:\/\/mussicom.com\/david-nogueira-entra-na-derrota-do-brasil-para-a-colombia-no-sul-americano-sub-17\/"},"modified":"2026-04-18T09:40:20","modified_gmt":"2026-04-18T12:40:20","slug":"david-nogueira-entra-na-derrota-do-brasil-para-a-colombia-no-sul-americano-sub-17","status":"publish","type":"post","link":"https:\/\/mussicom.com\/noticias\/david-nogueira-entra-na-derrota-do-brasil-para-a-colombia-no-sul-americano-sub-17\/","title":{"rendered":"David Nogueira entra na derrota do Brasil para a Col\u00f4mbia no Sul-Americano Sub-17"},"content":{"rendered":"<p> <br \/>\n<\/p>\n<div id=\"post-182502\">\n<div class=\"post-content\">\n<div id=\"attachment_182503\" style=\"width: 1064px\" class=\"wp-caption aligncenter\"><img alt=\"\" fetchpriority=\"high\" fetchpriority=\"high\" decoding=\"async\" aria-describedby=\"caption-attachment-182503\" class=\" wp-image-182503\" src=\"https:\/\/www.diariodopeixe.com.br\/wp-content\/uploads\/2026\/04\/IMG_2475-300x284.jpeg\" alt=\"\" width=\"1054\" height=\"998\" srcset=\"https:\/\/www.diariodopeixe.com.br\/wp-content\/uploads\/2026\/04\/IMG_2475-200x189.jpeg 200w, https:\/\/www.diariodopeixe.com.br\/wp-content\/uploads\/2026\/04\/IMG_2475-300x284.jpeg 300w, https:\/\/www.diariodopeixe.com.br\/wp-content\/uploads\/2026\/04\/IMG_2475-400x378.jpeg 400w, https:\/\/www.diariodopeixe.com.br\/wp-content\/uploads\/2026\/04\/IMG_2475-600x567.jpeg 600w, https:\/\/www.diariodopeixe.com.br\/wp-content\/uploads\/2026\/04\/IMG_2475-768x726.jpeg 768w, https:\/\/www.diariodopeixe.com.br\/wp-content\/uploads\/2026\/04\/IMG_2475-800x757.jpeg 800w, https:\/\/www.diariodopeixe.com.br\/wp-content\/uploads\/2026\/04\/IMG_2475.jpeg 828w\" sizes=\"(max-width: 1054px) 100vw, 1054px\"\/><\/p>\n<p id=\"caption-attachment-182503\" class=\"wp-caption-text\">David Nogueira entrou na Sele\u00e7\u00e3o Sub-17 (Cr\u00e9dito: Reprodu\u00e7\u00e3o)<\/p>\n<\/div>\n<p>O atacante David Nogueira, do Santos, entrou na derrota do Brasil para a Col\u00f4mbia por 3 a 0, no Est\u00e1dio Defensores del Chaco, em Assun\u00e7\u00e3o, no Paraguai, pela semifinal do Sul-Americano Sub-17, nesta quinta-feira (16). O goleiro santista Arthur do Vale e o zagueiro Jo\u00e3o S\u00e1, tamb\u00e9m do Peixe, ficaram no banco enquanto o volante santista Vinicius Rocha foi cortado do torneio por um quadro compat\u00edvel com fratura do mal\u00e9olo medial do tornozelo direito.<\/p>\n<p>A Sele\u00e7\u00e3o ainda disputa o terceiro lugar da competi\u00e7\u00e3o no domingo (19). Na primeira fase, a Sele\u00e7\u00e3o Brasileira havia vencido todos os quatro jogos da primeira fase, somando 13 gols marcados e 1 sofridos. No entanto, perdeu a invencibilidade no mata-mata. A Amarelinha pelo menos garantiu\u00a0a vaga para a Copa do Mundo Sub-17, que ser\u00e1 realizada no Catar.<\/p>\n<p><strong>Veja o desempenho dos santistas no Sul-Americano Sub-17:<\/strong><\/p>\n<p><em>Primeira fase<\/em><\/p>\n<ul>\n<li>Brasil 5 x 0 Bol\u00edvia \u2013 Vinicius Rocha titular e David Nogueira entrou aos 14min do 2T | Arthur do Vale e Jo\u00e3o S\u00e1 no banco<\/li>\n<li>Brasil 4 x 1 Peru \u2013 Vinicius Rocha titular e saiu no intervalo | Arthur do Vale, Jo\u00e3o S\u00e1 e David Nogueira no banco<\/li>\n<li>Brasil 3 x 0 Argentina \u2013 Vin\u00edcius Rocha titular e saiu aos 19min do 1T e David Nogueira entrou aos 39min do 2T | Arthur do Vale e Jo\u00e3o S\u00e1 ficaram no banco<\/li>\n<li>Brasil 1 x 0 Venezuela \u2013 \u00a0Jo\u00e3o S\u00e1 e David Nogueira titulares | Arthur do Vale no banco e Vinicius Rocha cortado por les\u00e3o<\/li>\n<\/ul>\n<p><i>Semifinal<\/i><\/p>\n<ul>\n<li>Brasil 0 x 3 Col\u00f4mbia \u2013 David Nogueira entrou | Arthur do Vale e Jo\u00e3o S\u00e1 no banco e Vinicius Rocha cortado por les\u00e3o<\/li>\n<\/ul><\/div>\n<div class=\"fusion-sharing-box fusion-theme-sharing-box fusion-single-sharing-box\">\n<h4>Compartilhe essa not\u00edcia, escolha a sua rede!<\/h4>\n<\/p><\/div>\n<p>\t\t<!-- #respond -->\n\t\t\t\t\t\t\t\t\t\t\t\t\t\t<\/div>\n<p><br \/>\n<br \/>Fonte: <a href=\"https:\/\/www.diariodopeixe.com.br\/noticias\/david-nogueira-entra-na-derrota-do-brasil-para-a-colombia-no-sul-americano-sub-17\/\">Di\u00e1rio do Peixe<\/a><\/p>\n","protected":false},"excerpt":{"rendered":"<p>David Nogueira entrou na Sele\u00e7\u00e3o Sub-17 (Cr\u00e9dito: Reprodu\u00e7\u00e3o) O atacante David Nogueira, do Santos, entrou na derrota do Brasil para a Col\u00f4mbia por 3 a 0, no Est\u00e1dio Defensores del Chaco, em Assun\u00e7\u00e3o, no Paraguai, pela semifinal do Sul-Americano Sub-17, nesta quinta-feira (16). O goleiro santista Arthur do Vale e o zagueiro Jo\u00e3o S\u00e1, tamb\u00e9m [&hellip;]<\/p>\n","protected":false},"author":5,"featured_media":73994,"comment_status":"open","ping_status":"open","sticky":false,"template":"","format":"standard","meta":{"_seopress_robots_primary_cat":"","_seopress_titles_title":"","_seopress_titles_desc":"","_seopress_robots_index":"","footnotes":""},"categories":[55],"tags":[],"class_list":["post-73993","post","type-post","status-publish","format-standard","has-post-thumbnail","hentry","category-santos-fc"],"_links":{"self":[{"href":"https:\/\/mussicom.com\/noticias\/wp-json\/wp\/v2\/posts\/73993","targetHints":{"allow":["GET"]}}],"collection":[{"href":"https:\/\/mussicom.com\/noticias\/wp-json\/wp\/v2\/posts"}],"about":[{"href":"https:\/\/mussicom.com\/noticias\/wp-json\/wp\/v2\/types\/post"}],"author":[{"embeddable":true,"href":"https:\/\/mussicom.com\/noticias\/wp-json\/wp\/v2\/users\/5"}],"replies":[{"embeddable":true,"href":"https:\/\/mussicom.com\/noticias\/wp-json\/wp\/v2\/comments?post=73993"}],"version-history":[{"count":0,"href":"https:\/\/mussicom.com\/noticias\/wp-json\/wp\/v2\/posts\/73993\/revisions"}],"wp:featuredmedia":[{"embeddable":true,"href":"https:\/\/mussicom.com\/noticias\/wp-json\/wp\/v2\/media\/73994"}],"wp:attachment":[{"href":"https:\/\/mussicom.com\/noticias\/wp-json\/wp\/v2\/media?parent=73993"}],"wp:term":[{"taxonomy":"category","embeddable":true,"href":"https:\/\/mussicom.com\/noticias\/wp-json\/wp\/v2\/categories?post=73993"},{"taxonomy":"post_tag","embeddable":true,"href":"https:\/\/mussicom.com\/noticias\/wp-json\/wp\/v2\/tags?post=73993"}],"curies":[{"name":"wp","href":"https:\/\/api.w.org\/{rel}","templated":true}]}}