{"id":73983,"date":"2026-04-18T08:34:48","date_gmt":"2026-04-18T11:34:48","guid":{"rendered":"https:\/\/mussicom.com\/ministerio-do-esporte-lamenta-morte-de-oscar-inspirou-geracoes\/"},"modified":"2026-04-18T08:34:48","modified_gmt":"2026-04-18T11:34:48","slug":"ministerio-do-esporte-lamenta-morte-de-oscar-inspirou-geracoes","status":"publish","type":"post","link":"https:\/\/mussicom.com\/noticias\/ministerio-do-esporte-lamenta-morte-de-oscar-inspirou-geracoes\/","title":{"rendered":"Minist\u00e9rio do Esporte lamenta morte de Oscar: &#8220;Inspirou gera\u00e7\u00f5es&#8221;"},"content":{"rendered":"<p> <br \/>\n<\/p>\n<div>\n<p><strong>O Minist\u00e9rio do Esporte divulgou nota em que lamenta a morte de Oscar Schmidt, nesta sexta-feira (17), aos 68 anos.<\/strong><img decoding=\"async\" src=\"https:\/\/agenciabrasil.ebc.com.br\/ebc.gif?id=1686519&amp;o=node\" style=\"width:1px; height:1px; display:inline;\"\/><\/p>\n<p>Lenda do basquete mundial e conhecido mundialmente como \u201cM\u00e3o Santa\u201d, a pasta relembra a carreira de conquistas e marcas hist\u00f3ricas de Oscar, que foi o segundo maior pontuador da hist\u00f3ria do basquete, com 49.973 pontos, e o maior cestinha da hist\u00f3ria dos Jogos Ol\u00edmpicos, com 1.093 pontos.<\/p>\n<p>O minist\u00e9rio cita que Oscar levou o Brasil para o cen\u00e1rio esportivo internacional,\u00a0<strong>&#8220;como tamb\u00e9m inspirou gera\u00e7\u00f5es de atletas e apaixonados pelo basquete, tornando-se um s\u00edmbolo de talento, dedica\u00e7\u00e3o e amor ao esporte&#8221;.<\/strong><\/p>\n<p>&gt;&gt; Siga o canal da Ag\u00eancia Brasil no WhatsApp<\/p>\n<p>No \u00faltimo dia 8 de abril, Oscar foi homenageado pelo Comit\u00ea Ol\u00edmpico do Brasil (COB) e seu nome foi inclu\u00eddo\u00a0no Hall da Fama\u00a0da entidade. Ele tamb\u00e9m faz parte do Hall da Fama da Federa\u00e7\u00e3o Internacional de Basquete (FIBA).<\/p>\n<blockquote>\n<p>\u201cOscar, o nosso querido \u2018M\u00e3o Santa\u2019 teve uma trajet\u00f3ria esportiva que encheu de orgulho a todos os brasileiros. Com seu desempenho nas quadras do Brasil e do mundo, conseguiu dar ao basquete brasileiro uma visibilidade \u00fanica. Nesse momento de tristeza para o esporte brasileiro, nos solidarizamos com a fam\u00edlia, com os amigos e com os f\u00e3s desse grande atleta que jamais ser\u00e1 esquecido por n\u00f3s\u201d, disse o ministro do Esporte, Paulo Henrique Cordeiro, na nota.\u00a0<\/p>\n<\/blockquote>\n<p>Segundo a Prefeitura de Santana de Parna\u00edba (SP), onde o ex-jogador morreu, Oscar passou mal em sua resid\u00eancia e foi encaminhado ao Hospital e Maternidade Municipal Santa Ana (HMSA) pelo Servi\u00e7o de Resgate, \u201cj\u00e1 em parada cardiorrespirat\u00f3ria (PCR), chegando \u00e0 unidade sem vida\u201d.\u00a0O atleta\u00a0enfrentou um tumor cerebral por cerca de 15 anos.<\/p>\n<p>      <!-- Relacionada --><\/p>\n<p>            <!-- Relacionada -->\n    <\/div>\n<p><br \/>\n<br \/>Fonte: <a href=\"https:\/\/agenciabrasil.ebc.com.br\/esportes\/noticia\/2026-04\/ministerio-do-esporte-lamenta-morte-de-oscar-inspirou-geracoes\">Ag\u00eancia Brasil<\/a><\/p>\n","protected":false},"excerpt":{"rendered":"<p>O Minist\u00e9rio do Esporte divulgou nota em que lamenta a morte de Oscar Schmidt, nesta sexta-feira (17), aos 68 anos. Lenda do basquete mundial e conhecido mundialmente como \u201cM\u00e3o Santa\u201d, a pasta relembra a carreira de conquistas e marcas hist\u00f3ricas de Oscar, que foi o segundo maior pontuador da hist\u00f3ria do basquete, com 49.973 pontos, [&hellip;]<\/p>\n","protected":false},"author":5,"featured_media":73984,"comment_status":"open","ping_status":"open","sticky":false,"template":"","format":"standard","meta":{"_seopress_robots_primary_cat":"","_seopress_titles_title":"","_seopress_titles_desc":"","_seopress_robots_index":"","footnotes":""},"categories":[40],"tags":[],"class_list":["post-73983","post","type-post","status-publish","format-standard","has-post-thumbnail","hentry","category-esportes"],"_links":{"self":[{"href":"https:\/\/mussicom.com\/noticias\/wp-json\/wp\/v2\/posts\/73983","targetHints":{"allow":["GET"]}}],"collection":[{"href":"https:\/\/mussicom.com\/noticias\/wp-json\/wp\/v2\/posts"}],"about":[{"href":"https:\/\/mussicom.com\/noticias\/wp-json\/wp\/v2\/types\/post"}],"author":[{"embeddable":true,"href":"https:\/\/mussicom.com\/noticias\/wp-json\/wp\/v2\/users\/5"}],"replies":[{"embeddable":true,"href":"https:\/\/mussicom.com\/noticias\/wp-json\/wp\/v2\/comments?post=73983"}],"version-history":[{"count":0,"href":"https:\/\/mussicom.com\/noticias\/wp-json\/wp\/v2\/posts\/73983\/revisions"}],"wp:featuredmedia":[{"embeddable":true,"href":"https:\/\/mussicom.com\/noticias\/wp-json\/wp\/v2\/media\/73984"}],"wp:attachment":[{"href":"https:\/\/mussicom.com\/noticias\/wp-json\/wp\/v2\/media?parent=73983"}],"wp:term":[{"taxonomy":"category","embeddable":true,"href":"https:\/\/mussicom.com\/noticias\/wp-json\/wp\/v2\/categories?post=73983"},{"taxonomy":"post_tag","embeddable":true,"href":"https:\/\/mussicom.com\/noticias\/wp-json\/wp\/v2\/tags?post=73983"}],"curies":[{"name":"wp","href":"https:\/\/api.w.org\/{rel}","templated":true}]}}