{"id":73957,"date":"2026-04-18T05:30:45","date_gmt":"2026-04-18T08:30:45","guid":{"rendered":"https:\/\/mussicom.com\/guaruja-inaugura-banheiro-autolimpante-na-praia-do-tombo\/"},"modified":"2026-04-18T05:30:45","modified_gmt":"2026-04-18T08:30:45","slug":"guaruja-inaugura-banheiro-autolimpante-na-praia-do-tombo","status":"publish","type":"post","link":"https:\/\/mussicom.com\/noticias\/guaruja-inaugura-banheiro-autolimpante-na-praia-do-tombo\/","title":{"rendered":"Guaruj\u00e1 inaugura banheiro autolimpante na Praia do Tombo"},"content":{"rendered":"<p> <br \/>\n<\/p>\n<div>\n<p>A Prefeitura de Guaruj\u00e1 inaugura, neste s\u00e1bado (18), \u00e0s 11 horas, o primeiro banheiro autolimpante sustent\u00e1vel no Munic\u00edpio. A instala\u00e7\u00e3o acontece na Praia do Tombo, a partir das 9 horas e \u00e9 uma iniciativa in\u00e9dita no Estado.<\/p>\n<p>Ao todo, ser\u00e3o instalados oito banheiros autolimpantes. As praias que tamb\u00e9m ir\u00e3o receber esse mecanismo s\u00e3o: Enseada (2), Pitangueiras (2), Pernambuco (1), Guai\u00faba (1) e Ast\u00farias (1). Ap\u00f3s 30 dias da instala\u00e7\u00e3o do primeiro equipamento na Praia do Tombo, ser\u00e3o implantados sucessivamente at\u00e9 que todas as estruturas j\u00e1 estejam instaladas.<\/p>\n<p>O equipamento utiliza um sistema que executa um ciclo automatizado, que inclui a lavagem e desinfec\u00e7\u00e3o do vaso sanit\u00e1rio, das paredes e do piso, sem a necessidade de interven\u00e7\u00e3o humana constante.<\/p>\n<p>O sistema foi projetado para o uso racional de recursos, contando com economia de \u00e1gua por sensores inteligentes que liberam apenas a quantidade estritamente necess\u00e1ria para a higieniza\u00e7\u00e3o completa.<\/p>\n<p>A Praia do Tombo foi local escolhido para receber o primeiro equipamento, devido \u00e0s 16 certifica\u00e7\u00f5es consecutivas do selo Bandeira Azul. A instala\u00e7\u00e3o dos banheiros \u00e9 viabilizada por meio do Fundo Municipal de Saneamento Ambiental.<\/p>\n<\/div>\n<p><br \/>\n<br \/>Fonte: <a href=\"https:\/\/jornaldaorla.com.br\/noticias\/guaruja-inaugura-banheiro-autolimpante-na-praia-do-tombo\/\">Jornal Da Orla<\/a><\/p>\n","protected":false},"excerpt":{"rendered":"<p>A Prefeitura de Guaruj\u00e1 inaugura, neste s\u00e1bado (18), \u00e0s 11 horas, o primeiro banheiro autolimpante sustent\u00e1vel no Munic\u00edpio. A instala\u00e7\u00e3o acontece na Praia do Tombo, a partir das 9 horas e \u00e9 uma iniciativa in\u00e9dita no Estado. Ao todo, ser\u00e3o instalados oito banheiros autolimpantes. As praias que tamb\u00e9m ir\u00e3o receber esse mecanismo s\u00e3o: Enseada (2), [&hellip;]<\/p>\n","protected":false},"author":5,"featured_media":73958,"comment_status":"open","ping_status":"open","sticky":false,"template":"","format":"standard","meta":{"_seopress_robots_primary_cat":"","_seopress_titles_title":"","_seopress_titles_desc":"","_seopress_robots_index":"","footnotes":""},"categories":[52],"tags":[],"class_list":["post-73957","post","type-post","status-publish","format-standard","has-post-thumbnail","hentry","category-santoseregiao"],"_links":{"self":[{"href":"https:\/\/mussicom.com\/noticias\/wp-json\/wp\/v2\/posts\/73957","targetHints":{"allow":["GET"]}}],"collection":[{"href":"https:\/\/mussicom.com\/noticias\/wp-json\/wp\/v2\/posts"}],"about":[{"href":"https:\/\/mussicom.com\/noticias\/wp-json\/wp\/v2\/types\/post"}],"author":[{"embeddable":true,"href":"https:\/\/mussicom.com\/noticias\/wp-json\/wp\/v2\/users\/5"}],"replies":[{"embeddable":true,"href":"https:\/\/mussicom.com\/noticias\/wp-json\/wp\/v2\/comments?post=73957"}],"version-history":[{"count":0,"href":"https:\/\/mussicom.com\/noticias\/wp-json\/wp\/v2\/posts\/73957\/revisions"}],"wp:featuredmedia":[{"embeddable":true,"href":"https:\/\/mussicom.com\/noticias\/wp-json\/wp\/v2\/media\/73958"}],"wp:attachment":[{"href":"https:\/\/mussicom.com\/noticias\/wp-json\/wp\/v2\/media?parent=73957"}],"wp:term":[{"taxonomy":"category","embeddable":true,"href":"https:\/\/mussicom.com\/noticias\/wp-json\/wp\/v2\/categories?post=73957"},{"taxonomy":"post_tag","embeddable":true,"href":"https:\/\/mussicom.com\/noticias\/wp-json\/wp\/v2\/tags?post=73957"}],"curies":[{"name":"wp","href":"https:\/\/api.w.org\/{rel}","templated":true}]}}