{"id":73951,"date":"2026-04-18T04:33:27","date_gmt":"2026-04-18T07:33:27","guid":{"rendered":"https:\/\/mussicom.com\/show-do-cantor-roberto-carlos-consolida-praia-grande-sp-como-sede-de-grandes-eventos\/"},"modified":"2026-04-18T04:33:27","modified_gmt":"2026-04-18T07:33:27","slug":"show-do-cantor-roberto-carlos-consolida-praia-grande-sp-como-sede-de-grandes-eventos","status":"publish","type":"post","link":"https:\/\/mussicom.com\/noticias\/show-do-cantor-roberto-carlos-consolida-praia-grande-sp-como-sede-de-grandes-eventos\/","title":{"rendered":"Show do cantor Roberto Carlos consolida Praia Grande\/SP como sede de grandes eventos"},"content":{"rendered":"<p> <br \/>\n<\/p>\n<div id=\"texto\">\n<p>Eventos musicais, culturais, esportivos, religiosos, coorporativos, \u00a0acad\u00eamicos e sociais fazem cada vez mais parte do dia a dia de Praia \u00a0Grande. A consolida\u00e7\u00e3o da Cidade como sede destas importantes \u00a0atividades reflete diretamente na cria\u00e7\u00e3o de milhares de novas vagas \u00a0de empregos para os moradores, crescimento de diversos setores da \u00a0economia local e ainda aumento na arrecada\u00e7\u00e3o de impostos, que s\u00e3o \u00a0revertidos em servi\u00e7os e projetos para melhorar a qualidade de vida da \u00a0popula\u00e7\u00e3o.<br \/>&#13;<br \/>\n\u00a0<\/p>\n<p>Em 2026, Praia Grande tem um calend\u00e1rio repleto de atra\u00e7\u00f5es incr\u00edveis. \u00a0A pr\u00f3xima estrela que desembarca na Cidade possui uma legi\u00e3o de f\u00e3s e \u00a0figura como um dos maiores \u00edcones de todos os tempos da m\u00fasica \u00a0brasileira. O Rei Roberto Carlos se apresentar\u00e1 no Munic\u00edpio no \u00a0pr\u00f3ximo dia 25, no Kart\u00f3dromo Municipal. Os ingressos est\u00e3o \u00e0 venda \u00a0pela internet, atrav\u00e9s do site guicheweb.com.br, com entradas a partir \u00a0de R$ 120,00.<br \/>&#13;<br \/>\n\u00a0<\/p>\n<p>Interessados em curtir o show tamb\u00e9m podem adquirir o ingresso em um \u00a0ponto de venda localizado no Litoral Plaza Shopping, na alameda de \u00a0servi\u00e7os. Os hor\u00e1rios de atendimentos s\u00e3o: de segunda a s\u00e1bado, das 10 \u00a0\u00e0s 22 horas; domingos e feriados, das 15 \u00e0s 21 horas.<br \/>&#13;<br \/>\n\u00a0<\/p>\n<p>O p\u00fablico em Praia Grande ter\u00e1 a oportunidade de curtir os principais \u00a0sucessos de uma carreira que \u00e9 refer\u00eancia n\u00e3o s\u00f3 no Brasil, mas em \u00a0todo o mundo. \u2018Emo\u00e7\u00f5es\u2019, \u2018Como \u00e9 grande o meu amor por voc\u00ea\u2019, \u2018Jesus \u00a0Cristo\u2019 e \u2018Detalhes\u2019 s\u00e3o apenas algumas das can\u00e7\u00f5es que Roberto Carlos \u00a0apresentar\u00e1 e que, com certeza, emocionar\u00e3o a plateia em uma noite que \u00a0tem tudo para se tornar inesquec\u00edvel.<br \/>&#13;<br \/>\n\u00a0<\/p>\n<p><strong>Turn\u00ea &#8211; <\/strong>O show em Praia Grande funcionar\u00e1 como o tipo de uma breve \u00a0despedida entre Roberto Carlos e o seu p\u00fablico brasileiro. O cantor j\u00e1 \u00a0tem programada uma turn\u00ea para o m\u00eas de maio com quatro apresenta\u00e7\u00f5es \u00a0nos Estado Unidos. Os shows na \u2018Terra do Tio Sam ser\u00e3o em Nova York, \u00a0Boston, Miami e Orlando.<br \/>&#13;<br \/>\n\u00a0<\/p>\n<p><strong>Refer\u00eancia \u2013 <\/strong>Praia Grande \u00e9 o quarto destino tur\u00edstico mais visitado \u00a0do Brasil, de acordo com dados do Minist\u00e9rio do Turismo. Na temporada \u00a02025\/2026, cerca de 10 milh\u00f5es de pessoas curtiram as belezas naturais \u00a0e atra\u00e7\u00f5es do Munic\u00edpio. Somente na semana entre Natal e Ano Novo, \u00a0mais de 2 milh\u00f5es de pessoas estiveram em solo praia-grandense.<br \/>&#13;<br \/>\n\u00a0<\/p>\n<p>Mas a extraordin\u00e1ria movimenta\u00e7\u00e3o de turistas n\u00e3o se resume s\u00f3 a \u00a0temporada de ver\u00e3o. Praia Grande conta com mais de 350 mil visitantes \u00a0nos finais de semana e feriados. Essa m\u00e9dia se mant\u00e9m durante \u00a0praticamente todos os meses do ano, o que impacta significativamente \u00a0de forma positiva na atua\u00e7\u00e3o do com\u00e9rcio e prestadores de servi\u00e7os \u00a0locais.<\/p>\n<\/p><\/div>\n<p><script async defer crossorigin=\"anonymous\" src=\"https:\/\/connect.facebook.net\/pt_BR\/sdk.js#xfbml=1&#038;version=v12.0&#038;appId=&#038;autoLogAppEvents=1\" nonce=\"ou0fI1lo\"><\/script><br \/>\n<br \/><br \/>\n<br \/>Fonte: <a href=\"https:\/\/www.bs9.com.br\/litoral\/show-do-cantor-roberto-carlos-consolida-praia-grandesp-como-sede-de\/39002\/\">BS9<\/a><\/p>\n","protected":false},"excerpt":{"rendered":"<p>Eventos musicais, culturais, esportivos, religiosos, coorporativos, \u00a0acad\u00eamicos e sociais fazem cada vez mais parte do dia a dia de Praia \u00a0Grande. A consolida\u00e7\u00e3o da Cidade como sede destas importantes \u00a0atividades reflete diretamente na cria\u00e7\u00e3o de milhares de novas vagas \u00a0de empregos para os moradores, crescimento de diversos setores da \u00a0economia local e ainda aumento na [&hellip;]<\/p>\n","protected":false},"author":5,"featured_media":73952,"comment_status":"open","ping_status":"open","sticky":false,"template":"","format":"standard","meta":{"_seopress_robots_primary_cat":"","_seopress_titles_title":"","_seopress_titles_desc":"","_seopress_robots_index":"","footnotes":""},"categories":[52],"tags":[],"class_list":["post-73951","post","type-post","status-publish","format-standard","has-post-thumbnail","hentry","category-santoseregiao"],"_links":{"self":[{"href":"https:\/\/mussicom.com\/noticias\/wp-json\/wp\/v2\/posts\/73951","targetHints":{"allow":["GET"]}}],"collection":[{"href":"https:\/\/mussicom.com\/noticias\/wp-json\/wp\/v2\/posts"}],"about":[{"href":"https:\/\/mussicom.com\/noticias\/wp-json\/wp\/v2\/types\/post"}],"author":[{"embeddable":true,"href":"https:\/\/mussicom.com\/noticias\/wp-json\/wp\/v2\/users\/5"}],"replies":[{"embeddable":true,"href":"https:\/\/mussicom.com\/noticias\/wp-json\/wp\/v2\/comments?post=73951"}],"version-history":[{"count":0,"href":"https:\/\/mussicom.com\/noticias\/wp-json\/wp\/v2\/posts\/73951\/revisions"}],"wp:featuredmedia":[{"embeddable":true,"href":"https:\/\/mussicom.com\/noticias\/wp-json\/wp\/v2\/media\/73952"}],"wp:attachment":[{"href":"https:\/\/mussicom.com\/noticias\/wp-json\/wp\/v2\/media?parent=73951"}],"wp:term":[{"taxonomy":"category","embeddable":true,"href":"https:\/\/mussicom.com\/noticias\/wp-json\/wp\/v2\/categories?post=73951"},{"taxonomy":"post_tag","embeddable":true,"href":"https:\/\/mussicom.com\/noticias\/wp-json\/wp\/v2\/tags?post=73951"}],"curies":[{"name":"wp","href":"https:\/\/api.w.org\/{rel}","templated":true}]}}