{"id":73941,"date":"2026-04-18T03:26:18","date_gmt":"2026-04-18T06:26:18","guid":{"rendered":"https:\/\/mussicom.com\/chile-avanca-com-escavacao-da-trincheira-na-fronteira-com-peru\/"},"modified":"2026-04-18T03:26:18","modified_gmt":"2026-04-18T06:26:18","slug":"chile-avanca-com-escavacao-da-trincheira-na-fronteira-com-peru","status":"publish","type":"post","link":"https:\/\/mussicom.com\/noticias\/chile-avanca-com-escavacao-da-trincheira-na-fronteira-com-peru\/","title":{"rendered":"Chile avan\u00e7a com escava\u00e7\u00e3o da trincheira na fronteira com Peru"},"content":{"rendered":"<p> <br \/>\n<\/p>\n<div id=\"tp-post-content\">\n<p class=\"postParagraph_post-paragraph__juWZN postParagraph_post-paragraph-innerHtml__Q5vwc\">O governo do presidente Jos\u00e9 Antonio Kast, do Chile, avan\u00e7ou nesta semana com a escava\u00e7\u00e3o de uma trincheira de 3 metros de profundidade na fronteira com o Peru. A obra integra o &#8220;Plano Escudo Fronteiri\u00e7o&#8221;, iniciativa de Kast voltada a conter a imigra\u00e7\u00e3o irregular e o crime organizado na regi\u00e3o norte do pa\u00eds.<\/p>\n<p class=\"postParagraph_post-paragraph__juWZN postParagraph_post-paragraph-innerHtml__Q5vwc\">A trincheira est\u00e1 sendo escavada pelo Ex\u00e9rcito chileno com uso de maquin\u00e1rio pesado. Al\u00e9m dela, o plano tamb\u00e9m prev\u00ea a constru\u00e7\u00e3o na fronteira com o Peru de muros e grades de seguran\u00e7a de cinco metros de altura equipados com sensores de movimento, vigil\u00e2ncia por drones, torres de observa\u00e7\u00e3o, radares t\u00e9rmicos e cercas perimetrais eletrificadas, al\u00e9m de patrulhamento constante nos pontos de passagem oficiais e nos acessos clandestinos j\u00e1 desativados.<\/p>\n<p class=\"postParagraph_post-paragraph__juWZN postParagraph_post-paragraph-innerHtml__Q5vwc\">As barreiras est\u00e3o sendo colocadas na regi\u00e3o com o objetivo de canalizar o fluxo de pessoas e ve\u00edculos para zonas onde o Estado chileno exerce controle mais efetivo sobre a zona fronteiri\u00e7a. Segundo o comiss\u00e1rio presidencial para a Macrozona Norte (a zona de fronteira com o Peru), Alberto Soto, o avan\u00e7o atual das obras \u00e9 de cerca de 20%, e a iniciativa exigir\u00e1 manuten\u00e7\u00e3o permanente por parte do Estado.<\/p>\n<p class=\"postParagraph_post-paragraph__juWZN postParagraph_post-paragraph-innerHtml__Q5vwc\">O investimento total na obra \u00e9 estimado pelo governo Kast em cerca de 4 bilh\u00f5es de pesos chilenos (cerca de R$ 22,8 milh\u00f5es, na cota\u00e7\u00e3o mais recente).<\/p>\n<p class=\"postParagraph_post-paragraph__juWZN postParagraph_post-paragraph-innerHtml__Q5vwc\">A obra gerou tens\u00e3o diplom\u00e1tica com o Peru, que inicialmente expressou preocupa\u00e7\u00e3o com o projeto e chegou a compar\u00e1-lo com o Muro de Berlim. Ap\u00f3s as cr\u00edticas, os dois pa\u00edses acordaram refor\u00e7ar a coopera\u00e7\u00e3o e o interc\u00e2mbio de informa\u00e7\u00f5es sobre a situa\u00e7\u00e3o na fronteira.<\/p>\n<p class=\"postParagraph_post-paragraph__juWZN postParagraph_post-paragraph-innerHtml__Q5vwc\">Ao inspecionar pessoalmente o in\u00edcio das obras em mar\u00e7o, Kast defendeu a medida como uma resposta ao crime organizado que transcende as fronteiras nacionais.<\/p>\n<p class=\"postParagraph_post-paragraph__juWZN postParagraph_post-paragraph-innerHtml__Q5vwc\">&#8220;O que fazemos aqui tamb\u00e9m precisa ser feito na Bol\u00edvia, no Peru e na Argentina&#8221;, afirmou o presidente chileno, acrescentando que os infratores que tentarem entrar no Chile &#8220;ser\u00e3o enfrentados com toda a for\u00e7a do Estado&#8221;.<\/p>\n<\/div>\n<p><br \/>\n<br \/>Fonte: <a href=\"https:\/\/www.gazetadopovo.com.br\/mundo\/por-que-o-chile-esta-escavando-uma-trincheira-na-fronteira-com-o-peru\/\">Revista Oeste<\/a><\/p>\n","protected":false},"excerpt":{"rendered":"<p>O governo do presidente Jos\u00e9 Antonio Kast, do Chile, avan\u00e7ou nesta semana com a escava\u00e7\u00e3o de uma trincheira de 3 metros de profundidade na fronteira com o Peru. A obra integra o &#8220;Plano Escudo Fronteiri\u00e7o&#8221;, iniciativa de Kast voltada a conter a imigra\u00e7\u00e3o irregular e o crime organizado na regi\u00e3o norte do pa\u00eds. A trincheira [&hellip;]<\/p>\n","protected":false},"author":5,"featured_media":73942,"comment_status":"open","ping_status":"open","sticky":false,"template":"","format":"standard","meta":{"_seopress_robots_primary_cat":"","_seopress_titles_title":"","_seopress_titles_desc":"","_seopress_robots_index":"","footnotes":""},"categories":[48],"tags":[],"class_list":["post-73941","post","type-post","status-publish","format-standard","has-post-thumbnail","hentry","category-internacional"],"_links":{"self":[{"href":"https:\/\/mussicom.com\/noticias\/wp-json\/wp\/v2\/posts\/73941","targetHints":{"allow":["GET"]}}],"collection":[{"href":"https:\/\/mussicom.com\/noticias\/wp-json\/wp\/v2\/posts"}],"about":[{"href":"https:\/\/mussicom.com\/noticias\/wp-json\/wp\/v2\/types\/post"}],"author":[{"embeddable":true,"href":"https:\/\/mussicom.com\/noticias\/wp-json\/wp\/v2\/users\/5"}],"replies":[{"embeddable":true,"href":"https:\/\/mussicom.com\/noticias\/wp-json\/wp\/v2\/comments?post=73941"}],"version-history":[{"count":0,"href":"https:\/\/mussicom.com\/noticias\/wp-json\/wp\/v2\/posts\/73941\/revisions"}],"wp:featuredmedia":[{"embeddable":true,"href":"https:\/\/mussicom.com\/noticias\/wp-json\/wp\/v2\/media\/73942"}],"wp:attachment":[{"href":"https:\/\/mussicom.com\/noticias\/wp-json\/wp\/v2\/media?parent=73941"}],"wp:term":[{"taxonomy":"category","embeddable":true,"href":"https:\/\/mussicom.com\/noticias\/wp-json\/wp\/v2\/categories?post=73941"},{"taxonomy":"post_tag","embeddable":true,"href":"https:\/\/mussicom.com\/noticias\/wp-json\/wp\/v2\/tags?post=73941"}],"curies":[{"name":"wp","href":"https:\/\/api.w.org\/{rel}","templated":true}]}}