{"id":73911,"date":"2026-04-17T23:34:18","date_gmt":"2026-04-18T02:34:18","guid":{"rendered":"https:\/\/mussicom.com\/crise-de-confiabilidade-no-judiciario-e-grave\/"},"modified":"2026-04-17T23:34:18","modified_gmt":"2026-04-18T02:34:18","slug":"crise-de-confiabilidade-no-judiciario-e-grave","status":"publish","type":"post","link":"https:\/\/mussicom.com\/noticias\/crise-de-confiabilidade-no-judiciario-e-grave\/","title":{"rendered":"Crise de confiabilidade no Judici\u00e1rio \u00e9 \u201cgrave\u201d"},"content":{"rendered":"<p> <br \/>\n<\/p>\n<div id=\"tp-post-content\">\n<p class=\"postParagraph_post-paragraph__juWZN postParagraph_post-paragraph-innerHtml__Q5vwc\">A ministra do Supremo Tribunal Federal (STF) C\u00e1rmen L\u00facia afirmou nesta sexta-feira (17) que a crise de confiabilidade no Judici\u00e1rio \u00e9 \u201cgrave e s\u00e9ria\u201d e precisa ser reconhecida pelos magistrados. O posicionamento est\u00e1 alinhado ao do presidente do STF, Edson Fachin, que defendeu mudan\u00e7as na forma de atua\u00e7\u00e3o da pr\u00f3pria Corte.<\/p>\n<p class=\"postParagraph_post-paragraph__juWZN postParagraph_post-paragraph-innerHtml__Q5vwc\">\u201cA crise de confiabilidade \u00e9 s\u00e9ria, grave e precisa de ser reconhecida, e n\u00e3o apenas por n\u00f3s, ju\u00edzes e ju\u00edzas. Queremos que os jovens queiram ser ju\u00edzes. N\u00e3o \u00e9 porque \u00e9 f\u00e1cil, n\u00e3o \u00e9. \u00c9 muito dif\u00edcil\u201d, disse a magistrada durante uma palestra na Funda\u00e7\u00e3o Getulio Vargas (FGV), no Rio de Janeiro.<\/p>\n<p class=\"postParagraph_post-paragraph__juWZN postParagraph_post-paragraph-innerHtml__Q5vwc\">C\u00e1rmen L\u00facia, que completa 72 anos em 2026, ponderou que teve \u201cmais momentos de alegria como advogada do que 20 anos como ju\u00edza\u201d, mas destacou a import\u00e2ncia do Judici\u00e1rio para a sociedade. A idade limite para a aposentadoria compuls\u00f3ria \u00e9 at\u00e9 os 75 anos.<\/p>\n<div class=\"postViewMore_post-view-more-container___5wai\" data-mrf-recirculation=\"Post - Veja tamb\u00e9m\">\n<p class=\"gp-styles-module-size-small-afeYRa gp-styles-module-font-family2-afeYRa gp-styles-module-color-secondary-afeYRa gp-styles-module-weight-bold-afeYRa\">VEJA TAMB\u00c9M:<\/p>\n<ul class=\"postViewMore_post-view-more-list__CU_CE\">\n<li class=\"postViewMore_post-view-more-item__2MzRb\"><span class=\"postViewMore_post-view-more-link-icon___stPC\"><svg xmlns=\"http:\/\/www.w3.org\/2000\/svg\" width=\"16\" height=\"16\" viewbox=\"0 0 16 16\"><rect width=\"16\" height=\"16\" fill=\"none\"\/><g transform=\"translate(3 3)\"><path d=\"M22.5,15l3.4,3.4-3.4,3.4\" transform=\"translate(-15.896 -11.793)\" fill=\"none\" stroke=\"#717171\" stroke-linecap=\"round\" stroke-width=\"1.4\"\/><path d=\"M6,6v4.2a2.452,2.452,0,0,0,2.5,2.4H16\" transform=\"translate(-6 -6)\" fill=\"none\" stroke=\"#717171\" stroke-linecap=\"round\" stroke-width=\"1.4\"\/><\/g><\/svg><\/span><span class=\"postViewMore_post-view-more-link-text__hO_kM\">Fachin reconhece que Judici\u00e1rio brasileiro vive \u201ccrise que precisa ser enfrentada\u201d<\/span><\/li>\n<\/ul>\n<\/div>\n<p class=\"postParagraph_post-paragraph__juWZN postParagraph_post-paragraph-innerHtml__Q5vwc\">&#8220;N\u00f3s precisamos do Poder Judici\u00e1rio. Ainda que seja, como tudo na experi\u00eancia humana, limitado na imperfei\u00e7\u00e3o que \u00e9 pr\u00f3pria da humanidade. Cada vez precisa ser melhor, para que o Direito seja aplicado e o cidad\u00e3o tenha mais confian\u00e7a&#8221;, enfatizou.<\/p>\n<p class=\"postParagraph_post-paragraph__juWZN postParagraph_post-paragraph-innerHtml__Q5vwc\">A ministra \u00e9 a relatora do C\u00f3digo de \u00c9tica para integrantes da Corte. A iniciativa foi anunciada por Fachin em meio ao esc\u00e2ndalo do Banco Master. Durante o evento, ela apontou que a desconfian\u00e7a na Justi\u00e7a \u00e9 tamb\u00e9m um &#8220;movimento internacional&#8221;.<\/p>\n<p class=\"postParagraph_post-paragraph__juWZN postParagraph_post-paragraph-innerHtml__Q5vwc\">&#8220;Temos no Brasil o problema da confiabilidade, principalmente no Supremo, tenho ci\u00eancia. Mas \u00e9 preciso saber por que e como. H\u00e1 equ\u00edvocos e erros que precisam ser aperfei\u00e7oados e h\u00e1 um movimento internacional para que n\u00e3o tenhamos Poder Judici\u00e1rio, porque a\u00ed voc\u00ea tem uma fragilidade do direito&#8221;, afirmou.<\/p>\n<p class=\"postParagraph_post-paragraph__juWZN postParagraph_post-paragraph-innerHtml__Q5vwc\">Mais cedo, Fachin reconheceu que o STF est\u00e1 \u201cimerso\u201d em crise e voltou a destacar a necessidade de autoconten\u00e7\u00e3o.<\/p>\n<p class=\"postParagraph_post-paragraph__juWZN postParagraph_post-paragraph-innerHtml__Q5vwc\">\u201cQuando falamos em crises, \u00e9 fundamental reconhecer que efetivamente n\u00f3s estamos imersos, em rela\u00e7\u00e3o \u00e0 atua\u00e7\u00e3o do Judici\u00e1rio, \u00e9 uma crise que precisa ser enfrentada, e enfrentada com olhos de ver e ouvidos de ouvir, sob pena de repetirmos, para problemas novos, solu\u00e7\u00f5es velhas que significam simplesmente relegar os problemas sem resolv\u00ea-los\u201d, disse o ministro.<\/p>\n<h2 class=\"postParagraph_post-paragraph__juWZN postParagraph_post-paragraph-innerHtml__Q5vwc postParagraph_type-tag-h2__TtFkT\">Crise do Master <\/h2>\n<p class=\"postParagraph_post-paragraph__juWZN postParagraph_post-paragraph-innerHtml__Q5vwc\">O ministro Dias Toffoli deixou a relatoria do inqu\u00e9rito do Banco Master ap\u00f3s a Pol\u00edcia Federal encontrar men\u00e7\u00f5es a ele no celular de Daniel Vorcaro, dono da institui\u00e7\u00e3o. A Corte divulgou uma nota em defesa do ministro e descartou a possibilidade de impedimento ou suspei\u00e7\u00e3o.<\/p>\n<p class=\"postParagraph_post-paragraph__juWZN postParagraph_post-paragraph-innerHtml__Q5vwc\">Al\u00e9m disso, o escrit\u00f3rio da fam\u00edlia do ministro Alexandre de Moraes firmou um contrato de R$ 129 milh\u00f5es com o Master por tr\u00eas anos. Moraes e Toffoli negam qualquer irregularidade.<\/p>\n<p class=\"postParagraph_post-paragraph__juWZN postParagraph_post-paragraph-innerHtml__Q5vwc\">Em manifesta\u00e7\u00e3o p\u00fablica em mar\u00e7o, o escrit\u00f3rio Barci de Moraes negou qualquer irregularidades e afirmou que a atua\u00e7\u00e3o profissional ocorreu dentro da legalidade, com presta\u00e7\u00e3o de servi\u00e7os de consultoria jur\u00eddica ao longo de quase dois anos.<\/p>\n<h2 class=\"postParagraph_post-paragraph__juWZN postParagraph_post-paragraph-innerHtml__Q5vwc postParagraph_type-tag-h2__TtFkT\">Pedido de indiciamento de ministros do STF<\/h2>\n<p class=\"postParagraph_post-paragraph__juWZN postParagraph_post-paragraph-innerHtml__Q5vwc\">No in\u00edcio desta semana, o senador Alessandro Vieira (MDB-SE), relator da CPI do Crime Organizado, prop\u00f4s o indiciamento de Toffoli, Moraes, do ministro Gilmar Mendes e do procurador-geral da Rep\u00fablica, Paulo Gonet, por suposto crime de responsabilidade.<\/p>\n<p class=\"postParagraph_post-paragraph__juWZN postParagraph_post-paragraph-innerHtml__Q5vwc\">O relat\u00f3rio foi rejeitado pela comiss\u00e3o, mas Gilmar acionou a PGR contra Vieira por suposto abuso de autoridade. Durante a sess\u00e3o da Segunda Turma, o decano da Corte criticou o senador e Toffoli defendeu \u201ccassar eleitoralmente\u201d quem \u201cataca\u201d o STF.<\/p>\n<p class=\"postParagraph_post-paragraph__juWZN postParagraph_post-paragraph-innerHtml__Q5vwc\">Fachin criticou a inclus\u00e3o \u201cindevida\u201d de ministros do Supremo no rol de indiciados. Em nota, ele afirmou que a CPI, embora seja uma \u201cgarantia fundamental da democracia\u201d, deve atuar \u201cnos limites constitucionais\u201d e cumprir os objetivos definidos no momento de sua cria\u00e7\u00e3o.<\/p>\n<p class=\"postParagraph_post-paragraph__juWZN postParagraph_post-paragraph-innerHtml__Q5vwc\">\u201cDesvios de finalidade tem\u00e1tica dessas Comiss\u00f5es, todavia, enfraquecem os pilares democr\u00e1ticos e amea\u00e7am os direitos fundamentais de qualquer cidad\u00e3o\u201d, disse o presidente do STF.<\/p>\n<p class=\"postParagraph_post-paragraph__juWZN postParagraph_post-paragraph-innerHtml__Q5vwc\">Vieira pediu a Gonet o arquivamento da representa\u00e7\u00e3o, ressaltando que sua atua\u00e7\u00e3o ocorreu dentro da legalidade. Al\u00e9m disso, o parlamentar cobrou um posicionamento do presidente do Senado, Davi Alcolumbre (Uni\u00e3o-AP), em defesa das prerrogativas do Legislativo.<\/p>\n<p class=\"postParagraph_post-paragraph__juWZN postParagraph_post-paragraph-innerHtml__Q5vwc\">Em resposta, Alcolumbre colocou a Advocacia do Senado \u00e0 disposi\u00e7\u00e3o dos integrantes da Casa.<\/p>\n<\/div>\n<p><br \/>\n<br \/>Fonte: <a href=\"https:\/\/www.gazetadopovo.com.br\/republica\/crise-de-confiabilidade-no-judiciario-e-grave-e-precisa-ser-reconhecida-diz-carmen-lucia\/\">Revista Oeste<\/a><\/p>\n","protected":false},"excerpt":{"rendered":"<p>A ministra do Supremo Tribunal Federal (STF) C\u00e1rmen L\u00facia afirmou nesta sexta-feira (17) que a crise de confiabilidade no Judici\u00e1rio \u00e9 \u201cgrave e s\u00e9ria\u201d e precisa ser reconhecida pelos magistrados. O posicionamento est\u00e1 alinhado ao do presidente do STF, Edson Fachin, que defendeu mudan\u00e7as na forma de atua\u00e7\u00e3o da pr\u00f3pria Corte. \u201cA crise de confiabilidade [&hellip;]<\/p>\n","protected":false},"author":5,"featured_media":73912,"comment_status":"open","ping_status":"open","sticky":false,"template":"","format":"standard","meta":{"_seopress_robots_primary_cat":"","_seopress_titles_title":"","_seopress_titles_desc":"","_seopress_robots_index":"","footnotes":""},"categories":[1],"tags":[],"class_list":["post-73911","post","type-post","status-publish","format-standard","has-post-thumbnail","hentry","category-ultimas-noticias"],"_links":{"self":[{"href":"https:\/\/mussicom.com\/noticias\/wp-json\/wp\/v2\/posts\/73911","targetHints":{"allow":["GET"]}}],"collection":[{"href":"https:\/\/mussicom.com\/noticias\/wp-json\/wp\/v2\/posts"}],"about":[{"href":"https:\/\/mussicom.com\/noticias\/wp-json\/wp\/v2\/types\/post"}],"author":[{"embeddable":true,"href":"https:\/\/mussicom.com\/noticias\/wp-json\/wp\/v2\/users\/5"}],"replies":[{"embeddable":true,"href":"https:\/\/mussicom.com\/noticias\/wp-json\/wp\/v2\/comments?post=73911"}],"version-history":[{"count":0,"href":"https:\/\/mussicom.com\/noticias\/wp-json\/wp\/v2\/posts\/73911\/revisions"}],"wp:featuredmedia":[{"embeddable":true,"href":"https:\/\/mussicom.com\/noticias\/wp-json\/wp\/v2\/media\/73912"}],"wp:attachment":[{"href":"https:\/\/mussicom.com\/noticias\/wp-json\/wp\/v2\/media?parent=73911"}],"wp:term":[{"taxonomy":"category","embeddable":true,"href":"https:\/\/mussicom.com\/noticias\/wp-json\/wp\/v2\/categories?post=73911"},{"taxonomy":"post_tag","embeddable":true,"href":"https:\/\/mussicom.com\/noticias\/wp-json\/wp\/v2\/tags?post=73911"}],"curies":[{"name":"wp","href":"https:\/\/api.w.org\/{rel}","templated":true}]}}