{"id":7384,"date":"2025-03-23T13:01:40","date_gmt":"2025-03-23T16:01:40","guid":{"rendered":"https:\/\/www.mussicom.com\/interpol-e-eua-negam-ordem-de-moraes-contra-allan-dos-santos\/"},"modified":"2025-03-23T13:01:40","modified_gmt":"2025-03-23T16:01:40","slug":"interpol-e-eua-negam-ordem-de-moraes-contra-allan-dos-santos","status":"publish","type":"post","link":"https:\/\/mussicom.com\/noticias\/interpol-e-eua-negam-ordem-de-moraes-contra-allan-dos-santos\/","title":{"rendered":"Interpol e EUA negam ordem de Moraes contra Allan dos Santos"},"content":{"rendered":"<p> <br \/>\n<\/p>\n<div id=\"hd80s9wa1h892edh8192\">\n<p>A Interpol e o Departamento de Estado dos Estados Unidos afirmaram que as evid\u00eancias de crimes reunidas pelo ministro Alexandre de Moraes, do Supremo Tribunal Federal, contra o jornalista Allan dos Santos s\u00e3o insuficientes. Os documentos foram revelados neste domingo 23.<\/p>\n<p>Por esse motivo, o pedido de extradi\u00e7\u00e3o n\u00e3o foi atendido e o nome de Santos n\u00e3o foi inclu\u00eddo na lista de foragidos internacionais. Al\u00e9m disso, todos os dados do jornalista registrados no sistema da Interpol <strong>foram exclu\u00eddos<\/strong>, como noticiado por <strong>Oeste<\/strong>.<\/p>\n<p><strong>+ Leia mais not\u00edcias de\u00a0Pol\u00edtica\u00a0em Oeste<\/strong><\/p>\n<p>\u201cAt\u00e9 o momento, n\u00e3o houve a publica\u00e7\u00e3o da Notifica\u00e7\u00e3o Vermelha em desfavor de Allan Lopes dos Santos, pois seria necess\u00e1rio que fossem prestados maiores esclarecimentos sobre o crime de lavagem de dinheiro praticado pelo foragido\u201d, disse a Interpol.<\/p>\n<p>O Departamento de Estado dos EUA, por sua vez, afirmou que atenderia ao pedido de extradi\u00e7\u00e3o apenas \u201cem parte dos delitos\u201d atribu\u00eddos ao jornalista, desde que houvesse esclarecimentos sobre as acusa\u00e7\u00f5es de \u201corganiza\u00e7\u00e3o criminosa\u201d e \u201clavagem de dinheiro\u201d.<\/p>\n<p><related-posts class=\"border-y border-gray-300 py-5\"><\/p>\n<h2 class=\"!text-2xl text-black font-primary font-semibold leading-none mb-3\">\n    Leia mais:<br \/>\n  <\/h2>\n<p><\/related-posts><\/p>\n<h2 class=\"wp-block-heading\">Allan dos Santos na mira de Moraes<\/h2>\n<p>Alvo de investiga\u00e7\u00f5es conduzidas por Moraes no Brasil, o jornalista se mudou para os EUA em meados de 2020. Pouco mais de um ano depois, em outubro de 2021, o ministro decretou sua pris\u00e3o preventiva e ordenou a abertura de um processo para extraditar Santos.<\/p>\n<p>No processo, o jornalista \u00e9 acusado de crimes como lavagem de dinheiro, participa\u00e7\u00e3o em organiza\u00e7\u00e3o criminosa e incita\u00e7\u00e3o a delitos de cal\u00fania e difama\u00e7\u00e3o. As investiga\u00e7\u00f5es sugerem que essas a\u00e7\u00f5es teriam como objetivo desestabilizar a democracia brasileira. No entanto, Santos nega todas as acusa\u00e7\u00f5es e afirma ser v\u00edtima de censura.<\/p>\n<figure class=\"wp-block-image aligncenter size-full is-resized\"><picture><source data-srcset=\"https:\/\/medias.revistaoeste.com\/wp-content\/uploads\/2025\/03\/54340198024_21be1b9313_k.jpg.webp 2048w, https:\/\/medias.revistaoeste.com\/wp-content\/uploads\/2025\/03\/54340198024_21be1b9313_k-300x200.jpg.webp 300w, https:\/\/medias.revistaoeste.com\/wp-content\/uploads\/2025\/03\/54340198024_21be1b9313_k-150x100.jpg.webp 150w\" data-sizes=\"(max-width: 2048px) 100vw, 2048px\" type=\"image\/webp\"><img alt=\"\" fetchpriority=\"high\" decoding=\"async\" width=\"2048\" height=\"1366\" src=\"https:\/\/medias.revistaoeste.com\/wp-content\/uploads\/2025\/03\/54340198024_21be1b9313_k.jpg\" alt=\"\" class=\"wp-image-1909765\" style=\"width:768px;height:auto\" srcset=\"https:\/\/medias.revistaoeste.com\/wp-content\/uploads\/2025\/03\/54340198024_21be1b9313_k.jpg 2048w, https:\/\/medias.revistaoeste.com\/wp-content\/uploads\/2025\/03\/54340198024_21be1b9313_k-300x200.jpg 300w, https:\/\/medias.revistaoeste.com\/wp-content\/uploads\/2025\/03\/54340198024_21be1b9313_k-150x100.jpg 150w\" sizes=\"(max-width: 2048px) 100vw, 2048px\" data-eio=\"p\"\/><\/source><\/picture><figcaption class=\"wp-element-caption\">Alexandre de Moraes, ministro do Supremo Tribunal Federal | Foto: Antonio Augusto\/STF<\/figcaption><\/figure>\n<p>A <strong>Peti\u00e7\u00e3o 9935<\/strong> detalha as acusa\u00e7\u00f5es contra o jornalista. Segundo o documento, ele \u201cproduz e difunde conte\u00fados que demonstram ader\u00eancia volunt\u00e1ria ao mesmo modo de agir da associa\u00e7\u00e3o especializada ora investigada\u201d.<\/p>\n<p>A PF afirma que tais conte\u00fados tinham como objetivos \u201catacar integrantes de institui\u00e7\u00f5es p\u00fablicas, desacreditar o processo eleitoral brasileiro, refor\u00e7ar o discurso de polariza\u00e7\u00e3o, gerar animosidade dentro da pr\u00f3pria sociedade brasileira, promovendo o descr\u00e9dito dos poderes da rep\u00fablica, al\u00e9m de outros crimes\u201d.<\/p>\n<p><strong>Leia tamb\u00e9m:\u00a0\u201cOs exilados pol\u00edticos do 8 de janeiro\u201d, reportagem de Carlo Cauti publicada na Edi\u00e7\u00e3o 229 da Revista Oeste<\/strong><\/p>\n<\/p><\/div>\n<p><br \/>\n<br \/>Fonte: <a href=\"https:\/\/revistaoeste.com\/politica\/interpol-e-eua-negam-ordem-de-moraes-contra-allan-dos-santos\/\">Ag\u00eancia Brasil<\/a><\/p>\n","protected":false},"excerpt":{"rendered":"<p>A Interpol e o Departamento de Estado dos Estados Unidos afirmaram que as evid\u00eancias de crimes reunidas pelo ministro Alexandre de Moraes, do Supremo Tribunal Federal, contra o jornalista Allan dos Santos s\u00e3o insuficientes. Os documentos foram revelados neste domingo 23. Por esse motivo, o pedido de extradi\u00e7\u00e3o n\u00e3o foi atendido e o nome de [&hellip;]<\/p>\n","protected":false},"author":5,"featured_media":7385,"comment_status":"open","ping_status":"open","sticky":false,"template":"","format":"standard","meta":{"_seopress_robots_primary_cat":"","_seopress_titles_title":"","_seopress_titles_desc":"","_seopress_robots_index":"","footnotes":""},"categories":[47,1],"tags":[],"class_list":["post-7384","post","type-post","status-publish","format-standard","has-post-thumbnail","hentry","category-politica","category-ultimas-noticias"],"_links":{"self":[{"href":"https:\/\/mussicom.com\/noticias\/wp-json\/wp\/v2\/posts\/7384","targetHints":{"allow":["GET"]}}],"collection":[{"href":"https:\/\/mussicom.com\/noticias\/wp-json\/wp\/v2\/posts"}],"about":[{"href":"https:\/\/mussicom.com\/noticias\/wp-json\/wp\/v2\/types\/post"}],"author":[{"embeddable":true,"href":"https:\/\/mussicom.com\/noticias\/wp-json\/wp\/v2\/users\/5"}],"replies":[{"embeddable":true,"href":"https:\/\/mussicom.com\/noticias\/wp-json\/wp\/v2\/comments?post=7384"}],"version-history":[{"count":0,"href":"https:\/\/mussicom.com\/noticias\/wp-json\/wp\/v2\/posts\/7384\/revisions"}],"wp:featuredmedia":[{"embeddable":true,"href":"https:\/\/mussicom.com\/noticias\/wp-json\/wp\/v2\/media\/7385"}],"wp:attachment":[{"href":"https:\/\/mussicom.com\/noticias\/wp-json\/wp\/v2\/media?parent=7384"}],"wp:term":[{"taxonomy":"category","embeddable":true,"href":"https:\/\/mussicom.com\/noticias\/wp-json\/wp\/v2\/categories?post=7384"},{"taxonomy":"post_tag","embeddable":true,"href":"https:\/\/mussicom.com\/noticias\/wp-json\/wp\/v2\/tags?post=7384"}],"curies":[{"name":"wp","href":"https:\/\/api.w.org\/{rel}","templated":true}]}}