{"id":73811,"date":"2026-04-17T16:21:25","date_gmt":"2026-04-17T19:21:25","guid":{"rendered":"https:\/\/mussicom.com\/com-moderno-equipamento-pg-fiscaliza-fumaca-preta-em-veiculos-da-frota-municipal\/"},"modified":"2026-04-17T16:21:25","modified_gmt":"2026-04-17T19:21:25","slug":"com-moderno-equipamento-pg-fiscaliza-fumaca-preta-em-veiculos-da-frota-municipal","status":"publish","type":"post","link":"https:\/\/mussicom.com\/noticias\/com-moderno-equipamento-pg-fiscaliza-fumaca-preta-em-veiculos-da-frota-municipal\/","title":{"rendered":"Com moderno equipamento, PG fiscaliza &#8216;fuma\u00e7a preta&#8217; em ve\u00edculos da frota municipal"},"content":{"rendered":"<p> <br \/>\n<\/p>\n<div id=\"texto\">\n<p>A Prefeitura de Praia Grande segue inovando e utilizando a \u00a0tecnologia como ferramenta de preserva\u00e7\u00e3o ambiental e tamb\u00e9m para \u00a0aprimorar servi\u00e7os prestados para a popula\u00e7\u00e3o. Nesta semana, a \u00a0Secretaria de Meio Ambiente (Sema) da Cidade efetuou a medi\u00e7\u00e3o e \u00a0fiscaliza\u00e7\u00e3o de \u2018fuma\u00e7a preta\u2019 em ve\u00edculos que fazem parte da frota \u00a0municipal.<\/p>\n<p>Mais de 130 ve\u00edculos de diversos tipos que atendem as secretarias \u00a0municipais, inclusive caminh\u00f5es e m\u00e1quinas pesadas, passaram pela \u00a0medi\u00e7\u00e3o. A a\u00e7\u00e3o teve como objetivo evitar o excesso de emiss\u00e3o de \u00a0gases poluentes para a atmosfera al\u00e9m do permitido legalmente. A \u00a0avalia\u00e7\u00e3o de \u2018fuma\u00e7a preta\u2019 atende \u00e0 legisla\u00e7\u00e3o municipal, estadual e \u00a0federal.<\/p>\n<p>Neste ano a principal novidade adotada pela equipe da Sema foi a \u00a0utiliza\u00e7\u00e3o de um moderno equipamento conhecido por opac\u00edmetro. A \u00a0inova\u00e7\u00e3o trouxe mais agilidade na capta\u00e7\u00e3o e an\u00e1lise das informa\u00e7\u00f5es e \u00a0substituiu o m\u00e9todo visual anterior que tinha como base a escala de \u00a0Ringelmann.<\/p>\n<p>\u201cA evolu\u00e7\u00e3o da medi\u00e7\u00e3o visual para o uso do opac\u00edmetro representa um \u00a0avan\u00e7o t\u00e9cnico importante na fiscaliza\u00e7\u00e3o ambiental, trazendo mais \u00a0precis\u00e3o, transpar\u00eancia e efetividade no controle das emiss\u00f5es da \u00a0frota\u201d, explicou o secret\u00e1rio de Meio Ambiente de Praia Grande, Valdir \u00a0Pereira Ramos Filho.<\/p>\n<p>O secret\u00e1rio destacou tamb\u00e9m que a medi\u00e7\u00e3o contribui diretamente para \u00a0a melhoria da qualidade do ar, a prote\u00e7\u00e3o da sa\u00fade da popula\u00e7\u00e3o e a \u00a0redu\u00e7\u00e3o dos impactos ambientais, como doen\u00e7as respirat\u00f3rias e emiss\u00f5es \u00a0de poluentes. Essa a\u00e7\u00e3o reafirma o compromisso de Praia Grande com a \u00a0sustentabilidade, a sa\u00fade p\u00fablica e a qualidade de vida das pessoas\u201d, \u00a0disse.<\/p>\n<\/p><\/div>\n<p><script async defer crossorigin=\"anonymous\" src=\"https:\/\/connect.facebook.net\/pt_BR\/sdk.js#xfbml=1&#038;version=v12.0&#038;appId=&#038;autoLogAppEvents=1\" nonce=\"ou0fI1lo\"><\/script><br \/>\n<br \/><br \/>\n<br \/>Fonte: <a href=\"https:\/\/www.bs9.com.br\/litoral\/com-moderno-equipamento-pg-fiscaliza-fumaca-preta-em-veiculos\/38990\/\">BS9<\/a><\/p>\n","protected":false},"excerpt":{"rendered":"<p>A Prefeitura de Praia Grande segue inovando e utilizando a \u00a0tecnologia como ferramenta de preserva\u00e7\u00e3o ambiental e tamb\u00e9m para \u00a0aprimorar servi\u00e7os prestados para a popula\u00e7\u00e3o. Nesta semana, a \u00a0Secretaria de Meio Ambiente (Sema) da Cidade efetuou a medi\u00e7\u00e3o e \u00a0fiscaliza\u00e7\u00e3o de \u2018fuma\u00e7a preta\u2019 em ve\u00edculos que fazem parte da frota \u00a0municipal. Mais de 130 ve\u00edculos [&hellip;]<\/p>\n","protected":false},"author":5,"featured_media":73812,"comment_status":"open","ping_status":"open","sticky":false,"template":"","format":"standard","meta":{"_seopress_robots_primary_cat":"","_seopress_titles_title":"","_seopress_titles_desc":"","_seopress_robots_index":"","footnotes":""},"categories":[52],"tags":[],"class_list":["post-73811","post","type-post","status-publish","format-standard","has-post-thumbnail","hentry","category-santoseregiao"],"_links":{"self":[{"href":"https:\/\/mussicom.com\/noticias\/wp-json\/wp\/v2\/posts\/73811","targetHints":{"allow":["GET"]}}],"collection":[{"href":"https:\/\/mussicom.com\/noticias\/wp-json\/wp\/v2\/posts"}],"about":[{"href":"https:\/\/mussicom.com\/noticias\/wp-json\/wp\/v2\/types\/post"}],"author":[{"embeddable":true,"href":"https:\/\/mussicom.com\/noticias\/wp-json\/wp\/v2\/users\/5"}],"replies":[{"embeddable":true,"href":"https:\/\/mussicom.com\/noticias\/wp-json\/wp\/v2\/comments?post=73811"}],"version-history":[{"count":0,"href":"https:\/\/mussicom.com\/noticias\/wp-json\/wp\/v2\/posts\/73811\/revisions"}],"wp:featuredmedia":[{"embeddable":true,"href":"https:\/\/mussicom.com\/noticias\/wp-json\/wp\/v2\/media\/73812"}],"wp:attachment":[{"href":"https:\/\/mussicom.com\/noticias\/wp-json\/wp\/v2\/media?parent=73811"}],"wp:term":[{"taxonomy":"category","embeddable":true,"href":"https:\/\/mussicom.com\/noticias\/wp-json\/wp\/v2\/categories?post=73811"},{"taxonomy":"post_tag","embeddable":true,"href":"https:\/\/mussicom.com\/noticias\/wp-json\/wp\/v2\/tags?post=73811"}],"curies":[{"name":"wp","href":"https:\/\/api.w.org\/{rel}","templated":true}]}}