{"id":73647,"date":"2026-04-16T23:09:28","date_gmt":"2026-04-17T02:09:28","guid":{"rendered":"https:\/\/mussicom.com\/alessandro-vieira-pede-a-pgr-arquivamento-de-acao-de-gilmar\/"},"modified":"2026-04-16T23:09:28","modified_gmt":"2026-04-17T02:09:28","slug":"alessandro-vieira-pede-a-pgr-arquivamento-de-acao-de-gilmar","status":"publish","type":"post","link":"https:\/\/mussicom.com\/noticias\/alessandro-vieira-pede-a-pgr-arquivamento-de-acao-de-gilmar\/","title":{"rendered":"Alessandro Vieira pede \u00e0 PGR arquivamento de a\u00e7\u00e3o de Gilmar"},"content":{"rendered":"<p> <br \/>\n<\/p>\n<div id=\"tp-post-content\">\n<p class=\"postParagraph_post-paragraph__juWZN postParagraph_post-paragraph-innerHtml__Q5vwc\">O senador Alessandro Vieira (MDB-SE), relator da CPI do Crime Organizado, pediu , nesta quinta-feira (16) \u00e0 Procuradoria-Geral da Rep\u00fablica (PGR) o arquivamento da representa\u00e7\u00e3o apresentada pelo ministro Gilmar Mendes, do Supremo Tribunal Federal (STF).<\/p>\n<p class=\"postParagraph_post-paragraph__juWZN postParagraph_post-paragraph-innerHtml__Q5vwc\">\u201cQuem trabalha com lei e verdade n\u00e3o tem problema em responder qualquer quest\u00e3o. Mesmo sem intima\u00e7\u00e3o, j\u00e1 apresentei resposta ao of\u00edcio do ministro Gilmar Mendes que pede ao PGR que me processe por abuso de autoridade. O pedido \u00e9 imprest\u00e1vel, conforme opini\u00e3o do pr\u00f3prio ministro Gilmar Mendes\u201d, disse o senador no X.<\/p>\n<p class=\"postParagraph_post-paragraph__juWZN postParagraph_post-paragraph-innerHtml__Q5vwc\">A defesa utiliza precedentes do pr\u00f3prio ministro para refor\u00e7ar que a imunidade parlamentar \u00e9 absoluta para manifesta\u00e7\u00f5es proferidas no interior das Casas Legislativas.<\/p>\n<div class=\"postViewMore_post-view-more-container___5wai\" data-mrf-recirculation=\"Post - Veja tamb\u00e9m\">\n<p class=\"gp-styles-module-size-small-afeYRa gp-styles-module-font-family2-afeYRa gp-styles-module-color-secondary-afeYRa gp-styles-module-weight-bold-afeYRa\">VEJA TAMB\u00c9M:<\/p>\n<ul class=\"postViewMore_post-view-more-list__CU_CE\">\n<li class=\"postViewMore_post-view-more-item__2MzRb\"><span class=\"postViewMore_post-view-more-link-icon___stPC\"><svg xmlns=\"http:\/\/www.w3.org\/2000\/svg\" width=\"16\" height=\"16\" viewbox=\"0 0 16 16\"><rect width=\"16\" height=\"16\" fill=\"none\"\/><g transform=\"translate(3 3)\"><path d=\"M22.5,15l3.4,3.4-3.4,3.4\" transform=\"translate(-15.896 -11.793)\" fill=\"none\" stroke=\"#717171\" stroke-linecap=\"round\" stroke-width=\"1.4\"\/><path d=\"M6,6v4.2a2.452,2.452,0,0,0,2.5,2.4H16\" transform=\"translate(-6 -6)\" fill=\"none\" stroke=\"#717171\" stroke-linecap=\"round\" stroke-width=\"1.4\"\/><\/g><\/svg><\/span><span class=\"postViewMore_post-view-more-link-text__hO_kM\">Ramagem se manifesta pela primeira vez ap\u00f3s deten\u00e7\u00e3o e agradece \u201calta c\u00fapula\u201d de Trump<\/span><\/li>\n<\/ul>\n<\/div>\n<p class=\"postParagraph_post-paragraph__juWZN postParagraph_post-paragraph-innerHtml__Q5vwc\">Vieira prop\u00f4s o indiciamento de Gilmar por crime de responsabilidade em sua minuta de relat\u00f3rio final. O procurador-geral da Rep\u00fablica, Paulo Gonet, e os ministros Dias Toffoli e Alexandre de Moraes tamb\u00e9m constavam no rol de indiciados do parecer, que foi rejeitado pela comiss\u00e3o por seis votos a quatro.<\/p>\n<p class=\"postParagraph_post-paragraph__juWZN postParagraph_post-paragraph-innerHtml__Q5vwc\">Apesar disso, o decano do STF solciitou um investiga\u00e7\u00e3o contra Vieira por suposto abuso de autoridade.<\/p>\n<p class=\"postParagraph_post-paragraph__juWZN postParagraph_post-paragraph-innerHtml__Q5vwc\">Como a CPI acabou sem a aprova\u00e7\u00e3o do indiciamento, a defesa do relator sustenta que n\u00e3o houve ato jur\u00eddico produzido, o que afasta a materialidade de qualquer delito previsto na Lei de Abuso de Autoridade.<\/p>\n<p class=\"postParagraph_post-paragraph__juWZN postParagraph_post-paragraph-innerHtml__Q5vwc\">Al\u00e9m disso, o parlamentar apontou que o ministro \u201c\u00e9 ao mesmo tempo requerente e suposto ofendido\u201d.<\/p>\n<p class=\"postParagraph_post-paragraph__juWZN postParagraph_post-paragraph-innerHtml__Q5vwc\">O documento destaca que, segundo o entendimento anterior de Gilmar, o Poder Judici\u00e1rio n\u00e3o pode fiscalizar manifesta\u00e7\u00f5es de parlamentares no \u00e2mbito de uma CPI, pois o Congresso possui mecanismos pr\u00f3prios para lidar com eventuais desvios de conduta.<\/p>\n<p class=\"postParagraph_post-paragraph__juWZN postParagraph_post-paragraph-innerHtml__Q5vwc\">Os advogados tamb\u00e9m afirmam que o indiciamento por crime de responsabilidade em CPIs n\u00e3o \u00e9 uma inova\u00e7\u00e3o, citando a CPI da Covid-19 (2021), que indiciou o ent\u00e3o presidente Jair Bolsonaro (PL), e a CPMI de PC Farias (1992), que levou ao impeachment de do ex-presidente Fernando Collor.<\/p>\n<\/div>\n<p><br \/>\n<br \/>Fonte: <a href=\"https:\/\/www.gazetadopovo.com.br\/republica\/alessandro-vieira-pede-a-pgr-arquivamento-de-acao-de-gilmar-mendes\/\">Revista Oeste<\/a><\/p>\n","protected":false},"excerpt":{"rendered":"<p>O senador Alessandro Vieira (MDB-SE), relator da CPI do Crime Organizado, pediu , nesta quinta-feira (16) \u00e0 Procuradoria-Geral da Rep\u00fablica (PGR) o arquivamento da representa\u00e7\u00e3o apresentada pelo ministro Gilmar Mendes, do Supremo Tribunal Federal (STF). \u201cQuem trabalha com lei e verdade n\u00e3o tem problema em responder qualquer quest\u00e3o. Mesmo sem intima\u00e7\u00e3o, j\u00e1 apresentei resposta ao [&hellip;]<\/p>\n","protected":false},"author":5,"featured_media":73648,"comment_status":"open","ping_status":"open","sticky":false,"template":"","format":"standard","meta":{"_seopress_robots_primary_cat":"","_seopress_titles_title":"","_seopress_titles_desc":"","_seopress_robots_index":"","footnotes":""},"categories":[1],"tags":[],"class_list":["post-73647","post","type-post","status-publish","format-standard","has-post-thumbnail","hentry","category-ultimas-noticias"],"_links":{"self":[{"href":"https:\/\/mussicom.com\/noticias\/wp-json\/wp\/v2\/posts\/73647","targetHints":{"allow":["GET"]}}],"collection":[{"href":"https:\/\/mussicom.com\/noticias\/wp-json\/wp\/v2\/posts"}],"about":[{"href":"https:\/\/mussicom.com\/noticias\/wp-json\/wp\/v2\/types\/post"}],"author":[{"embeddable":true,"href":"https:\/\/mussicom.com\/noticias\/wp-json\/wp\/v2\/users\/5"}],"replies":[{"embeddable":true,"href":"https:\/\/mussicom.com\/noticias\/wp-json\/wp\/v2\/comments?post=73647"}],"version-history":[{"count":0,"href":"https:\/\/mussicom.com\/noticias\/wp-json\/wp\/v2\/posts\/73647\/revisions"}],"wp:featuredmedia":[{"embeddable":true,"href":"https:\/\/mussicom.com\/noticias\/wp-json\/wp\/v2\/media\/73648"}],"wp:attachment":[{"href":"https:\/\/mussicom.com\/noticias\/wp-json\/wp\/v2\/media?parent=73647"}],"wp:term":[{"taxonomy":"category","embeddable":true,"href":"https:\/\/mussicom.com\/noticias\/wp-json\/wp\/v2\/categories?post=73647"},{"taxonomy":"post_tag","embeddable":true,"href":"https:\/\/mussicom.com\/noticias\/wp-json\/wp\/v2\/tags?post=73647"}],"curies":[{"name":"wp","href":"https:\/\/api.w.org\/{rel}","templated":true}]}}