{"id":73639,"date":"2026-04-16T22:08:41","date_gmt":"2026-04-17T01:08:41","guid":{"rendered":"https:\/\/mussicom.com\/deltan-doa-r-730-mil-apos-indenizar-lula\/"},"modified":"2026-04-16T22:08:41","modified_gmt":"2026-04-17T01:08:41","slug":"deltan-doa-r-730-mil-apos-indenizar-lula","status":"publish","type":"post","link":"https:\/\/mussicom.com\/noticias\/deltan-doa-r-730-mil-apos-indenizar-lula\/","title":{"rendered":"Deltan doa R$ 730 mil ap\u00f3s indenizar Lula"},"content":{"rendered":"<p> <br \/>\n<\/p>\n<div id=\"tp-post-content\">\n<p class=\"postParagraph_post-paragraph__juWZN postParagraph_post-paragraph-innerHtml__Q5vwc\">O ex-deputado federal Deltan Dallagnol (Novo-PR) anunciou nesta quinta-feira (16) a doa\u00e7\u00e3o ao Hospital Erastinho, em Curitiba (PR), do valor excedente arrecadado na vaquinha para pagar o presidente Luiz In\u00e1cio Lula da Silva (PT) pelo caso do PowerPoint. A institui\u00e7\u00e3o, especializada em oncopediatria, recebeu R$ 730 mil.<\/p>\n<p class=\"postParagraph_post-paragraph__juWZN postParagraph_post-paragraph-innerHtml__Q5vwc\">Em 2016, Deltan utilizou uma apresenta\u00e7\u00e3o de PowerPoint durante uma coletiva de imprensa para detalhar a den\u00fancia contra Lula no caso do tr\u00edplex do Guaruj\u00e1. Na ocasi\u00e3o, o ent\u00e3o coordenador da for\u00e7a-tarefa da Opera\u00e7\u00e3o Lava Jato posicionou o nome do petista no centro de um esquema criminoso.<\/p>\n<p class=\"postParagraph_post-paragraph__juWZN postParagraph_post-paragraph-innerHtml__Q5vwc\">O ex-procurador foi condenado pelo Superior Tribunal de Justi\u00e7a (STJ) a indenizar Lula em R$ 75 mil por danos morais. Em 2024, o Supremo Tribunal Federal (STF) manteve a decis\u00e3o e o processo transitou em julgado.<\/p>\n<div class=\"postViewMore_post-view-more-container___5wai\" data-mrf-recirculation=\"Post - Veja tamb\u00e9m\">\n<p class=\"gp-styles-module-size-small-afeYRa gp-styles-module-font-family2-afeYRa gp-styles-module-color-secondary-afeYRa gp-styles-module-weight-bold-afeYRa\">VEJA TAMB\u00c9M:<\/p>\n<ul class=\"postViewMore_post-view-more-list__CU_CE\">\n<li class=\"postViewMore_post-view-more-item__2MzRb\"><span class=\"postViewMore_post-view-more-link-icon___stPC\"><svg xmlns=\"http:\/\/www.w3.org\/2000\/svg\" width=\"16\" height=\"16\" viewbox=\"0 0 16 16\"><rect width=\"16\" height=\"16\" fill=\"none\"\/><g transform=\"translate(3 3)\"><path d=\"M22.5,15l3.4,3.4-3.4,3.4\" transform=\"translate(-15.896 -11.793)\" fill=\"none\" stroke=\"#717171\" stroke-linecap=\"round\" stroke-width=\"1.4\"\/><path d=\"M6,6v4.2a2.452,2.452,0,0,0,2.5,2.4H16\" transform=\"translate(-6 -6)\" fill=\"none\" stroke=\"#717171\" stroke-linecap=\"round\" stroke-width=\"1.4\"\/><\/g><\/svg><\/span><span class=\"postViewMore_post-view-more-link-text__hO_kM\">Ramagem se manifesta pela primeira vez ap\u00f3s deten\u00e7\u00e3o e agradece \u201calta c\u00fapula\u201d de Trump<\/span><\/li>\n<\/ul>\n<\/div>\n<p class=\"postParagraph_post-paragraph__juWZN postParagraph_post-paragraph-innerHtml__Q5vwc\">Com corre\u00e7\u00e3o monet\u00e1ria e juros, o valor chegou a R$ 146 mil, pago integralmente em dezembro de 2025 com doa\u00e7\u00f5es de apoiadores. O ex-deputado se comprometeu a doar o dinheiro excedente.<\/p>\n<p class=\"postParagraph_post-paragraph__juWZN postParagraph_post-paragraph-innerHtml__Q5vwc\">\u201cA condena\u00e7\u00e3o gerou uma mobiliza\u00e7\u00e3o espont\u00e2nea in\u00e9dita: em poucos dias, mais de 12 mil brasileiros indignados fizeram doa\u00e7\u00f5es via PIX para ajudar Deltan a arcar com a indeniza\u00e7\u00e3o. O montante recebido superou amplamente o valor da condena\u00e7\u00e3o\u201d, disse Deltan, em nota divulgada nesta quinta.<\/p>\n<p class=\"postParagraph_post-paragraph__juWZN postParagraph_post-paragraph-innerHtml__Q5vwc\">Segundo o comunicado, o \u201cvalor total arrecadado pelas doa\u00e7\u00f5es, acrescido da rentabilidade da aplica\u00e7\u00e3o financeira ao longo de quase quatro anos, permitiu que o excedente, R$ 730 mil, incluindo uma contribui\u00e7\u00e3o pessoal de R$ 5 mil de Deltan, fosse destinado ao Hospital Erastinho\u201d.<\/p>\n<p class=\"postParagraph_post-paragraph__juWZN postParagraph_post-paragraph-innerHtml__Q5vwc\">Deltan afirmou que as doa\u00e7\u00f5es representaram uma mensagem de apoio em um momento de \u201cpersegui\u00e7\u00e3o\u201d. \u201cAo ver o dinheiro que nasceu de um mal chegar at\u00e9 crian\u00e7as que lutam pela vida, tenho a certeza que o bem sempre prevalece\u201d, declarou.<\/p>\n<h2 class=\"postParagraph_post-paragraph__juWZN postParagraph_post-paragraph-innerHtml__Q5vwc postParagraph_type-tag-h2__TtFkT\">Deltan \u00e9 pr\u00e9-candidato ao Senado<\/h2>\n<p class=\"postParagraph_post-paragraph__juWZN postParagraph_post-paragraph-innerHtml__Q5vwc\">Deltan Dallagnol se elegeu deputado federal em 2022 pelo Podemos, mas teve o mandato cassado pelo Tribunal Superior Eleitoral (TSE) em 2023. A Justi\u00e7a eleitoral considerou que o ex-procurador pediu exonera\u00e7\u00e3o do Minist\u00e9rio P\u00fablico Federal (MPF) enquanto enfrentava processos internos que poderiam levar \u00e0 sua demiss\u00e3o.<\/p>\n<p class=\"postParagraph_post-paragraph__juWZN postParagraph_post-paragraph-innerHtml__Q5vwc\">Caso ele tivesse demitido do cargo p\u00fablico, ficaria ineleg\u00edvel. No entanto, o registro de candidatura do ex-deputado pode ser questionado por opositores em raz\u00e3o da condena\u00e7\u00e3o.<\/p>\n<p class=\"postParagraph_post-paragraph__juWZN postParagraph_post-paragraph-innerHtml__Q5vwc\">No final do m\u00eas passado, o senador Fl\u00e1vio Bolsonaro (PL-RJ), pr\u00e9-candidato \u00e0 Presid\u00eancia da Rep\u00fablica, anunciou seu apoio \u00e0s pr\u00e9-candidaturas de Deltan e do deputado Filipe Barros (PL) ao Senado no Paran\u00e1.<\/p>\n<h2 class=\"postParagraph_post-paragraph__juWZN postParagraph_post-paragraph-innerHtml__Q5vwc postParagraph_type-tag-h2__TtFkT\">Doa\u00e7\u00e3o ao Hospital Erastinho<\/h2>\n<p class=\"postParagraph_post-paragraph__juWZN postParagraph_post-paragraph-innerHtml__Q5vwc\">Em nota, o Hospital Erastinho afirmou que \u201co recurso contribuir\u00e1 para avan\u00e7os importantes na estrutura assistencial e no cuidado humanizado, fortalecendo um ambiente cada vez mais acolhedor, seguro e preparado para atender diferentes necessidades, inclusive de pacientes com autismo\u201d.<\/p>\n<p class=\"postParagraph_post-paragraph__juWZN postParagraph_post-paragraph-innerHtml__Q5vwc\">O valor ser\u00e1 destinado ao projeto \u201cQualifica\u00e7\u00e3o do Ambiente Terap\u00eautico em Oncopediatria\u201d. A execu\u00e7\u00e3o das melhorias est\u00e1 prevista para durar sete meses e abrange cinco frentes principais:<\/p>\n<ul class=\"postList_post-list-container__W0E4y postList_visual-type-unordered-list__M8U7t\">\n<li class=\"postList_post-list-item__34Ck1\">Instala\u00e7\u00e3o de filtros HEPA em \u00e1reas cr\u00edticas (UTI e hospital-dia) e aquisi\u00e7\u00e3o de bomba de v\u00e1cuo hospitalar (R$ 410 mil);<\/li>\n<li class=\"postList_post-list-item__34Ck1\">Cria\u00e7\u00e3o de um espa\u00e7o exclusivo para fisioterapia pedi\u00e1trica (R$ 100 mil);<\/li>\n<li class=\"postList_post-list-item__34Ck1\">Estrutura\u00e7\u00e3o de um ambiente de acolhimento sensorial para pacientes com Transtorno do Espectro Autista (TEA) e capacita\u00e7\u00e3o de equipes para atendimento neurodivergente (R$ 220 mil).<\/li>\n<\/ul>\n<\/div>\n<p><br \/>\n<br \/>Fonte: <a href=\"https:\/\/www.gazetadopovo.com.br\/republica\/deltan-doa-r-730-mil-excedente-de-vaquinha-para-indenizar-lula-a-hospital\/\">Revista Oeste<\/a><\/p>\n","protected":false},"excerpt":{"rendered":"<p>O ex-deputado federal Deltan Dallagnol (Novo-PR) anunciou nesta quinta-feira (16) a doa\u00e7\u00e3o ao Hospital Erastinho, em Curitiba (PR), do valor excedente arrecadado na vaquinha para pagar o presidente Luiz In\u00e1cio Lula da Silva (PT) pelo caso do PowerPoint. A institui\u00e7\u00e3o, especializada em oncopediatria, recebeu R$ 730 mil. Em 2016, Deltan utilizou uma apresenta\u00e7\u00e3o de PowerPoint [&hellip;]<\/p>\n","protected":false},"author":5,"featured_media":73640,"comment_status":"open","ping_status":"open","sticky":false,"template":"","format":"standard","meta":{"_seopress_robots_primary_cat":"","_seopress_titles_title":"","_seopress_titles_desc":"","_seopress_robots_index":"","footnotes":""},"categories":[1],"tags":[],"class_list":["post-73639","post","type-post","status-publish","format-standard","has-post-thumbnail","hentry","category-ultimas-noticias"],"_links":{"self":[{"href":"https:\/\/mussicom.com\/noticias\/wp-json\/wp\/v2\/posts\/73639","targetHints":{"allow":["GET"]}}],"collection":[{"href":"https:\/\/mussicom.com\/noticias\/wp-json\/wp\/v2\/posts"}],"about":[{"href":"https:\/\/mussicom.com\/noticias\/wp-json\/wp\/v2\/types\/post"}],"author":[{"embeddable":true,"href":"https:\/\/mussicom.com\/noticias\/wp-json\/wp\/v2\/users\/5"}],"replies":[{"embeddable":true,"href":"https:\/\/mussicom.com\/noticias\/wp-json\/wp\/v2\/comments?post=73639"}],"version-history":[{"count":0,"href":"https:\/\/mussicom.com\/noticias\/wp-json\/wp\/v2\/posts\/73639\/revisions"}],"wp:featuredmedia":[{"embeddable":true,"href":"https:\/\/mussicom.com\/noticias\/wp-json\/wp\/v2\/media\/73640"}],"wp:attachment":[{"href":"https:\/\/mussicom.com\/noticias\/wp-json\/wp\/v2\/media?parent=73639"}],"wp:term":[{"taxonomy":"category","embeddable":true,"href":"https:\/\/mussicom.com\/noticias\/wp-json\/wp\/v2\/categories?post=73639"},{"taxonomy":"post_tag","embeddable":true,"href":"https:\/\/mussicom.com\/noticias\/wp-json\/wp\/v2\/tags?post=73639"}],"curies":[{"name":"wp","href":"https:\/\/api.w.org\/{rel}","templated":true}]}}