{"id":73633,"date":"2026-04-16T21:56:22","date_gmt":"2026-04-17T00:56:22","guid":{"rendered":"https:\/\/mussicom.com\/aliado-de-trump-critica-moraes-e-lula-por-inquerito-contra-flavio\/"},"modified":"2026-04-16T21:56:22","modified_gmt":"2026-04-17T00:56:22","slug":"aliado-de-trump-critica-moraes-e-lula-por-inquerito-contra-flavio","status":"publish","type":"post","link":"https:\/\/mussicom.com\/noticias\/aliado-de-trump-critica-moraes-e-lula-por-inquerito-contra-flavio\/","title":{"rendered":"Aliado de Trump critica Moraes e Lula por inqu\u00e9rito contra Fl\u00e1vio"},"content":{"rendered":"<p> <br \/>\n<\/p>\n<div id=\"tp-post-content\">\n<p class=\"postParagraph_post-paragraph__juWZN postParagraph_post-paragraph-innerHtml__Q5vwc\">O aliado e ex-conselheiro do presidente dos Estados Unidos, Donald Trump, Jason Miller, criticou nesta quinta-feira (16) o presidente do Brasil, Luiz In\u00e1cio Lula da Silva, e o ministro do Supremo Tribunal Federal (STF) Alexandre de Moraes, ap\u00f3s a abertura de um inqu\u00e9rito pelo pr\u00f3prio Moraes para que a Pol\u00edcia Federal (PF) investigue o senador Fl\u00e1vio Bolsonaro (PL-RJ).<\/p>\n<p class=\"postParagraph_post-paragraph__juWZN postParagraph_post-paragraph-innerHtml__Q5vwc\">Em publica\u00e7\u00e3o na rede social X, Miller compartilhou uma not\u00edcia sobre o caso e escreveu: &#8220;Como isso \u00e9 normal? Lula e seu parceiro do STF Alexandre de Moraes est\u00e3o tentando usar o manual de instrumentaliza\u00e7\u00e3o judicial de Joe Biden contra Fl\u00e1vio Bolsonaro\u201d.<\/p>\n<div class=\"postImage_post-content-image__2CJdu\"><picture class=\"imageDefault_image-container__XGd8_\"><source type=\"image\/webp\" srcset=\"https:\/\/media.gazetadopovo.com.br\/2026\/04\/16210620\/image-2-601x372.png.webp 601w, https:\/\/media.gazetadopovo.com.br\/2026\/04\/16210620\/image-2-540x471.png.webp 540w, https:\/\/media.gazetadopovo.com.br\/2026\/04\/16210620\/image-2-380x214.png.webp 380w, https:\/\/media.gazetadopovo.com.br\/2026\/04\/16210620\/image-2-372x372.png.webp 372w, https:\/\/media.gazetadopovo.com.br\/2026\/04\/16210620\/image-2-214x214.png.webp 214w, https:\/\/media.gazetadopovo.com.br\/2026\/04\/16210620\/image-2.png.webp 601w\" sizes=\"(max-width: 767px) 328px, 638px\"\/><source type=\"image\/jpeg\" srcset=\"https:\/\/media.gazetadopovo.com.br\/2026\/04\/16210620\/image-2-601x372.png.webp 601w, https:\/\/media.gazetadopovo.com.br\/2026\/04\/16210620\/image-2-540x471.png.webp 540w, https:\/\/media.gazetadopovo.com.br\/2026\/04\/16210620\/image-2-380x214.png.webp 380w, https:\/\/media.gazetadopovo.com.br\/2026\/04\/16210620\/image-2-372x372.png.webp 372w, https:\/\/media.gazetadopovo.com.br\/2026\/04\/16210620\/image-2-214x214.png.webp 214w, https:\/\/media.gazetadopovo.com.br\/2026\/04\/16210620\/image-2.png.webp 601w\" sizes=\"(max-width: 767px) 328px, 638px\"\/><\/picture><\/div>\n<p class=\"postParagraph_post-paragraph__juWZN postParagraph_post-paragraph-innerHtml__Q5vwc\">A compara\u00e7\u00e3o do caso com a era Joe Biden, feita por Miller, tem respaldo em um relat\u00f3rio oficial do Congresso dos Estados Unidos. Em dezembro de 2024, o Subcomit\u00ea Especial da C\u00e2mara dos Deputados dos EUA sobre a Instrumentaliza\u00e7\u00e3o do Governo Federal divulgou um documento de 17 mil p\u00e1ginas detalhando casos em que o ent\u00e3o governo Biden teria usado o aparato estatal dos EUA contra opositores. Entre os exemplos listados estavam press\u00f5es da Casa Branca de Biden sobre o Facebook para censurar americanos e a coordena\u00e7\u00e3o da campanha do democrata em 2020 com ex-integrantes da intelig\u00eancia americana para interferir naquelas elei\u00e7\u00f5es.<\/p>\n<p class=\"postParagraph_post-paragraph__juWZN postParagraph_post-paragraph-innerHtml__Q5vwc\">O inqu\u00e9rito que motivou a cr\u00edtica de Miller foi determinado pelo ministro Alexandre de Moraes na segunda-feira (13) e tornado p\u00fablico nesta quarta-feira (15). Segundo o STF, a ordem atende a uma representa\u00e7\u00e3o da pr\u00f3pria PF, que identificou uma postagem de Fl\u00e1vio Bolsonaro nas redes sociais como poss\u00edvel cal\u00fania contra o presidente Lula. Na publica\u00e7\u00e3o, o senador afirma que &#8220;Lula ser\u00e1 delatado&#8221; e faz refer\u00eancia \u00e0 pris\u00e3o do ex-ditador venezuelano Nicol\u00e1s Maduro, associando o presidente brasileiro ao chamado Foro de S\u00e3o Paulo e a crimes como tr\u00e1fico de drogas, lavagem de dinheiro e apoio a ditaduras.<\/p>\n<p class=\"postParagraph_post-paragraph__juWZN postParagraph_post-paragraph-innerHtml__Q5vwc\">De acordo com Moraes, a publica\u00e7\u00e3o foi feita &#8220;em ambiente virtual p\u00fablico, acess\u00edvel a milhares de pessoas&#8221;, e imputa &#8220;fatos criminosos ao presidente da Rep\u00fablica&#8221;. O procurador-geral da Rep\u00fablica, Paulo Gonet, e o ministro da Justi\u00e7a, Wellington C\u00e9sar Lima e Silva, tamb\u00e9m endossaram o pedido de investiga\u00e7\u00e3o. A PF tem agora 60 dias para se manifestar.<\/p>\n<p class=\"postParagraph_post-paragraph__juWZN postParagraph_post-paragraph-innerHtml__Q5vwc\">O senador Fl\u00e1vio Bolsonaro classificou o inqu\u00e9rito como &#8220;juridicamente fr\u00e1gil&#8221; e uma &#8220;tentativa clara de cercear a liberdade de express\u00e3o e o livre exerc\u00edcio do mandato parlamentar&#8221;.<\/p>\n<p class=\"postParagraph_post-paragraph__juWZN postParagraph_post-paragraph-innerHtml__Q5vwc\">A Associa\u00e7\u00e3o Lexum, entidade que re\u00fane juristas em defesa do funcionamento regular das institui\u00e7\u00f5es, apontou falhas na decis\u00e3o de Moraes. Segundo a associa\u00e7\u00e3o, a decis\u00e3o n\u00e3o examinou os elementos b\u00e1sicos do crime de cal\u00fania &#8211; entre eles, a exig\u00eancia de que o fato imputado seja espec\u00edfico e concreto, e que haja inten\u00e7\u00e3o deliberada de caluniar, distinta da cr\u00edtica pol\u00edtica. A Lexum tamb\u00e9m apontou que a decis\u00e3o avan\u00e7ou sobre a imunidade parlamentar garantida pelo artigo 53 da Constitui\u00e7\u00e3o Federal sem apresentar justificativa para afast\u00e1-la, e questionou a imparcialidade de Moraes para relatar o caso, dado seu envolvimento em outros processos relacionados ao entorno pol\u00edtico de Jair Bolsonaro.<\/p>\n<p class=\"postParagraph_post-paragraph__juWZN postParagraph_post-paragraph-innerHtml__Q5vwc\">Miller \u00e9 um dos aliados de Trump que mais tem criticado Moraes e o governo Lula no exterior. O ex-conselheiro, que segue sendo um amigo pr\u00f3ximo do presidente americano, tem denunciado em suas redes sociais diversas ordens de censura emitidas pelo Judici\u00e1rio brasileiro e defendido a fam\u00edlia Bolsonaro, de quem tamb\u00e9m \u00e9 aliado.<\/p>\n<\/div>\n<p><br \/>\n<br \/>Fonte: <a href=\"https:\/\/www.gazetadopovo.com.br\/mundo\/aliado-de-trump-critica-moraes-e-lula-apos-inquerito-contra-flavio-bolsonaro-como-isso-e-normal\/\">Revista Oeste<\/a><\/p>\n","protected":false},"excerpt":{"rendered":"<p>O aliado e ex-conselheiro do presidente dos Estados Unidos, Donald Trump, Jason Miller, criticou nesta quinta-feira (16) o presidente do Brasil, Luiz In\u00e1cio Lula da Silva, e o ministro do Supremo Tribunal Federal (STF) Alexandre de Moraes, ap\u00f3s a abertura de um inqu\u00e9rito pelo pr\u00f3prio Moraes para que a Pol\u00edcia Federal (PF) investigue o senador [&hellip;]<\/p>\n","protected":false},"author":5,"featured_media":73634,"comment_status":"open","ping_status":"open","sticky":false,"template":"","format":"standard","meta":{"_seopress_robots_primary_cat":"","_seopress_titles_title":"","_seopress_titles_desc":"","_seopress_robots_index":"","footnotes":""},"categories":[48],"tags":[],"class_list":["post-73633","post","type-post","status-publish","format-standard","has-post-thumbnail","hentry","category-internacional"],"_links":{"self":[{"href":"https:\/\/mussicom.com\/noticias\/wp-json\/wp\/v2\/posts\/73633","targetHints":{"allow":["GET"]}}],"collection":[{"href":"https:\/\/mussicom.com\/noticias\/wp-json\/wp\/v2\/posts"}],"about":[{"href":"https:\/\/mussicom.com\/noticias\/wp-json\/wp\/v2\/types\/post"}],"author":[{"embeddable":true,"href":"https:\/\/mussicom.com\/noticias\/wp-json\/wp\/v2\/users\/5"}],"replies":[{"embeddable":true,"href":"https:\/\/mussicom.com\/noticias\/wp-json\/wp\/v2\/comments?post=73633"}],"version-history":[{"count":0,"href":"https:\/\/mussicom.com\/noticias\/wp-json\/wp\/v2\/posts\/73633\/revisions"}],"wp:featuredmedia":[{"embeddable":true,"href":"https:\/\/mussicom.com\/noticias\/wp-json\/wp\/v2\/media\/73634"}],"wp:attachment":[{"href":"https:\/\/mussicom.com\/noticias\/wp-json\/wp\/v2\/media?parent=73633"}],"wp:term":[{"taxonomy":"category","embeddable":true,"href":"https:\/\/mussicom.com\/noticias\/wp-json\/wp\/v2\/categories?post=73633"},{"taxonomy":"post_tag","embeddable":true,"href":"https:\/\/mussicom.com\/noticias\/wp-json\/wp\/v2\/tags?post=73633"}],"curies":[{"name":"wp","href":"https:\/\/api.w.org\/{rel}","templated":true}]}}