{"id":73573,"date":"2026-04-16T17:47:19","date_gmt":"2026-04-16T20:47:19","guid":{"rendered":"https:\/\/mussicom.com\/eduardo-comemora-liberdade-de-ramagem-moraes-so-no-brasil\/"},"modified":"2026-04-16T17:47:19","modified_gmt":"2026-04-16T20:47:19","slug":"eduardo-comemora-liberdade-de-ramagem-moraes-so-no-brasil","status":"publish","type":"post","link":"https:\/\/mussicom.com\/noticias\/eduardo-comemora-liberdade-de-ramagem-moraes-so-no-brasil\/","title":{"rendered":"Eduardo comemora liberdade de Ramagem: &#8220;Moraes s\u00f3 no Brasil&#8221;"},"content":{"rendered":"<p> <br \/>\n<\/p>\n<div id=\"tp-post-content\">\n<p class=\"postParagraph_post-paragraph__juWZN postParagraph_post-paragraph-innerHtml__Q5vwc\">O ex-deputado federal Eduardo Bolsonaro comemorou nesta quinta-feira (16) a liberdade de Alexandre Ramagem e aproveitou para debochar dos poderes do ministro do Supremo Tribunal Federal (STF), Alexandre de Moraes. Para Eduardo, a decis\u00e3o dos EUA de manter o ex-delagado em solo americano em liberdade mostra que os poderes do magistrado se limitam ao Brasil.<\/p>\n<p class=\"postParagraph_post-paragraph__juWZN postParagraph_post-paragraph-innerHtml__Q5vwc\">\u201cN\u00e3o extraditaram Ramagem nos EUA; N\u00e3o extraditaram Eust\u00e1quio na Espanha; N\u00e3o extraditaram brasileiros na Argentina; N\u00e3o extraditaram Allan dos Santos. Moraes s\u00f3 consegue abusar de seus poderes no Brasil de Lula, no resto do mundo todos sabem: \u00e9 um tiranete de beira de estrada\u201d, escreveu ele em sua conta no X.<\/p>\n<div class=\"postViewMore_post-view-more-container___5wai\" data-mrf-recirculation=\"Post - Veja tamb\u00e9m\">\n<p class=\"gp-styles-module-size-small-afeYRa gp-styles-module-font-family2-afeYRa gp-styles-module-color-secondary-afeYRa gp-styles-module-weight-bold-afeYRa\">VEJA TAMB\u00c9M:<\/p>\n<ul class=\"postViewMore_post-view-more-list__CU_CE\">\n<li class=\"postViewMore_post-view-more-item__2MzRb\"><span class=\"postViewMore_post-view-more-link-icon___stPC\"><svg xmlns=\"http:\/\/www.w3.org\/2000\/svg\" width=\"16\" height=\"16\" viewbox=\"0 0 16 16\"><rect width=\"16\" height=\"16\" fill=\"none\"\/><g transform=\"translate(3 3)\"><path d=\"M22.5,15l3.4,3.4-3.4,3.4\" transform=\"translate(-15.896 -11.793)\" fill=\"none\" stroke=\"#717171\" stroke-linecap=\"round\" stroke-width=\"1.4\"\/><path d=\"M6,6v4.2a2.452,2.452,0,0,0,2.5,2.4H16\" transform=\"translate(-6 -6)\" fill=\"none\" stroke=\"#717171\" stroke-linecap=\"round\" stroke-width=\"1.4\"\/><\/g><\/svg><\/span><span class=\"postViewMore_post-view-more-link-text__hO_kM\">Moraes contra-ataca: candidato de direita \u00e9 v\u00edtima de persegui\u00e7\u00e3o<\/span><\/li>\n<li class=\"postViewMore_post-view-more-item__2MzRb\"><span class=\"postViewMore_post-view-more-link-icon___stPC\"><svg xmlns=\"http:\/\/www.w3.org\/2000\/svg\" width=\"16\" height=\"16\" viewbox=\"0 0 16 16\"><rect width=\"16\" height=\"16\" fill=\"none\"\/><g transform=\"translate(3 3)\"><path d=\"M22.5,15l3.4,3.4-3.4,3.4\" transform=\"translate(-15.896 -11.793)\" fill=\"none\" stroke=\"#717171\" stroke-linecap=\"round\" stroke-width=\"1.4\"\/><path d=\"M6,6v4.2a2.452,2.452,0,0,0,2.5,2.4H16\" transform=\"translate(-6 -6)\" fill=\"none\" stroke=\"#717171\" stroke-linecap=\"round\" stroke-width=\"1.4\"\/><\/g><\/svg><\/span><span class=\"postViewMore_post-view-more-link-text__hO_kM\">Ramagem \u00e9 libertado de centro de deten\u00e7\u00e3o dos EUA<\/span><\/li>\n<\/ul>\n<\/div>\n<p class=\"postParagraph_post-paragraph__juWZN postParagraph_post-paragraph-innerHtml__Q5vwc\">Ramagem foi libertado na quarta-feira (15) do centro de deten\u00e7\u00e3o do Servi\u00e7o de Imigra\u00e7\u00e3o e Controle de Aduanas (ICE), a pol\u00edcia de fronteiras americana em Orlando, na Fl\u00f3rida. estava detido nos EUA,\u00a0\u00e0 disposi\u00e7\u00e3o\u00a0das autoridades de imigra\u00e7\u00e3o, depois de ter sido pego segunda-feira em uma infra\u00e7\u00e3o de tr\u00e2nsito e de ter sido constatada aus\u00eancia de documentos de permiss\u00e3o para dirigir nos EUA atualizados pelo ICE.<\/p>\n<p class=\"postParagraph_post-paragraph__juWZN postParagraph_post-paragraph-innerHtml__Q5vwc\">O jornalista\u00a0Paulo Figueiredo atribuiu diretamente \u00e0 administra\u00e7\u00e3o de Donald Trump o tratamento positivo do caso do amigo. \u201cRamagem merece asilo na terra da liberdade ao lado sua brava esposa\u201d, escreveu ele no X. Procurado, o Supremo Tribunal Federal (STF) informa que Moraes s\u00f3 se manifesta nos autos.<\/p>\n<p class=\"postParagraph_post-paragraph__juWZN postParagraph_post-paragraph-innerHtml__Q5vwc\">Ramagem foi condenado pelo Supremo Tribunal Federal (STF)\u00a0a 16 anos de pris\u00e3o por participa\u00e7\u00e3o em tentativa de golpe de Estado, o ex-parlamentar era considerado foragido desde que deixou o pa\u00eds antes da conclus\u00e3o do julgamento.<\/p>\n<\/div>\n<p><br \/>\n<br \/>Fonte: <a href=\"https:\/\/www.gazetadopovo.com.br\/republica\/eduardo-comemora-liberdade-de-ramagem-moraes-so-tem-poderes-no-brasil-de-lula\/\">Revista Oeste<\/a><\/p>\n","protected":false},"excerpt":{"rendered":"<p>O ex-deputado federal Eduardo Bolsonaro comemorou nesta quinta-feira (16) a liberdade de Alexandre Ramagem e aproveitou para debochar dos poderes do ministro do Supremo Tribunal Federal (STF), Alexandre de Moraes. Para Eduardo, a decis\u00e3o dos EUA de manter o ex-delagado em solo americano em liberdade mostra que os poderes do magistrado se limitam ao Brasil. [&hellip;]<\/p>\n","protected":false},"author":5,"featured_media":73574,"comment_status":"open","ping_status":"open","sticky":false,"template":"","format":"standard","meta":{"_seopress_robots_primary_cat":"","_seopress_titles_title":"","_seopress_titles_desc":"","_seopress_robots_index":"","footnotes":""},"categories":[1],"tags":[],"class_list":["post-73573","post","type-post","status-publish","format-standard","has-post-thumbnail","hentry","category-ultimas-noticias"],"_links":{"self":[{"href":"https:\/\/mussicom.com\/noticias\/wp-json\/wp\/v2\/posts\/73573","targetHints":{"allow":["GET"]}}],"collection":[{"href":"https:\/\/mussicom.com\/noticias\/wp-json\/wp\/v2\/posts"}],"about":[{"href":"https:\/\/mussicom.com\/noticias\/wp-json\/wp\/v2\/types\/post"}],"author":[{"embeddable":true,"href":"https:\/\/mussicom.com\/noticias\/wp-json\/wp\/v2\/users\/5"}],"replies":[{"embeddable":true,"href":"https:\/\/mussicom.com\/noticias\/wp-json\/wp\/v2\/comments?post=73573"}],"version-history":[{"count":0,"href":"https:\/\/mussicom.com\/noticias\/wp-json\/wp\/v2\/posts\/73573\/revisions"}],"wp:featuredmedia":[{"embeddable":true,"href":"https:\/\/mussicom.com\/noticias\/wp-json\/wp\/v2\/media\/73574"}],"wp:attachment":[{"href":"https:\/\/mussicom.com\/noticias\/wp-json\/wp\/v2\/media?parent=73573"}],"wp:term":[{"taxonomy":"category","embeddable":true,"href":"https:\/\/mussicom.com\/noticias\/wp-json\/wp\/v2\/categories?post=73573"},{"taxonomy":"post_tag","embeddable":true,"href":"https:\/\/mussicom.com\/noticias\/wp-json\/wp\/v2\/tags?post=73573"}],"curies":[{"name":"wp","href":"https:\/\/api.w.org\/{rel}","templated":true}]}}