{"id":7353,"date":"2025-03-23T06:02:57","date_gmt":"2025-03-23T09:02:57","guid":{"rendered":"https:\/\/mussicom.com\/vaticano-confirma-que-papa-francisco-planeja-aparicao-publica-neste-domingo\/"},"modified":"2025-03-23T06:02:57","modified_gmt":"2025-03-23T09:02:57","slug":"vaticano-confirma-que-papa-francisco-planeja-aparicao-publica-neste-domingo","status":"publish","type":"post","link":"https:\/\/mussicom.com\/noticias\/vaticano-confirma-que-papa-francisco-planeja-aparicao-publica-neste-domingo\/","title":{"rendered":"Vaticano confirma que papa Francisco planeja apari\u00e7\u00e3o p\u00fablica neste domingo"},"content":{"rendered":"<p> <br \/>\n<\/p>\n<div><\/p>\n<div>O Pont\u00edfice, que est\u00e1 internado no hospital Gemelli, em Roma, disse que pode aparecer neste domingo (23), direto da janela do hospital.<\/div>\n<\/div>\n<p><br \/>\n<br \/>Fonte: <a href=\"https:\/\/www.gazetadopovo.com.br\/mundo\/vaticano-confirma-que-papa-francisco-planeja-aparicao-publica-neste-domingo\/\">Revista Oeste<\/a><\/p>\n","protected":false},"excerpt":{"rendered":"<p>O Pont\u00edfice, que est\u00e1 internado no hospital Gemelli, em Roma, disse que pode aparecer neste domingo (23), direto da janela do hospital. Fonte: Revista Oeste<\/p>\n","protected":false},"author":5,"featured_media":7354,"comment_status":"open","ping_status":"open","sticky":false,"template":"","format":"standard","meta":{"_seopress_robots_primary_cat":"","_seopress_titles_title":"","_seopress_titles_desc":"","_seopress_robots_index":"","footnotes":""},"categories":[1],"tags":[],"class_list":["post-7353","post","type-post","status-publish","format-standard","has-post-thumbnail","hentry","category-ultimas-noticias"],"_links":{"self":[{"href":"https:\/\/mussicom.com\/noticias\/wp-json\/wp\/v2\/posts\/7353","targetHints":{"allow":["GET"]}}],"collection":[{"href":"https:\/\/mussicom.com\/noticias\/wp-json\/wp\/v2\/posts"}],"about":[{"href":"https:\/\/mussicom.com\/noticias\/wp-json\/wp\/v2\/types\/post"}],"author":[{"embeddable":true,"href":"https:\/\/mussicom.com\/noticias\/wp-json\/wp\/v2\/users\/5"}],"replies":[{"embeddable":true,"href":"https:\/\/mussicom.com\/noticias\/wp-json\/wp\/v2\/comments?post=7353"}],"version-history":[{"count":0,"href":"https:\/\/mussicom.com\/noticias\/wp-json\/wp\/v2\/posts\/7353\/revisions"}],"wp:featuredmedia":[{"embeddable":true,"href":"https:\/\/mussicom.com\/noticias\/wp-json\/wp\/v2\/media\/7354"}],"wp:attachment":[{"href":"https:\/\/mussicom.com\/noticias\/wp-json\/wp\/v2\/media?parent=7353"}],"wp:term":[{"taxonomy":"category","embeddable":true,"href":"https:\/\/mussicom.com\/noticias\/wp-json\/wp\/v2\/categories?post=7353"},{"taxonomy":"post_tag","embeddable":true,"href":"https:\/\/mussicom.com\/noticias\/wp-json\/wp\/v2\/tags?post=7353"}],"curies":[{"name":"wp","href":"https:\/\/api.w.org\/{rel}","templated":true}]}}