{"id":73414,"date":"2026-04-15T23:44:23","date_gmt":"2026-04-16T02:44:23","guid":{"rendered":"https:\/\/mussicom.com\/oposicao-foca-eleicoes-apos-derrota-em-cpi\/"},"modified":"2026-04-15T23:44:23","modified_gmt":"2026-04-16T02:44:23","slug":"oposicao-foca-eleicoes-apos-derrota-em-cpi","status":"publish","type":"post","link":"https:\/\/mussicom.com\/noticias\/oposicao-foca-eleicoes-apos-derrota-em-cpi\/","title":{"rendered":"oposi\u00e7\u00e3o foca elei\u00e7\u00f5es ap\u00f3s derrota em CPI"},"content":{"rendered":"<p> <br \/>\n<\/p>\n<div id=\"tp-post-content\">\n<p class=\"postParagraph_post-paragraph__juWZN postParagraph_post-paragraph-innerHtml__Q5vwc\">Ap\u00f3s a rejei\u00e7\u00e3o do relat\u00f3rio da CPI do Crime Organizado no Senado nesta ter\u00e7a-feira (14), parlamentares da oposi\u00e7\u00e3o articulam transformar o caso Master em palanque para as elei\u00e7\u00f5es de 2026. A estrat\u00e9gia foca na den\u00fancia de blindagem de autoridades e no impeachment de ministros do STF.<\/p>\n<h2 class=\"postParagraph_post-paragraph__juWZN postParagraph_post-paragraph-innerHtml__Q5vwc postParagraph_type-tag-h2__TtFkT\">O que aconteceu com a CPI do Crime Organizado no Senado?<\/h2>\n<p class=\"postParagraph_post-paragraph__juWZN postParagraph_post-paragraph-innerHtml__Q5vwc\">O relat\u00f3rio final da comiss\u00e3o, escrito pelo senador Alessandro Vieira, foi rejeitado pela maioria dos senadores. O texto sugeria o indiciamento de ministros do STF e do procurador-geral da Rep\u00fablica por supostos crimes de responsabilidade. Com a derrubada, as investiga\u00e7\u00f5es oficiais no Congresso sobre o chamado caso Master foram interrompidas.<\/p>\n<h2 class=\"postParagraph_post-paragraph__juWZN postParagraph_post-paragraph-innerHtml__Q5vwc postParagraph_type-tag-h2__TtFkT\">Como a oposi\u00e7\u00e3o pretende reagir ap\u00f3s essa derrota legislativa?<\/h2>\n<p class=\"postParagraph_post-paragraph__juWZN postParagraph_post-paragraph-innerHtml__Q5vwc\">Sem espa\u00e7o para avan\u00e7ar com investiga\u00e7\u00f5es no Legislativo, o grupo oposicionista planeja levar o tema para as ruas e para a campanha eleitoral de 2026. O objetivo \u00e9 usar o epis\u00f3dio como exemplo de cerceamento de poderes e fortalecer candidatos ao Senado que defendam o impeachment de magistrados da Suprema Corte.<\/p>\n<h2 class=\"postParagraph_post-paragraph__juWZN postParagraph_post-paragraph-innerHtml__Q5vwc postParagraph_type-tag-h2__TtFkT\">Qual foi a rea\u00e7\u00e3o dos ministros do STF mencionados no caso?<\/h2>\n<p class=\"postParagraph_post-paragraph__juWZN postParagraph_post-paragraph-innerHtml__Q5vwc\">Ministros como Gilmar Mendes e Dias Toffoli reagiram com dureza aos pedidos de indiciamento. Mendes solicitou que a Procuradoria-Geral da Rep\u00fablica investigue o pr\u00f3prio relator da CPI por abuso de poder. Eles classificam o relat\u00f3rio como uma tentativa de criar dividendos eleitorais e atacar a lisura das institui\u00e7\u00f5es judici\u00e1rias.<\/p>\n<h2 class=\"postParagraph_post-paragraph__juWZN postParagraph_post-paragraph-innerHtml__Q5vwc postParagraph_type-tag-h2__TtFkT\">O que \u00e9 o caso Master e por que ele gera tanta pol\u00eamica?<\/h2>\n<p class=\"postParagraph_post-paragraph__juWZN postParagraph_post-paragraph-innerHtml__Q5vwc\">O caso Master envolve suspeitas de influ\u00eancia indevida e infiltra\u00e7\u00f5es de grupos de poder em estruturas do Estado. A pol\u00eamica cresceu devido a manobras pol\u00edticas no Congresso para barrar comiss\u00f5es de inqu\u00e9rito, como a troca de membros da CPI pelo grupo chamado de Centr\u00e3o, o que a oposi\u00e7\u00e3o chama de blindagem de poderosos.<\/p>\n<h2 class=\"postParagraph_post-paragraph__juWZN postParagraph_post-paragraph-innerHtml__Q5vwc postParagraph_type-tag-h2__TtFkT\">Quais s\u00e3o os riscos para os pol\u00edticos que atacarem o STF na campanha?<\/h2>\n<p class=\"postParagraph_post-paragraph__juWZN postParagraph_post-paragraph-innerHtml__Q5vwc\">Ministros do STF e do Tribunal Superior Eleitoral sinalizam que ataques que questionem a integridade das institui\u00e7\u00f5es podem ser punidos com a inelegibilidade. Eles defendem que a Justi\u00e7a Eleitoral enquadre tais condutas como abuso de poder pol\u00edtico, o que pode impedir os cr\u00edticos da Corte de disputarem as pr\u00f3ximas elei\u00e7\u00f5es.<\/p>\n<p class=\"postParagraph_post-paragraph__juWZN postParagraph_post-paragraph-innerHtml__Q5vwc\"><i>Conte\u00fado produzido a partir de informa\u00e7\u00f5es apuradas pela equipe de rep\u00f3rteres da Gazeta do Povo. Para acessar a informa\u00e7\u00e3o na \u00edntegra e se aprofundar sobre o tema leia a reportagem abaixo.<\/i><\/p>\n<div class=\"postViewMore_post-view-more-container___5wai\" data-mrf-recirculation=\"Post - Veja tamb\u00e9m\">\n<p class=\"gp-styles-module-size-small-afeYRa gp-styles-module-font-family2-afeYRa gp-styles-module-color-secondary-afeYRa gp-styles-module-weight-bold-afeYRa\">VEJA TAMB\u00c9M:<\/p>\n<ul class=\"postViewMore_post-view-more-list__CU_CE\">\n<li class=\"postViewMore_post-view-more-item__2MzRb\"><span class=\"postViewMore_post-view-more-link-icon___stPC\"><svg xmlns=\"http:\/\/www.w3.org\/2000\/svg\" width=\"16\" height=\"16\" viewbox=\"0 0 16 16\"><rect width=\"16\" height=\"16\" fill=\"none\"\/><g transform=\"translate(3 3)\"><path d=\"M22.5,15l3.4,3.4-3.4,3.4\" transform=\"translate(-15.896 -11.793)\" fill=\"none\" stroke=\"#717171\" stroke-linecap=\"round\" stroke-width=\"1.4\"\/><path d=\"M6,6v4.2a2.452,2.452,0,0,0,2.5,2.4H16\" transform=\"translate(-6 -6)\" fill=\"none\" stroke=\"#717171\" stroke-linecap=\"round\" stroke-width=\"1.4\"\/><\/g><\/svg><\/span><span class=\"postViewMore_post-view-more-link-text__hO_kM\">Oposi\u00e7\u00e3o levar\u00e1 press\u00e3o sobre caso Master para a disputa eleitoral ap\u00f3s fracasso de CPIs<\/span><\/li>\n<\/ul>\n<\/div>\n<\/div>\n<p><br \/>\n<br \/>Fonte: <a href=\"https:\/\/www.gazetadopovo.com.br\/republica\/como-o-caso-master-deve-impactar-a-disputa-eleitoral-de-2026\/\">Revista Oeste<\/a><\/p>\n","protected":false},"excerpt":{"rendered":"<p>Ap\u00f3s a rejei\u00e7\u00e3o do relat\u00f3rio da CPI do Crime Organizado no Senado nesta ter\u00e7a-feira (14), parlamentares da oposi\u00e7\u00e3o articulam transformar o caso Master em palanque para as elei\u00e7\u00f5es de 2026. A estrat\u00e9gia foca na den\u00fancia de blindagem de autoridades e no impeachment de ministros do STF. O que aconteceu com a CPI do Crime Organizado [&hellip;]<\/p>\n","protected":false},"author":5,"featured_media":73415,"comment_status":"open","ping_status":"open","sticky":false,"template":"","format":"standard","meta":{"_seopress_robots_primary_cat":"","_seopress_titles_title":"","_seopress_titles_desc":"","_seopress_robots_index":"","footnotes":""},"categories":[1],"tags":[],"class_list":["post-73414","post","type-post","status-publish","format-standard","has-post-thumbnail","hentry","category-ultimas-noticias"],"_links":{"self":[{"href":"https:\/\/mussicom.com\/noticias\/wp-json\/wp\/v2\/posts\/73414","targetHints":{"allow":["GET"]}}],"collection":[{"href":"https:\/\/mussicom.com\/noticias\/wp-json\/wp\/v2\/posts"}],"about":[{"href":"https:\/\/mussicom.com\/noticias\/wp-json\/wp\/v2\/types\/post"}],"author":[{"embeddable":true,"href":"https:\/\/mussicom.com\/noticias\/wp-json\/wp\/v2\/users\/5"}],"replies":[{"embeddable":true,"href":"https:\/\/mussicom.com\/noticias\/wp-json\/wp\/v2\/comments?post=73414"}],"version-history":[{"count":0,"href":"https:\/\/mussicom.com\/noticias\/wp-json\/wp\/v2\/posts\/73414\/revisions"}],"wp:featuredmedia":[{"embeddable":true,"href":"https:\/\/mussicom.com\/noticias\/wp-json\/wp\/v2\/media\/73415"}],"wp:attachment":[{"href":"https:\/\/mussicom.com\/noticias\/wp-json\/wp\/v2\/media?parent=73414"}],"wp:term":[{"taxonomy":"category","embeddable":true,"href":"https:\/\/mussicom.com\/noticias\/wp-json\/wp\/v2\/categories?post=73414"},{"taxonomy":"post_tag","embeddable":true,"href":"https:\/\/mussicom.com\/noticias\/wp-json\/wp\/v2\/tags?post=73414"}],"curies":[{"name":"wp","href":"https:\/\/api.w.org\/{rel}","templated":true}]}}