{"id":73403,"date":"2026-04-15T22:43:32","date_gmt":"2026-04-16T01:43:32","guid":{"rendered":"https:\/\/mussicom.com\/justica-nega-remocao-de-video-em-que-janones-chama-bolsonaro-de-ladrao\/"},"modified":"2026-04-15T22:43:32","modified_gmt":"2026-04-16T01:43:32","slug":"justica-nega-remocao-de-video-em-que-janones-chama-bolsonaro-de-ladrao","status":"publish","type":"post","link":"https:\/\/mussicom.com\/noticias\/justica-nega-remocao-de-video-em-que-janones-chama-bolsonaro-de-ladrao\/","title":{"rendered":"Justi\u00e7a nega remo\u00e7\u00e3o de v\u00eddeo em que Janones chama Bolsonaro de \u201cladr\u00e3o\u201d"},"content":{"rendered":"<p> <br \/>\n<\/p>\n<div id=\"tp-post-content\">\n<p class=\"postParagraph_post-paragraph__juWZN postParagraph_post-paragraph-innerHtml__Q5vwc\">A Justi\u00e7a do Distrito Federal negou o pedido do ex-presidente Jair Bolsonaro (PL) para remover um v\u00eddeo em que o deputado Andr\u00e9 Janones (Avante-MG) o chama de \u201cladr\u00e3o\u201d e \u201cvagabundo\u201d.<\/p>\n<p class=\"postParagraph_post-paragraph__juWZN postParagraph_post-paragraph-innerHtml__Q5vwc\">Bolsonaro solicitava que o conte\u00fado fosse removido em at\u00e9 24 horas, que Janones fosse proibido de fazer publica\u00e7\u00f5es semelhantes e se retratasse publicamente.<\/p>\n<p class=\"postParagraph_post-paragraph__juWZN postParagraph_post-paragraph-innerHtml__Q5vwc\">No entanto, o juiz Giordano Resende Costa, da 4\u00aa Vara C\u00edvel de Bras\u00edlia, considerou que a remo\u00e7\u00e3o imediata do conte\u00fado poderia configurar censura, pois o processo ainda est\u00e1 em fase inicial.<\/p>\n<div class=\"postViewMore_post-view-more-container___5wai\" data-mrf-recirculation=\"Post - Veja tamb\u00e9m\">\n<p class=\"gp-styles-module-size-small-afeYRa gp-styles-module-font-family2-afeYRa gp-styles-module-color-secondary-afeYRa gp-styles-module-weight-bold-afeYRa\">VEJA TAMB\u00c9M:<\/p>\n<ul class=\"postViewMore_post-view-more-list__CU_CE\">\n<li class=\"postViewMore_post-view-more-item__2MzRb\"><span class=\"postViewMore_post-view-more-link-icon___stPC\"><svg xmlns=\"http:\/\/www.w3.org\/2000\/svg\" width=\"16\" height=\"16\" viewbox=\"0 0 16 16\"><rect width=\"16\" height=\"16\" fill=\"none\"\/><g transform=\"translate(3 3)\"><path d=\"M22.5,15l3.4,3.4-3.4,3.4\" transform=\"translate(-15.896 -11.793)\" fill=\"none\" stroke=\"#717171\" stroke-linecap=\"round\" stroke-width=\"1.4\"\/><path d=\"M6,6v4.2a2.452,2.452,0,0,0,2.5,2.4H16\" transform=\"translate(-6 -6)\" fill=\"none\" stroke=\"#717171\" stroke-linecap=\"round\" stroke-width=\"1.4\"\/><\/g><\/svg><\/span><span class=\"postViewMore_post-view-more-link-text__hO_kM\">Oposi\u00e7\u00e3o levar\u00e1 press\u00e3o sobre caso Master para a disputa eleitoral ap\u00f3s fracasso de CPIs<\/span><\/li>\n<\/ul>\n<\/div>\n<p class=\"postParagraph_post-paragraph__juWZN postParagraph_post-paragraph-innerHtml__Q5vwc\">\u201cTal modalidade de interven\u00e7\u00e3o judicial demanda, por conseguinte, suporte probat\u00f3rio robusto e inequ\u00edvoco, n\u00e3o se satisfazendo com a mera plausibilidade das alega\u00e7\u00f5es autorais\u201d, escreveu o juiz na decis\u00e3o do \u00faltimo dia 9.<\/p>\n<p class=\"postParagraph_post-paragraph__juWZN postParagraph_post-paragraph-innerHtml__Q5vwc\">O magistrado destacou que a liberdade de express\u00e3o, especialmente no contexto pol\u00edtico-parlamentar, tem &#8220;posi\u00e7\u00e3o preferencial&#8221; no ordenamento jur\u00eddico brasileiro.<\/p>\n<p class=\"postParagraph_post-paragraph__juWZN postParagraph_post-paragraph-innerHtml__Q5vwc\">Segundo a decis\u00e3o, para o reconhecimento de cal\u00fania, seria necess\u00e1ria a prova de que as declara\u00e7\u00f5es s\u00e3o conscientemente falsas, e n\u00e3o apenas &#8220;cr\u00edtica pol\u00edtica \u00e1cida&#8221; ou manifesta\u00e7\u00e3o exagerada.<\/p>\n<p class=\"postParagraph_post-paragraph__juWZN postParagraph_post-paragraph-innerHtml__Q5vwc\">A decis\u00e3o tamb\u00e9m ressaltou que Bolsonaro, na condi\u00e7\u00e3o de ex-presidente da Rep\u00fablica, \u00e9 uma figura p\u00fablica de notoriedade nacional e, portanto, est\u00e1 sujeito a um escrut\u00ednio mais amplo sobre seus atos e omiss\u00f5es pol\u00edticas.<\/p>\n<p class=\"postParagraph_post-paragraph__juWZN postParagraph_post-paragraph-innerHtml__Q5vwc\">O juiz refor\u00e7ou que pessoas p\u00fablicas devem \u201csuportar com maior toler\u00e2ncia as manifesta\u00e7\u00f5es de dissenso e a exposi\u00e7\u00e3o p\u00fablica de narrativas desfavor\u00e1veis \u00e0 sua imagem pol\u00edtica, desde que n\u00e3o haja dolo manifesto e demonstrado de imputar fato criminoso sabidamente falso\u201d.<\/p>\n<h2 class=\"postParagraph_post-paragraph__juWZN postParagraph_post-paragraph-innerHtml__Q5vwc postParagraph_type-tag-h2__TtFkT\">O que Janones disse sobre Bolsonaro?<\/h2>\n<p class=\"postParagraph_post-paragraph__juWZN postParagraph_post-paragraph-innerHtml__Q5vwc\">O deputado federal Andr\u00e9 Janones (Avante-MG) questionou a concess\u00e3o da pris\u00e3o domiciliar ao ex-mandat\u00e1rio e o chamou de &#8220;ladr\u00e3o&#8221; em um v\u00eddeo compartilhado nas redes sociais entre os dias 25 e 28 de mar\u00e7o.<\/p>\n<p class=\"postParagraph_post-paragraph__juWZN postParagraph_post-paragraph-innerHtml__Q5vwc\">\u201cEsse vagabundo, ladr\u00e3o que mandou matar o Lula, mandou matar o Alckmin, esse safado est\u00e1 indo para casa para articular contra o fim da escala 6&#215;1. \u00c9 isso que ele quer para poder articular com o [Donald] Trump, para ferrar com o povo brasileiro e principalmente para fazer voc\u00ea continuar trabalhando igual um condenado\u201d, disse o parlamentar.<\/p>\n<h2 class=\"postParagraph_post-paragraph__juWZN postParagraph_post-paragraph-innerHtml__Q5vwc postParagraph_type-tag-h2__TtFkT\">Bolsonaro acionou o STF contra deputado<\/h2>\n<p class=\"postParagraph_post-paragraph__juWZN postParagraph_post-paragraph-innerHtml__Q5vwc\">No in\u00edcio deste m\u00eas, a defesa de Bolsonaro acionou o Supremo Tribunal Federal contra Janones. O caso \u00e9 relatado pelo ministro Andr\u00e9 Mendon\u00e7a.<\/p>\n<p class=\"postParagraph_post-paragraph__juWZN postParagraph_post-paragraph-innerHtml__Q5vwc\">A defesa do ex-presidente argumenta que, neste caso, a imunidade parlamentar n\u00e3o deve ser aplicada, pois as ofensas teriam car\u00e1ter &#8220;personal\u00edssimo&#8221; e n\u00e3o guardariam conex\u00e3o direta com o exerc\u00edcio do mandato legislativo.<\/p>\n<\/div>\n<p><br \/>\n<br \/>Fonte: <a href=\"https:\/\/www.gazetadopovo.com.br\/republica\/justica-nega-remocao-de-video-em-que-janones-chama-bolsonaro-de-ladrao\/\">Revista Oeste<\/a><\/p>\n","protected":false},"excerpt":{"rendered":"<p>A Justi\u00e7a do Distrito Federal negou o pedido do ex-presidente Jair Bolsonaro (PL) para remover um v\u00eddeo em que o deputado Andr\u00e9 Janones (Avante-MG) o chama de \u201cladr\u00e3o\u201d e \u201cvagabundo\u201d. Bolsonaro solicitava que o conte\u00fado fosse removido em at\u00e9 24 horas, que Janones fosse proibido de fazer publica\u00e7\u00f5es semelhantes e se retratasse publicamente. No entanto, [&hellip;]<\/p>\n","protected":false},"author":5,"featured_media":71481,"comment_status":"open","ping_status":"open","sticky":false,"template":"","format":"standard","meta":{"_seopress_robots_primary_cat":"","_seopress_titles_title":"","_seopress_titles_desc":"","_seopress_robots_index":"","footnotes":""},"categories":[1],"tags":[],"class_list":["post-73403","post","type-post","status-publish","format-standard","has-post-thumbnail","hentry","category-ultimas-noticias"],"_links":{"self":[{"href":"https:\/\/mussicom.com\/noticias\/wp-json\/wp\/v2\/posts\/73403","targetHints":{"allow":["GET"]}}],"collection":[{"href":"https:\/\/mussicom.com\/noticias\/wp-json\/wp\/v2\/posts"}],"about":[{"href":"https:\/\/mussicom.com\/noticias\/wp-json\/wp\/v2\/types\/post"}],"author":[{"embeddable":true,"href":"https:\/\/mussicom.com\/noticias\/wp-json\/wp\/v2\/users\/5"}],"replies":[{"embeddable":true,"href":"https:\/\/mussicom.com\/noticias\/wp-json\/wp\/v2\/comments?post=73403"}],"version-history":[{"count":0,"href":"https:\/\/mussicom.com\/noticias\/wp-json\/wp\/v2\/posts\/73403\/revisions"}],"wp:featuredmedia":[{"embeddable":true,"href":"https:\/\/mussicom.com\/noticias\/wp-json\/wp\/v2\/media\/71481"}],"wp:attachment":[{"href":"https:\/\/mussicom.com\/noticias\/wp-json\/wp\/v2\/media?parent=73403"}],"wp:term":[{"taxonomy":"category","embeddable":true,"href":"https:\/\/mussicom.com\/noticias\/wp-json\/wp\/v2\/categories?post=73403"},{"taxonomy":"post_tag","embeddable":true,"href":"https:\/\/mussicom.com\/noticias\/wp-json\/wp\/v2\/tags?post=73403"}],"curies":[{"name":"wp","href":"https:\/\/api.w.org\/{rel}","templated":true}]}}