{"id":73343,"date":"2026-04-15T17:23:30","date_gmt":"2026-04-15T20:23:30","guid":{"rendered":"https:\/\/mussicom.com\/marinho-diz-que-pec-da-escala-6x1-complementa-pl-do-governo\/"},"modified":"2026-04-15T17:23:30","modified_gmt":"2026-04-15T20:23:30","slug":"marinho-diz-que-pec-da-escala-6x1-complementa-pl-do-governo","status":"publish","type":"post","link":"https:\/\/mussicom.com\/noticias\/marinho-diz-que-pec-da-escala-6x1-complementa-pl-do-governo\/","title":{"rendered":"Marinho diz que PEC da escala 6&#215;1 complementa PL do governo"},"content":{"rendered":"<p> <br \/>\n<\/p>\n<div id=\"tp-post-content\">\n<p class=\"postParagraph_post-paragraph__juWZN postParagraph_post-paragraph-innerHtml__Q5vwc\">O ministro do Trabalho e Emprego, Luiz Marinho, declarou nesta quarta-feira (15) que a tramita\u00e7\u00e3o da Proposta de Emenda \u00e0 Constitui\u00e7\u00e3o (PEC) \u2014 que visa extinguir a escala 6&#215;1 e reduzir a jornada de trabalho \u2014 n\u00e3o compete com o projeto de lei (PL) do governo. Para o ministro, a PEC seria uma forma de garantir que a medida n\u00e3o seja revogada futuramente por \u201cpol\u00edticos aventureiros\u201d.<\/p>\n<p class=\"postParagraph_post-paragraph__juWZN postParagraph_post-paragraph-innerHtml__Q5vwc\">O PL foi encaminhado ao Congresso Nacional em regime de urg\u00eancia nesta ter\u00e7a-feira (14), o que prev\u00ea uma tramita\u00e7\u00e3o de at\u00e9 45 dias na C\u00e2mara e outros 45 dias no Senado. Caso n\u00e3o seja votado nesse per\u00edodo, o texto tranca a pauta de vota\u00e7\u00f5es das duas casas legislativas.<\/p>\n<div class=\"postViewMore_post-view-more-container___5wai\" data-mrf-recirculation=\"Post - Veja tamb\u00e9m\">\n<p class=\"gp-styles-module-size-small-afeYRa gp-styles-module-font-family2-afeYRa gp-styles-module-color-secondary-afeYRa gp-styles-module-weight-bold-afeYRa\">VEJA TAMB\u00c9M:<\/p>\n<ul class=\"postViewMore_post-view-more-list__CU_CE\">\n<li class=\"postViewMore_post-view-more-item__2MzRb\">\n<div class=\"postViewMore_post-view-more-image__5gUSe\"><picture class=\"imageDefault_image-container__XGd8_\"><\/picture><\/div>\n<p>Oposi\u00e7\u00e3o ao governo Lula pede mais tempo<\/li>\n<li class=\"postViewMore_post-view-more-item__2MzRb\">\n<div class=\"postViewMore_post-view-more-image__5gUSe\"><picture class=\"imageDefault_image-container__XGd8_\"><img decoding=\"async\" class=\"imageDefault_image-item__lU2Dk\" src=\"https:\/\/media.gazetadopovo.com.br\/2026\/04\/09191829\/Lula-escala-6x1-1-380x214.jpg.webp\" alt=\"Lula fim da escala 6x1\" width=\"72\" height=\"72\"\/><\/picture><\/div>\n<p>Governo envia ao Congresso Nacional PL do fim da escala 6&#215;1<\/li>\n<\/ul>\n<\/div>\n<p class=\"postParagraph_post-paragraph__juWZN postParagraph_post-paragraph-innerHtml__Q5vwc\">\u201cSe a PEC for aprovada nesse prazo, evidentemente o PL perder\u00e1 o objeto e n\u00e3o haver\u00e1 mais necessidade dele. No entanto, o rito de uma PEC \u00e9 mais demorado. O PL avan\u00e7ar\u00e1 e pode permitir que a redu\u00e7\u00e3o da jornada entre em vigor antes, consolidando-se depois via PEC para impedir que eventuais aventureiros queiram aumentar a carga hor\u00e1ria no futuro, como ocorreu na Argentina\u201d, explicou Marinho, segundo a <em>Ag\u00eancia Brasil<\/em>.<\/p>\n<p class=\"postParagraph_post-paragraph__juWZN postParagraph_post-paragraph-innerHtml__Q5vwc\">Uma das principais bandeiras de Lula para este ano eleitoral, o fim da escala 6&#215;1 integra um \u201cpacote de bondades\u201d \u2014 conjunto de medidas com forte apelo popular lan\u00e7adas pelo Planalto na tentativa de alavancar a candidatura do petista \u00e0 reelei\u00e7\u00e3o.<\/p>\n<p class=\"postParagraph_post-paragraph__juWZN postParagraph_post-paragraph-innerHtml__Q5vwc\"><strong>O projeto de lei enviado pelo governo possui seis pontos principais<\/strong>:<\/p>\n<ul class=\"postList_post-list-container__W0E4y postList_visual-type-unordered-list__M8U7t\">\n<li class=\"postList_post-list-item__34Ck1\">Redu\u00e7\u00e3o da jornada semanal: limite de 40 horas;<\/li>\n<li class=\"postList_post-list-item__34Ck1\">Nova escala: ado\u00e7\u00e3o de modelos que reproduzam, no m\u00e1ximo, a frequ\u00eancia 5&#215;2;<\/li>\n<li class=\"postList_post-list-item__34Ck1\">Sal\u00e1rio protegido: veda\u00e7\u00e3o de qualquer redu\u00e7\u00e3o salarial;<\/li>\n<li class=\"postList_post-list-item__34Ck1\">Abrang\u00eancia: inclus\u00e3o de dom\u00e9sticos, comerci\u00e1rios, atletas, aeronautas, radialistas e outras categorias regidas pela CLT e leis especiais;<\/li>\n<li class=\"postList_post-list-item__34Ck1\">Aplica\u00e7\u00e3o geral: o limite de 40 horas passa a valer tamb\u00e9m para escalas especiais e regimes diferenciados;<\/li>\n<li class=\"postList_post-list-item__34Ck1\">Flexibilidade: manuten\u00e7\u00e3o de escalas como a 12hx36h via acordo coletivo, desde que respeitada a m\u00e9dia semanal de 40 horas.<\/li>\n<\/ul>\n<h2 class=\"postParagraph_post-paragraph__juWZN postParagraph_post-paragraph-innerHtml__Q5vwc postParagraph_type-tag-h2__TtFkT\"><strong>Exemplo da Argentina<\/strong><\/h2>\n<p class=\"postParagraph_post-paragraph__juWZN postParagraph_post-paragraph-innerHtml__Q5vwc\">Como exemplo de vulnerabilidade da lei o ministro Marinho recordou que o presidente da Argentina, Javier Milei, realizou uma reforma trabalhista que flexibilizou a jornada, permitindo, na pr\u00e1tica, o aumento da carga hor\u00e1ria para at\u00e9 12 horas di\u00e1rias.<\/p>\n<p class=\"postParagraph_post-paragraph__juWZN postParagraph_post-paragraph-innerHtml__Q5vwc\">O governo Lula, portanto, apostaria na PEC para que as transforma\u00e7\u00f5es na escala de trabalho n\u00e3o retrocedesse em ambientes pol\u00edticos favor\u00e1veis a um recuo da nova norma.<\/p>\n<\/div>\n<p><br \/>\n<br \/>Fonte: <a href=\"https:\/\/www.gazetadopovo.com.br\/economia\/marinho-diz-que-pec-da-escala-6x1-complementa-pl-do-governo-e-impede-recuo-futuro\/\">Gazeta do Povo<\/a><\/p>\n","protected":false},"excerpt":{"rendered":"<p>O ministro do Trabalho e Emprego, Luiz Marinho, declarou nesta quarta-feira (15) que a tramita\u00e7\u00e3o da Proposta de Emenda \u00e0 Constitui\u00e7\u00e3o (PEC) \u2014 que visa extinguir a escala 6&#215;1 e reduzir a jornada de trabalho \u2014 n\u00e3o compete com o projeto de lei (PL) do governo. Para o ministro, a PEC seria uma forma de [&hellip;]<\/p>\n","protected":false},"author":5,"featured_media":73344,"comment_status":"open","ping_status":"open","sticky":false,"template":"","format":"standard","meta":{"_seopress_robots_primary_cat":"","_seopress_titles_title":"","_seopress_titles_desc":"","_seopress_robots_index":"","footnotes":""},"categories":[45],"tags":[],"class_list":["post-73343","post","type-post","status-publish","format-standard","has-post-thumbnail","hentry","category-economia"],"_links":{"self":[{"href":"https:\/\/mussicom.com\/noticias\/wp-json\/wp\/v2\/posts\/73343","targetHints":{"allow":["GET"]}}],"collection":[{"href":"https:\/\/mussicom.com\/noticias\/wp-json\/wp\/v2\/posts"}],"about":[{"href":"https:\/\/mussicom.com\/noticias\/wp-json\/wp\/v2\/types\/post"}],"author":[{"embeddable":true,"href":"https:\/\/mussicom.com\/noticias\/wp-json\/wp\/v2\/users\/5"}],"replies":[{"embeddable":true,"href":"https:\/\/mussicom.com\/noticias\/wp-json\/wp\/v2\/comments?post=73343"}],"version-history":[{"count":0,"href":"https:\/\/mussicom.com\/noticias\/wp-json\/wp\/v2\/posts\/73343\/revisions"}],"wp:featuredmedia":[{"embeddable":true,"href":"https:\/\/mussicom.com\/noticias\/wp-json\/wp\/v2\/media\/73344"}],"wp:attachment":[{"href":"https:\/\/mussicom.com\/noticias\/wp-json\/wp\/v2\/media?parent=73343"}],"wp:term":[{"taxonomy":"category","embeddable":true,"href":"https:\/\/mussicom.com\/noticias\/wp-json\/wp\/v2\/categories?post=73343"},{"taxonomy":"post_tag","embeddable":true,"href":"https:\/\/mussicom.com\/noticias\/wp-json\/wp\/v2\/tags?post=73343"}],"curies":[{"name":"wp","href":"https:\/\/api.w.org\/{rel}","templated":true}]}}