{"id":73342,"date":"2026-04-15T17:22:52","date_gmt":"2026-04-15T20:22:52","guid":{"rendered":"https:\/\/mussicom.com\/stf-cogita-medidas-contra-senadores-da-cpi\/"},"modified":"2026-04-15T17:22:52","modified_gmt":"2026-04-15T20:22:52","slug":"stf-cogita-medidas-contra-senadores-da-cpi","status":"publish","type":"post","link":"https:\/\/mussicom.com\/noticias\/stf-cogita-medidas-contra-senadores-da-cpi\/","title":{"rendered":"STF cogita medidas contra senadores da CPI"},"content":{"rendered":"<p> <br \/>\n<\/p>\n<div id=\"tp-post-content\">\n<p class=\"postParagraph_post-paragraph__juWZN postParagraph_post-paragraph-innerHtml__Q5vwc\">O Podcast 15 Minutos desta quarta-feira repercute \u00a0a forte\u00a0tens\u00e3o institucional\u00a0entre integrantes do\u00a0Supremo Tribunal Federal (STF) e senadores ap\u00f3s a tentativa de indiciar magistrados no relat\u00f3rio final da\u00a0CPI do Crime Organizado.<\/p>\n<p class=\"postParagraph_post-paragraph__juWZN postParagraph_post-paragraph-innerHtml__Q5vwc\">O programa detalha como os ministros do STF Gilmar Mendes, Dias Toffoli e Alexandre de Moraes reagiram com indigna\u00e7\u00e3o, sinalizando poss\u00edveis\u00a0retalia\u00e7\u00f5es jur\u00eddicas e eleitorais\u00a0contra os parlamentares envolvidos.<\/p>\n<p class=\"postParagraph_post-paragraph__juWZN postParagraph_post-paragraph-innerHtml__Q5vwc\">Embora o relat\u00f3rio final da Comiss\u00e3o tenha sido rejeitado, as acusa\u00e7\u00f5es de\u00a0abuso de autoridade\u00a0e m\u00e1 conduta geraram um clima de confronto direto entre os Poderes.<\/p>\n<p class=\"postParagraph_post-paragraph__juWZN postParagraph_post-paragraph-innerHtml__Q5vwc\">O Judici\u00e1rio busca punir o que considera ataques infundados, enquanto o relator da CPI acusa a Corte de\u00a0intimida\u00e7\u00e3o. Essa disputa evidencia um cen\u00e1rio de crise sobre os limites da\u00a0fiscaliza\u00e7\u00e3o parlamentar\u00a0e a autonomia dos ju\u00edzes.<\/p>\n<\/div>\n<p><br \/>\n<br \/>Fonte: <a href=\"https:\/\/www.gazetadopovo.com.br\/republica\/conflito-institucional-stf-cogita-medidas-contra-senadores-que-apoiaram-a-cpi\/\">Revista Oeste<\/a><\/p>\n","protected":false},"excerpt":{"rendered":"<p>O Podcast 15 Minutos desta quarta-feira repercute \u00a0a forte\u00a0tens\u00e3o institucional\u00a0entre integrantes do\u00a0Supremo Tribunal Federal (STF) e senadores ap\u00f3s a tentativa de indiciar magistrados no relat\u00f3rio final da\u00a0CPI do Crime Organizado. O programa detalha como os ministros do STF Gilmar Mendes, Dias Toffoli e Alexandre de Moraes reagiram com indigna\u00e7\u00e3o, sinalizando poss\u00edveis\u00a0retalia\u00e7\u00f5es jur\u00eddicas e eleitorais\u00a0contra os [&hellip;]<\/p>\n","protected":false},"author":5,"featured_media":67740,"comment_status":"open","ping_status":"open","sticky":false,"template":"","format":"standard","meta":{"_seopress_robots_primary_cat":"","_seopress_titles_title":"","_seopress_titles_desc":"","_seopress_robots_index":"","footnotes":""},"categories":[1],"tags":[],"class_list":["post-73342","post","type-post","status-publish","format-standard","has-post-thumbnail","hentry","category-ultimas-noticias"],"_links":{"self":[{"href":"https:\/\/mussicom.com\/noticias\/wp-json\/wp\/v2\/posts\/73342","targetHints":{"allow":["GET"]}}],"collection":[{"href":"https:\/\/mussicom.com\/noticias\/wp-json\/wp\/v2\/posts"}],"about":[{"href":"https:\/\/mussicom.com\/noticias\/wp-json\/wp\/v2\/types\/post"}],"author":[{"embeddable":true,"href":"https:\/\/mussicom.com\/noticias\/wp-json\/wp\/v2\/users\/5"}],"replies":[{"embeddable":true,"href":"https:\/\/mussicom.com\/noticias\/wp-json\/wp\/v2\/comments?post=73342"}],"version-history":[{"count":0,"href":"https:\/\/mussicom.com\/noticias\/wp-json\/wp\/v2\/posts\/73342\/revisions"}],"wp:featuredmedia":[{"embeddable":true,"href":"https:\/\/mussicom.com\/noticias\/wp-json\/wp\/v2\/media\/67740"}],"wp:attachment":[{"href":"https:\/\/mussicom.com\/noticias\/wp-json\/wp\/v2\/media?parent=73342"}],"wp:term":[{"taxonomy":"category","embeddable":true,"href":"https:\/\/mussicom.com\/noticias\/wp-json\/wp\/v2\/categories?post=73342"},{"taxonomy":"post_tag","embeddable":true,"href":"https:\/\/mussicom.com\/noticias\/wp-json\/wp\/v2\/tags?post=73342"}],"curies":[{"name":"wp","href":"https:\/\/api.w.org\/{rel}","templated":true}]}}