{"id":73336,"date":"2026-04-15T16:34:24","date_gmt":"2026-04-15T19:34:24","guid":{"rendered":"https:\/\/mussicom.com\/lagarta-do-cartucho-no-milho-exige-manejo-integrado-para-reduzir-custos-e-evitar-perdas\/"},"modified":"2026-04-15T16:34:24","modified_gmt":"2026-04-15T19:34:24","slug":"lagarta-do-cartucho-no-milho-exige-manejo-integrado-para-reduzir-custos-e-evitar-perdas","status":"publish","type":"post","link":"https:\/\/mussicom.com\/noticias\/lagarta-do-cartucho-no-milho-exige-manejo-integrado-para-reduzir-custos-e-evitar-perdas\/","title":{"rendered":"Lagarta-do-cartucho no milho exige manejo integrado para reduzir custos e evitar perdas"},"content":{"rendered":"<p> <br \/>\n<\/p>\n<div>\n<p style=\"text-align:justify\">A lagarta-do-cartucho segue como a principal praga do milho no Brasil e tem elevado os custos de produ\u00e7\u00e3o, especialmente entre fevereiro e maio, per\u00edodo de maior press\u00e3o nas lavouras. O manejo inadequado, baseado apenas em Inseticidas, tem resultado em controle ineficiente e aumento do risco de resist\u00eancia, impactando diretamente a rentabilidade do produtor.\u00a0&#13;\n<\/p>\n<p style=\"text-align:justify\">A presen\u00e7a constante da praga em praticamente todas as regi\u00f5es produtoras, favorecida pela sucess\u00e3o de culturas e disponibilidade de hospedeiros, mant\u00e9m o desafio ativo dentro das propriedades. Na pr\u00e1tica, o produtor que n\u00e3o monitora corretamente acaba tomando decis\u00f5es tardias \u2014 e mais caras. A lagarta-do-cartucho ataca o milho desde os est\u00e1dios iniciais at\u00e9 fases mais avan\u00e7adas, comprometendo o estande, a \u00e1rea foliar e at\u00e9 a forma\u00e7\u00e3o de espigas. Esse conjunto de danos reduz o potencial produtivo e pode gerar perdas econ\u00f4micas expressivas.\u00a0&#13;\n<\/p>\n<p style=\"text-align:justify\"><strong>Uso excessivo de inseticidas aumenta custo e pode piorar o problema<\/strong><\/p>\n<p style=\"text-align:justify\">Um dos principais erros no campo ainda \u00e9 o uso sequencial de inseticidas sem monitoramento t\u00e9cnico. Al\u00e9m de elevar o custo direto da lavoura, essa pr\u00e1tica pode resultar em baixa efici\u00eancia de controle.\u00a0Isso ocorre porque aplica\u00e7\u00f5es fora do momento ideal \u2014 principalmente com lagartas maiores e protegidas no cartucho \u2014 t\u00eam menor efic\u00e1cia. Outro ponto cr\u00edtico \u00e9 o impacto sobre inimigos naturais, que ajudam a controlar a praga de forma biol\u00f3gica.&#13;\n<\/p>\n<p style=\"text-align:justify\">O manejo isolado n\u00e3o resolve o problema. A recomenda\u00e7\u00e3o \u00e9 integrar diferentes estrat\u00e9gias para manter a popula\u00e7\u00e3o abaixo do n\u00edvel de dano econ\u00f4mico.<\/p>\n<p style=\"text-align:justify\"><strong>Monitoramento define o momento certo de agir<\/strong><\/p>\n<p style=\"text-align:justify\">O monitoramento da lavoura \u00e9 apontado como o ponto-chave para reduzir custos e aumentar a efici\u00eancia do controle. A inspe\u00e7\u00e3o frequente permite identificar:<\/p>\n<p style=\"text-align:justify\">&#8211; Presen\u00e7a de ovos e lagartas pequenas\u00a0<\/p>\n<p style=\"text-align:justify\">&#8212; N\u00edvel de dano nas folhas\u00a0<\/p>\n<p style=\"text-align:justify\">&#8211; Percentual de plantas atacadas<\/p>\n<p style=\"text-align:justify\">A tomada de decis\u00e3o deve considerar esses fatores, al\u00e9m do est\u00e1gio da cultura. O controle \u00e9 mais eficiente quando realizado ainda nas fases iniciais da infesta\u00e7\u00e3o, antes que a lagarta se instale no cartucho.\u00a0<\/p>\n<p style=\"text-align:justify\"><strong>Manejo integrado reduz custos ao longo das safras<\/strong><\/p>\n<p style=\"text-align:justify\">O caminho mais eficiente, segundo dados t\u00e9cnicos, \u00e9 o manejo integrado de pragas (MIP), que combina diferentes ferramentas:<\/p>\n<p style=\"text-align:justify\">&#8211; Uso de milho Bt com ref\u00fagio estruturado<\/p>\n<p style=\"text-align:justify\">&#8211; Controle biol\u00f3gico com inimigos naturais e bioinseticidas<\/p>\n<p style=\"text-align:justify\">&#8211; Aplica\u00e7\u00e3o racional de inseticidas<\/p>\n<p style=\"text-align:justify\">&#8211; Rota\u00e7\u00e3o de culturas<\/p>\n<p style=\"text-align:justify\"><strong>Manejo de plantas daninhas hospedeiras<\/strong><\/p>\n<p style=\"text-align:justify\">O milho Bt continua sendo uma tecnologia central, mas depende diretamente do uso correto do ref\u00fagio para evitar a resist\u00eancia da praga. Sem essa pr\u00e1tica, o produtor pode perder efici\u00eancia da tecnologia e aumentar os custos no m\u00e9dio prazo.\u00a0<\/p>\n<p style=\"text-align:justify\"><strong>Rota\u00e7\u00e3o e controle cultural ajudam a quebrar o ciclo da praga<\/strong><\/p>\n<p style=\"text-align:justify\">Outro ponto estrat\u00e9gico \u00e9 reduzir a sobreviv\u00eancia da lagarta entre safras. A presen\u00e7a de gram\u00edneas e culturas sucessivas como milho\u2013milho favorece a manuten\u00e7\u00e3o da praga no sistema.<\/p>\n<p style=\"text-align:justify\">A rota\u00e7\u00e3o com culturas menos favor\u00e1veis e o controle de plantas daninhas diminuem a press\u00e3o populacional e contribuem para um sistema mais equilibrado \u2014 com impacto direto na redu\u00e7\u00e3o de aplica\u00e7\u00f5es qu\u00edmicas.<\/p>\n<p style=\"text-align:justify\"><strong>Resist\u00eancia preocupa e exige mudan\u00e7a de estrat\u00e9gia<\/strong><\/p>\n<p style=\"text-align:justify\">A capacidade da lagarta-do-cartucho de desenvolver resist\u00eancia \u00e9 um alerta crescente no campo. O uso repetitivo das mesmas ferramentas acelera esse processo e compromete o controle.<\/p>\n<p style=\"text-align:justify\">\u00a0<\/p>\n<\/p><\/div>\n<p><script data-cfasync=\"false\">\n    !function (f, b, e, v, n, t, s) {\n        if (f.fbq) return; n = f.fbq = function () {\n            n.callMethod ?\n                n.callMethod.apply(n, arguments) : n.queue.push(arguments)\n        };\n        if (!f._fbq) f._fbq = n; n.push = n; n.loaded = !0; n.version = '2.0';\n        n.queue = []; t = b.createElement(e); t.async = !0;\n        t.src = v; s = b.getElementsByTagName(e)[0];\n        s.parentNode.insertBefore(t, s)\n    }(window, document, 'script',\n        'https:\/\/connect.facebook.net\/en_US\/fbevents.js');\n    fbq('init', '522546078623747');\n    fbq('track', 'PageView');\n<\/script><br \/>\n<br \/><br \/>\n<br \/>Fonte: <a href=\"https:\/\/www.agrolink.com.br\/noticias\/lagarta-do-cartucho-no-milho-exige-manejo-integrado-para-reduzir-custos-e-evitar-perdas_513140.html\">AGROLINK<\/a><\/p>\n","protected":false},"excerpt":{"rendered":"<p>A lagarta-do-cartucho segue como a principal praga do milho no Brasil e tem elevado os custos de produ\u00e7\u00e3o, especialmente entre fevereiro e maio, per\u00edodo de maior press\u00e3o nas lavouras. O manejo inadequado, baseado apenas em Inseticidas, tem resultado em controle ineficiente e aumento do risco de resist\u00eancia, impactando diretamente a rentabilidade do produtor.\u00a0&#13; A presen\u00e7a [&hellip;]<\/p>\n","protected":false},"author":5,"featured_media":73337,"comment_status":"open","ping_status":"open","sticky":false,"template":"","format":"standard","meta":{"_seopress_robots_primary_cat":"","_seopress_titles_title":"","_seopress_titles_desc":"","_seopress_robots_index":"","footnotes":""},"categories":[53],"tags":[],"class_list":["post-73336","post","type-post","status-publish","format-standard","has-post-thumbnail","hentry","category-agronegocio"],"_links":{"self":[{"href":"https:\/\/mussicom.com\/noticias\/wp-json\/wp\/v2\/posts\/73336","targetHints":{"allow":["GET"]}}],"collection":[{"href":"https:\/\/mussicom.com\/noticias\/wp-json\/wp\/v2\/posts"}],"about":[{"href":"https:\/\/mussicom.com\/noticias\/wp-json\/wp\/v2\/types\/post"}],"author":[{"embeddable":true,"href":"https:\/\/mussicom.com\/noticias\/wp-json\/wp\/v2\/users\/5"}],"replies":[{"embeddable":true,"href":"https:\/\/mussicom.com\/noticias\/wp-json\/wp\/v2\/comments?post=73336"}],"version-history":[{"count":0,"href":"https:\/\/mussicom.com\/noticias\/wp-json\/wp\/v2\/posts\/73336\/revisions"}],"wp:featuredmedia":[{"embeddable":true,"href":"https:\/\/mussicom.com\/noticias\/wp-json\/wp\/v2\/media\/73337"}],"wp:attachment":[{"href":"https:\/\/mussicom.com\/noticias\/wp-json\/wp\/v2\/media?parent=73336"}],"wp:term":[{"taxonomy":"category","embeddable":true,"href":"https:\/\/mussicom.com\/noticias\/wp-json\/wp\/v2\/categories?post=73336"},{"taxonomy":"post_tag","embeddable":true,"href":"https:\/\/mussicom.com\/noticias\/wp-json\/wp\/v2\/tags?post=73336"}],"curies":[{"name":"wp","href":"https:\/\/api.w.org\/{rel}","templated":true}]}}