{"id":73281,"date":"2026-04-15T12:28:21","date_gmt":"2026-04-15T15:28:21","guid":{"rendered":"https:\/\/mussicom.com\/caminhao-sabor-e-renda-chega-ao-cras-enseada-hoje\/"},"modified":"2026-04-15T12:28:21","modified_gmt":"2026-04-15T15:28:21","slug":"caminhao-sabor-e-renda-chega-ao-cras-enseada-hoje","status":"publish","type":"post","link":"https:\/\/mussicom.com\/noticias\/caminhao-sabor-e-renda-chega-ao-cras-enseada-hoje\/","title":{"rendered":"Caminh\u00e3o Sabor e Renda chega ao CRAS Enseada hoje"},"content":{"rendered":"<p> <br \/>\n<\/p>\n<div id=\"texto\">\n<p>Os moradores da regi\u00e3o da Enseada t\u00eam a oportunidade de participar das oficinas do Caminh\u00e3o Sabor e Renda. Hoje a partir das 14 horas, a iniciativa chega ao Centro de Refer\u00eancia da Assist\u00eancia Social (CRAS) Enseada, localizado na Rua Des. Pl\u00ednio de Carvalho Pinto, 19, no Balne\u00e1rio Cidade Atl\u00e2ntica. A a\u00e7\u00e3o \u00e9 da Secretaria de Desenvolvimento e Assist\u00eancia Social (Sedeas), coordenada pela Diretoria de Seguran\u00e7a Alimentar e Nutricional (SEGAN)<\/p>\n<p>\u00a0<\/p>\n<p>O objetivo \u00e9 promover h\u00e1bitos alimentares mais saud\u00e1veis, al\u00e9m de incentivar a gera\u00e7\u00e3o de renda por meio do aproveitamento integral dos alimentos. O projeto vem sendo realizado ao longo do m\u00eas de abril nos CRAS do Munic\u00edpio, oferecendo oficinas culin\u00e1rias gratuitas voltadas \u00e0 Educa\u00e7\u00e3o Alimentar e Nutricional (EAN).<\/p>\n<p>\u00a0<\/p>\n<p>Os participantes aprendem a preparar receitas pr\u00e1ticas, nutritivas e de baixo custo, utilizando alimentos in natura ou minimamente processados. O conte\u00fado tamb\u00e9m inclui orienta\u00e7\u00f5es sobre boas pr\u00e1ticas de manipula\u00e7\u00e3o de alimentos e conceitos baseados no Guia Alimentar para a Popula\u00e7\u00e3o Brasileira.<\/p>\n<p>\u00a0<\/p>\n<p>Al\u00e9m do aprendizado, as atividades proporcionam momentos de conviv\u00eancia e troca de experi\u00eancias entre os mun\u00edcipes, que ao final das oficinas ainda podem degustar as prepara\u00e7\u00f5es realizadas.<\/p>\n<p>\u00a0<\/p>\n<p>A participa\u00e7\u00e3o \u00e9 gratuita e aberta ao p\u00fablico atendido pelos equipamentos, fortalecendo o papel dos CRAS como espa\u00e7os de promo\u00e7\u00e3o de cidadania, inclus\u00e3o e qualidade de vida. No pr\u00f3ximo dia 29, a iniciativa acontece no CRAS Vicente de Carvalho (Avenida Cunhambebe, 380 \/ Vila Alice \/ Vicente de Carvalho)<\/p>\n<\/p><\/div>\n<p><script async defer crossorigin=\"anonymous\" src=\"https:\/\/connect.facebook.net\/pt_BR\/sdk.js#xfbml=1&#038;version=v12.0&#038;appId=&#038;autoLogAppEvents=1\" nonce=\"ou0fI1lo\"><\/script><br \/>\n<br \/><br \/>\n<br \/>Fonte: <a href=\"https:\/\/www.bs9.com.br\/litoral\/caminhao-sabor-e-renda-chega-ao-cras-enseada-hoje\/38922\/\">BS9<\/a><\/p>\n","protected":false},"excerpt":{"rendered":"<p>Os moradores da regi\u00e3o da Enseada t\u00eam a oportunidade de participar das oficinas do Caminh\u00e3o Sabor e Renda. Hoje a partir das 14 horas, a iniciativa chega ao Centro de Refer\u00eancia da Assist\u00eancia Social (CRAS) Enseada, localizado na Rua Des. Pl\u00ednio de Carvalho Pinto, 19, no Balne\u00e1rio Cidade Atl\u00e2ntica. A a\u00e7\u00e3o \u00e9 da Secretaria de [&hellip;]<\/p>\n","protected":false},"author":5,"featured_media":73282,"comment_status":"open","ping_status":"open","sticky":false,"template":"","format":"standard","meta":{"_seopress_robots_primary_cat":"","_seopress_titles_title":"","_seopress_titles_desc":"","_seopress_robots_index":"","footnotes":""},"categories":[52],"tags":[],"class_list":["post-73281","post","type-post","status-publish","format-standard","has-post-thumbnail","hentry","category-santoseregiao"],"_links":{"self":[{"href":"https:\/\/mussicom.com\/noticias\/wp-json\/wp\/v2\/posts\/73281","targetHints":{"allow":["GET"]}}],"collection":[{"href":"https:\/\/mussicom.com\/noticias\/wp-json\/wp\/v2\/posts"}],"about":[{"href":"https:\/\/mussicom.com\/noticias\/wp-json\/wp\/v2\/types\/post"}],"author":[{"embeddable":true,"href":"https:\/\/mussicom.com\/noticias\/wp-json\/wp\/v2\/users\/5"}],"replies":[{"embeddable":true,"href":"https:\/\/mussicom.com\/noticias\/wp-json\/wp\/v2\/comments?post=73281"}],"version-history":[{"count":0,"href":"https:\/\/mussicom.com\/noticias\/wp-json\/wp\/v2\/posts\/73281\/revisions"}],"wp:featuredmedia":[{"embeddable":true,"href":"https:\/\/mussicom.com\/noticias\/wp-json\/wp\/v2\/media\/73282"}],"wp:attachment":[{"href":"https:\/\/mussicom.com\/noticias\/wp-json\/wp\/v2\/media?parent=73281"}],"wp:term":[{"taxonomy":"category","embeddable":true,"href":"https:\/\/mussicom.com\/noticias\/wp-json\/wp\/v2\/categories?post=73281"},{"taxonomy":"post_tag","embeddable":true,"href":"https:\/\/mussicom.com\/noticias\/wp-json\/wp\/v2\/tags?post=73281"}],"curies":[{"name":"wp","href":"https:\/\/api.w.org\/{rel}","templated":true}]}}