{"id":73246,"date":"2026-04-15T09:29:24","date_gmt":"2026-04-15T12:29:24","guid":{"rendered":"https:\/\/mussicom.com\/justica-bloqueia-contas-de-ex-ministro-de-bolsonaro-em-acao-de-felipe-neto\/"},"modified":"2026-04-15T09:29:24","modified_gmt":"2026-04-15T12:29:24","slug":"justica-bloqueia-contas-de-ex-ministro-de-bolsonaro-em-acao-de-felipe-neto","status":"publish","type":"post","link":"https:\/\/mussicom.com\/noticias\/justica-bloqueia-contas-de-ex-ministro-de-bolsonaro-em-acao-de-felipe-neto\/","title":{"rendered":"Justi\u00e7a bloqueia contas de ex-ministro de Bolsonaro em a\u00e7\u00e3o de Felipe Neto"},"content":{"rendered":"<p> <br \/>\n<\/p>\n<div id=\"tp-post-content\">\n<p class=\"postParagraph_post-paragraph__juWZN postParagraph_post-paragraph-innerHtml__Q5vwc\">A Justi\u00e7a do Rio de Janeiro determinou o bloqueio das contas do deputado federal e ex-ministro do Turismo do governo Jair Bolsonaro (PL), Marcelo \u00c1lvaro Ant\u00f4nio (PL-MG), para garantir o pagamento de uma d\u00edvida superior a R$ 100 mil ao youtuber Felipe Neto. A decis\u00e3o foi tomada pela 3\u00aa Vara C\u00edvel da Barra da Tijuca, na fase de cumprimento de senten\u00e7a de um processo por danos morais.<\/p>\n<p class=\"postParagraph_post-paragraph__juWZN postParagraph_post-paragraph-innerHtml__Q5vwc\">O bloqueio \u00e9 resultado de uma condena\u00e7\u00e3o anterior que fixou indeniza\u00e7\u00e3o de R$ 50 mil ap\u00f3s publica\u00e7\u00f5es feitas em setembro de 2020. Na ocasi\u00e3o, o ent\u00e3o ministro associou Felipe Neto \u00e0 pr\u00e1tica de pedofilia e \u00e0 produ\u00e7\u00e3o de \u201clivros pornogr\u00e1ficos para crian\u00e7as\u201d em suas redes sociais.<\/p>\n<p class=\"postParagraph_post-paragraph__juWZN postParagraph_post-paragraph-innerHtml__Q5vwc\">A <strong>Gazeta do Povo<\/strong> procurou o deputado para se pronunciar sobre a decis\u00e3o judicial e aguarda retorno.<\/p>\n<div class=\"postViewMore_post-view-more-container___5wai\" data-mrf-recirculation=\"Post - Veja tamb\u00e9m\">\n<p class=\"gp-styles-module-size-small-afeYRa gp-styles-module-font-family2-afeYRa gp-styles-module-color-secondary-afeYRa gp-styles-module-weight-bold-afeYRa\">VEJA TAMB\u00c9M:<\/p>\n<ul class=\"postViewMore_post-view-more-list__CU_CE\">\n<li class=\"postViewMore_post-view-more-item__2MzRb\">\n<div class=\"postViewMore_post-view-more-image__5gUSe\"><picture class=\"imageDefault_image-container__XGd8_\"><\/picture><\/div>\n<p>Direita precisa fazer um esfor\u00e7o e \u201cengolir sapos\u201d, defende Ricardo Salles<\/li>\n<\/ul>\n<\/div>\n<p class=\"postParagraph_post-paragraph__juWZN postParagraph_post-paragraph-innerHtml__Q5vwc\">O caso ocorreu em 2020 quando Marcelo \u00c1lvaro Ant\u00f4nio fez postagens com acusa\u00e7\u00f5es contra o influenciador, o que levou Felipe Neto a ingressar com uma a\u00e7\u00e3o judicial alegando que as afirma\u00e7\u00f5es eram falsas e atingiam diretamente sua honra e reputa\u00e7\u00e3o.<\/p>\n<p class=\"postParagraph_post-paragraph__juWZN postParagraph_post-paragraph-innerHtml__Q5vwc\">A senten\u00e7a determinou n\u00e3o apenas o pagamento de indeniza\u00e7\u00e3o, mas tamb\u00e9m a exclus\u00e3o das postagens no prazo de 48 horas e a publica\u00e7\u00e3o de uma retrata\u00e7\u00e3o p\u00fablica. O conte\u00fado da retrata\u00e7\u00e3o deveria permanecer no Instagram e no X (antigo Twitter) pelo mesmo per\u00edodo em que as ofensas ficaram dispon\u00edveis.<\/p>\n<p class=\"postParagraph_post-paragraph__juWZN postParagraph_post-paragraph-innerHtml__Q5vwc\">O descumprimento dessas medidas implicaria multa di\u00e1ria de R$ 500, conforme estabelecido pela decis\u00e3o judicial. Com o avan\u00e7o do processo e a aus\u00eancia de pagamento volunt\u00e1rio, a Justi\u00e7a adotou o bloqueio de valores como forma de assegurar o cumprimento da condena\u00e7\u00e3o.<\/p>\n<p class=\"postParagraph_post-paragraph__juWZN postParagraph_post-paragraph-innerHtml__Q5vwc\">De acordo com a decis\u00e3o, caso n\u00e3o sejam encontrados recursos suficientes nas contas do parlamentar, a parte autora poder\u00e1 indicar outros bens pass\u00edveis de penhora.<\/p>\n<\/div>\n<p><br \/>\n<br \/>Fonte: <a href=\"https:\/\/www.gazetadopovo.com.br\/republica\/justica-bloqueia-contas-ex-ministro-bolsonaro-acao-felipe-neto\/\">Revista Oeste<\/a><\/p>\n","protected":false},"excerpt":{"rendered":"<p>A Justi\u00e7a do Rio de Janeiro determinou o bloqueio das contas do deputado federal e ex-ministro do Turismo do governo Jair Bolsonaro (PL), Marcelo \u00c1lvaro Ant\u00f4nio (PL-MG), para garantir o pagamento de uma d\u00edvida superior a R$ 100 mil ao youtuber Felipe Neto. A decis\u00e3o foi tomada pela 3\u00aa Vara C\u00edvel da Barra da Tijuca, [&hellip;]<\/p>\n","protected":false},"author":5,"featured_media":73247,"comment_status":"open","ping_status":"open","sticky":false,"template":"","format":"standard","meta":{"_seopress_robots_primary_cat":"","_seopress_titles_title":"","_seopress_titles_desc":"","_seopress_robots_index":"","footnotes":""},"categories":[1],"tags":[],"class_list":["post-73246","post","type-post","status-publish","format-standard","has-post-thumbnail","hentry","category-ultimas-noticias"],"_links":{"self":[{"href":"https:\/\/mussicom.com\/noticias\/wp-json\/wp\/v2\/posts\/73246","targetHints":{"allow":["GET"]}}],"collection":[{"href":"https:\/\/mussicom.com\/noticias\/wp-json\/wp\/v2\/posts"}],"about":[{"href":"https:\/\/mussicom.com\/noticias\/wp-json\/wp\/v2\/types\/post"}],"author":[{"embeddable":true,"href":"https:\/\/mussicom.com\/noticias\/wp-json\/wp\/v2\/users\/5"}],"replies":[{"embeddable":true,"href":"https:\/\/mussicom.com\/noticias\/wp-json\/wp\/v2\/comments?post=73246"}],"version-history":[{"count":0,"href":"https:\/\/mussicom.com\/noticias\/wp-json\/wp\/v2\/posts\/73246\/revisions"}],"wp:featuredmedia":[{"embeddable":true,"href":"https:\/\/mussicom.com\/noticias\/wp-json\/wp\/v2\/media\/73247"}],"wp:attachment":[{"href":"https:\/\/mussicom.com\/noticias\/wp-json\/wp\/v2\/media?parent=73246"}],"wp:term":[{"taxonomy":"category","embeddable":true,"href":"https:\/\/mussicom.com\/noticias\/wp-json\/wp\/v2\/categories?post=73246"},{"taxonomy":"post_tag","embeddable":true,"href":"https:\/\/mussicom.com\/noticias\/wp-json\/wp\/v2\/tags?post=73246"}],"curies":[{"name":"wp","href":"https:\/\/api.w.org\/{rel}","templated":true}]}}