{"id":73239,"date":"2026-04-15T09:18:35","date_gmt":"2026-04-15T12:18:35","guid":{"rendered":"https:\/\/mussicom.com\/cuca-lamenta-empate-critica-falta-de-eficiencia-e-cita-cobranca-acumulada-da-torcida-do-santos\/"},"modified":"2026-04-15T09:18:35","modified_gmt":"2026-04-15T12:18:35","slug":"cuca-lamenta-empate-critica-falta-de-eficiencia-e-cita-cobranca-acumulada-da-torcida-do-santos","status":"publish","type":"post","link":"https:\/\/mussicom.com\/noticias\/cuca-lamenta-empate-critica-falta-de-eficiencia-e-cita-cobranca-acumulada-da-torcida-do-santos\/","title":{"rendered":"Cuca lamenta empate, critica falta de efici\u00eancia e cita cobran\u00e7a acumulada da torcida do Santos"},"content":{"rendered":"<p> <br \/>\n<\/p>\n<div>\n<div id=\"attachment_182400\" style=\"width: 996px\" class=\"wp-caption alignnone\"><img alt=\"\" fetchpriority=\"high\" fetchpriority=\"high\" decoding=\"async\" aria-describedby=\"caption-attachment-182400\" class=\" wp-image-182400\" src=\"https:\/\/www.diariodopeixe.com.br\/wp-content\/uploads\/2026\/04\/55201672981_18b5322dbb_o-300x200.jpeg\" alt=\"\" width=\"986\" height=\"657\" srcset=\"https:\/\/www.diariodopeixe.com.br\/wp-content\/uploads\/2026\/04\/55201672981_18b5322dbb_o-200x133.jpeg 200w, https:\/\/www.diariodopeixe.com.br\/wp-content\/uploads\/2026\/04\/55201672981_18b5322dbb_o-300x200.jpeg 300w, https:\/\/www.diariodopeixe.com.br\/wp-content\/uploads\/2026\/04\/55201672981_18b5322dbb_o-400x267.jpeg 400w, https:\/\/www.diariodopeixe.com.br\/wp-content\/uploads\/2026\/04\/55201672981_18b5322dbb_o-600x400.jpeg 600w, https:\/\/www.diariodopeixe.com.br\/wp-content\/uploads\/2026\/04\/55201672981_18b5322dbb_o-768x512.jpeg 768w, https:\/\/www.diariodopeixe.com.br\/wp-content\/uploads\/2026\/04\/55201672981_18b5322dbb_o-800x533.jpeg 800w, https:\/\/www.diariodopeixe.com.br\/wp-content\/uploads\/2026\/04\/55201672981_18b5322dbb_o-1024x683.jpeg 1024w, https:\/\/www.diariodopeixe.com.br\/wp-content\/uploads\/2026\/04\/55201672981_18b5322dbb_o-1200x800.jpeg 1200w, https:\/\/www.diariodopeixe.com.br\/wp-content\/uploads\/2026\/04\/55201672981_18b5322dbb_o-1536x1024.jpeg 1536w\" sizes=\"(max-width: 986px) 100vw, 986px\"\/><\/p>\n<p id=\"caption-attachment-182400\" class=\"wp-caption-text\">Cuca manteve base do time titular para enfrentar o Recoleta (Foto: Raul Baretta\/ Santos FC)<\/p>\n<\/div>\n<p>Ap\u00f3s o empate em 1 a 1 do <strong>Santos<\/strong> diante do Recoleta, na Vila Belmiro, o t\u00e9cnico Cuca avaliou o desempenho da equipe e voltou a destacar o principal problema do time: a falta de efici\u00eancia nas finaliza\u00e7\u00f5es.<\/p>\n<p>Segundo o treinador, o Santos fez um bom in\u00edcio de partida, criou diversas oportunidades e poderia ter constru\u00eddo um placar confort\u00e1vel ainda no primeiro tempo, mas acabou sendo punido pela falta de aproveitamento.<\/p>\n<p>\u201cCome\u00e7amos bem o jogo, colocamos o advers\u00e1rio para tr\u00e1s, fizemos o gol e perdemos chances muito claras, que n\u00e3o se perde, mas perdeu. Isso cria um perigo porque voc\u00ea pode tomar uma bola e acontecer o gol. Foi o que aconteceu. Cria-se um frisson totalmente adverso. O simples j\u00e1 n\u00e3o \u00e9 simples e voc\u00ea tem que ganhar. Jogamos o advers\u00e1rio pra tr\u00e1s, continuamos perdendo gols e tomando decis\u00f5es erradas. N\u00e3o tem muito o que explicar. \u00c9 trabalhar, ter confian\u00e7a. N\u00e3o \u00e9 poss\u00edvel criar tanto quanto estamos criando. Tem que botar a bola no gol\u201d, afirmou.<\/p>\n<p>O treinador tamb\u00e9m comentou a rea\u00e7\u00e3o da torcida, que vaiou o time ap\u00f3s o apito final, e destacou que a insatisfa\u00e7\u00e3o n\u00e3o se resume apenas ao resultado desta partida.<\/p>\n<p>\u201cFutebol \u00e9 assim. Essa cobran\u00e7a do torcedor n\u00e3o vem do jogo de hoje. Se estivesse tudo em dia, fazendo um jogo com tantas finaliza\u00e7\u00f5es e 80% de posse de bola, o torcedor entenderia que foi um dia ruim. Mas isso \u00e9 um acumulado que o torcedor sustenta faz tempo. Hoje pior ainda, por ser no anivers\u00e1rio do clube\u201d, analisou.<\/p>\n<p>Questionado se o time entrou em campo com excesso de confian\u00e7a, Cuca negou e refor\u00e7ou que o desempenho foi dominante, apesar do resultado negativo.<\/p>\n<p>\u201cO jogo n\u00e3o foi feio. O resultado foi feio. O jogo foi uma supremacia total. Numa normalidade, com o p\u00e9 na forma, faz quatro ou cinco. Perdemos gols f\u00e1ceis e isso cria uma instabilidade enorme. Bater boca com o torcedor ou sair sorrindo \u00e9 porque ningu\u00e9m est\u00e1 satisfeito. Eles queriam ganhar no anivers\u00e1rio e saem frustrados. Mas s\u00f3 eles podem dar a resposta. Vir no pr\u00f3ximo jogo e ganhar, como foi contra o Galo. Se eu abrir cr\u00edticas para um ou para outro, vou perder o que estou construindo. Internamente vou cobrar, como tenho que fazer. Aqui para fora, n\u00e3o\u201d, completou.<\/p>\n<p>Com o empate, o Santos segue sem vencer na Copa Sul-Americana, somando apenas um ponto em dois jogos, e aumenta a press\u00e3o por resultados na sequ\u00eancia da temporada.<\/p>\n<\/p><\/div>\n<p><br \/>\n<br \/>Fonte: <a href=\"https:\/\/www.diariodopeixe.com.br\/noticias\/cuca-lamenta-empate-critica-falta-de-eficiencia-e-cita-cobranca-acumulada-da-torcida-do-santos\/\">Di\u00e1rio do Peixe<\/a><\/p>\n","protected":false},"excerpt":{"rendered":"<p>Cuca manteve base do time titular para enfrentar o Recoleta (Foto: Raul Baretta\/ Santos FC) Ap\u00f3s o empate em 1 a 1 do Santos diante do Recoleta, na Vila Belmiro, o t\u00e9cnico Cuca avaliou o desempenho da equipe e voltou a destacar o principal problema do time: a falta de efici\u00eancia nas finaliza\u00e7\u00f5es. Segundo o [&hellip;]<\/p>\n","protected":false},"author":5,"featured_media":73240,"comment_status":"open","ping_status":"open","sticky":false,"template":"","format":"standard","meta":{"_seopress_robots_primary_cat":"","_seopress_titles_title":"","_seopress_titles_desc":"","_seopress_robots_index":"","footnotes":""},"categories":[55],"tags":[],"class_list":["post-73239","post","type-post","status-publish","format-standard","has-post-thumbnail","hentry","category-santos-fc"],"_links":{"self":[{"href":"https:\/\/mussicom.com\/noticias\/wp-json\/wp\/v2\/posts\/73239","targetHints":{"allow":["GET"]}}],"collection":[{"href":"https:\/\/mussicom.com\/noticias\/wp-json\/wp\/v2\/posts"}],"about":[{"href":"https:\/\/mussicom.com\/noticias\/wp-json\/wp\/v2\/types\/post"}],"author":[{"embeddable":true,"href":"https:\/\/mussicom.com\/noticias\/wp-json\/wp\/v2\/users\/5"}],"replies":[{"embeddable":true,"href":"https:\/\/mussicom.com\/noticias\/wp-json\/wp\/v2\/comments?post=73239"}],"version-history":[{"count":0,"href":"https:\/\/mussicom.com\/noticias\/wp-json\/wp\/v2\/posts\/73239\/revisions"}],"wp:featuredmedia":[{"embeddable":true,"href":"https:\/\/mussicom.com\/noticias\/wp-json\/wp\/v2\/media\/73240"}],"wp:attachment":[{"href":"https:\/\/mussicom.com\/noticias\/wp-json\/wp\/v2\/media?parent=73239"}],"wp:term":[{"taxonomy":"category","embeddable":true,"href":"https:\/\/mussicom.com\/noticias\/wp-json\/wp\/v2\/categories?post=73239"},{"taxonomy":"post_tag","embeddable":true,"href":"https:\/\/mussicom.com\/noticias\/wp-json\/wp\/v2\/tags?post=73239"}],"curies":[{"name":"wp","href":"https:\/\/api.w.org\/{rel}","templated":true}]}}