{"id":73229,"date":"2026-04-15T08:21:19","date_gmt":"2026-04-15T11:21:19","guid":{"rendered":"https:\/\/mussicom.com\/obras-da-sabesp-provocam-interdicoes-em-praia-grande\/"},"modified":"2026-04-15T08:21:19","modified_gmt":"2026-04-15T11:21:19","slug":"obras-da-sabesp-provocam-interdicoes-em-praia-grande","status":"publish","type":"post","link":"https:\/\/mussicom.com\/noticias\/obras-da-sabesp-provocam-interdicoes-em-praia-grande\/","title":{"rendered":"Obras da Sabesp provocam interdi\u00e7\u00f5es em Praia Grande"},"content":{"rendered":"<p> <br \/>\n<\/p>\n<div>\n<p>A Sabesp est\u00e1 realizando obras para amplia\u00e7\u00e3o e moderniza\u00e7\u00e3o dos sistemas de abastecimento de \u00e1gua e esgotamento em Praia Grande e, por conta dessas a\u00e7\u00f5es, uma s\u00e9rie de interven\u00e7\u00f5es no tr\u00e2nsito ir\u00e1 acontecer at\u00e9 este s\u00e1bado (18).<\/p>\n<p>A Avenida dos Trabalhadores, na altura do n\u00famero 1861, passa por servi\u00e7os parciais na rede, com interven\u00e7\u00f5es pontuais na via , que ir\u00e3o at\u00e9 sexta-feira (17). J\u00e1 na Rua Equador, no trecho entre a Av. Presidente Kennedy e a Rua das Antilhas, a execu\u00e7\u00e3o de uma obra provoca interdi\u00e7\u00e3o total do trecho tamb\u00e9m at\u00e9 sexta-feira. O mesmo prazo vale para a Avenida Ministro Marcos Freire, altura do n\u00famero 5174. A via recebe interven\u00e7\u00f5es parciais para melhorias operacionais.<\/p>\n<p>Na mesma Avenida Ministro Marcos Freire, mas no n\u00famero 4794 (Balne\u00e1rio Pires), h\u00e1 manuten\u00e7\u00e3o em adutora, com interven\u00e7\u00f5es na via para garantir a continuidade do abastecimento.<\/p>\n<p>A Rua dos Ip\u00eas recebe servi\u00e7os ao longo da ciclovia, com aten\u00e7\u00e3o para circula\u00e7\u00e3o de ciclistas e pedestres at\u00e9 s\u00e1bado. Por fim, a Rua Corretor Luiz Alberto Caldas de Oliveira, altura do n\u00famero 83, recebe uma obra que provoca interdi\u00e7\u00e3o total no local at\u00e9 s\u00e1bado.<\/p>\n<p>A Companhia orienta ainda a popula\u00e7\u00e3o a evitar essas \u00e1reas de interven\u00e7\u00f5es e acessar rotas alternativas.<\/p>\n<\/div>\n<p><br \/>\n<br \/>Fonte: <a href=\"https:\/\/jornaldaorla.com.br\/noticias\/obras-da-sabesp-provocam-interdicoes-em-praia-grande\/\">Jornal Da Orla<\/a><\/p>\n","protected":false},"excerpt":{"rendered":"<p>A Sabesp est\u00e1 realizando obras para amplia\u00e7\u00e3o e moderniza\u00e7\u00e3o dos sistemas de abastecimento de \u00e1gua e esgotamento em Praia Grande e, por conta dessas a\u00e7\u00f5es, uma s\u00e9rie de interven\u00e7\u00f5es no tr\u00e2nsito ir\u00e1 acontecer at\u00e9 este s\u00e1bado (18). A Avenida dos Trabalhadores, na altura do n\u00famero 1861, passa por servi\u00e7os parciais na rede, com interven\u00e7\u00f5es pontuais [&hellip;]<\/p>\n","protected":false},"author":5,"featured_media":70615,"comment_status":"open","ping_status":"open","sticky":false,"template":"","format":"standard","meta":{"_seopress_robots_primary_cat":"","_seopress_titles_title":"","_seopress_titles_desc":"","_seopress_robots_index":"","footnotes":""},"categories":[52],"tags":[],"class_list":["post-73229","post","type-post","status-publish","format-standard","has-post-thumbnail","hentry","category-santoseregiao"],"_links":{"self":[{"href":"https:\/\/mussicom.com\/noticias\/wp-json\/wp\/v2\/posts\/73229","targetHints":{"allow":["GET"]}}],"collection":[{"href":"https:\/\/mussicom.com\/noticias\/wp-json\/wp\/v2\/posts"}],"about":[{"href":"https:\/\/mussicom.com\/noticias\/wp-json\/wp\/v2\/types\/post"}],"author":[{"embeddable":true,"href":"https:\/\/mussicom.com\/noticias\/wp-json\/wp\/v2\/users\/5"}],"replies":[{"embeddable":true,"href":"https:\/\/mussicom.com\/noticias\/wp-json\/wp\/v2\/comments?post=73229"}],"version-history":[{"count":0,"href":"https:\/\/mussicom.com\/noticias\/wp-json\/wp\/v2\/posts\/73229\/revisions"}],"wp:featuredmedia":[{"embeddable":true,"href":"https:\/\/mussicom.com\/noticias\/wp-json\/wp\/v2\/media\/70615"}],"wp:attachment":[{"href":"https:\/\/mussicom.com\/noticias\/wp-json\/wp\/v2\/media?parent=73229"}],"wp:term":[{"taxonomy":"category","embeddable":true,"href":"https:\/\/mussicom.com\/noticias\/wp-json\/wp\/v2\/categories?post=73229"},{"taxonomy":"post_tag","embeddable":true,"href":"https:\/\/mussicom.com\/noticias\/wp-json\/wp\/v2\/tags?post=73229"}],"curies":[{"name":"wp","href":"https:\/\/api.w.org\/{rel}","templated":true}]}}