{"id":73176,"date":"2026-04-15T02:22:27","date_gmt":"2026-04-15T05:22:27","guid":{"rendered":"https:\/\/mussicom.com\/alcolumbre-reclama-de-agressao-contra-instituicoes-e-faz-acenos-a-lula\/"},"modified":"2026-04-15T02:22:27","modified_gmt":"2026-04-15T05:22:27","slug":"alcolumbre-reclama-de-agressao-contra-instituicoes-e-faz-acenos-a-lula","status":"publish","type":"post","link":"https:\/\/mussicom.com\/noticias\/alcolumbre-reclama-de-agressao-contra-instituicoes-e-faz-acenos-a-lula\/","title":{"rendered":"Alcolumbre reclama de \u201cagress\u00e3o\u201d contra institui\u00e7\u00f5es e faz acenos a Lula"},"content":{"rendered":"<p> <br \/>\n<\/p>\n<div id=\"tp-post-content\">\n<p class=\"postParagraph_post-paragraph__juWZN postParagraph_post-paragraph-innerHtml__Q5vwc\">O presidente do Senado, Davi Alcolumbre (Uni\u00e3o-AP), afirmou nesta ter\u00e7a-feira (14) que o Brasil vive um momento de &#8220;agress\u00f5es a institui\u00e7\u00f5es&#8221; e criticou quem, segundo ele, ultrapassa os &#8220;limites constitucionais&#8221;.<\/p>\n<p class=\"postParagraph_post-paragraph__juWZN postParagraph_post-paragraph-innerHtml__Q5vwc\">o senador n\u00e3o especificou o alvo da cr\u00edtica em seu discurso na cerim\u00f4nia de posse do novo ministro da secretaria de Rela\u00e7\u00f5es Institucionais, Jos\u00e9 Guimar\u00e3es, realizada no Pal\u00e1cio do Planalto.<\/p>\n<p class=\"postParagraph_post-paragraph__juWZN postParagraph_post-paragraph-innerHtml__Q5vwc\">&#8220;Estamos vivendo uma agress\u00e3o permanente \u00e0s institui\u00e7\u00f5es republicanas. Est\u00e1 muito c\u00f4modo ofender os outros. Est\u00e1 todo mundo passando dos limites institucionais que norteiam a boa conviv\u00eancia na rela\u00e7\u00e3o republicana\u201d, afirmou.<\/p>\n<div class=\"postViewMore_post-view-more-container___5wai\" data-mrf-recirculation=\"Post - Veja tamb\u00e9m\">\n<p class=\"gp-styles-module-size-small-afeYRa gp-styles-module-font-family2-afeYRa gp-styles-module-color-secondary-afeYRa gp-styles-module-weight-bold-afeYRa\">VEJA TAMB\u00c9M:<\/p>\n<ul class=\"postViewMore_post-view-more-list__CU_CE\">\n<li class=\"postViewMore_post-view-more-item__2MzRb\"><span class=\"postViewMore_post-view-more-link-icon___stPC\"><svg xmlns=\"http:\/\/www.w3.org\/2000\/svg\" width=\"16\" height=\"16\" viewbox=\"0 0 16 16\"><rect width=\"16\" height=\"16\" fill=\"none\"\/><g transform=\"translate(3 3)\"><path d=\"M22.5,15l3.4,3.4-3.4,3.4\" transform=\"translate(-15.896 -11.793)\" fill=\"none\" stroke=\"#717171\" stroke-linecap=\"round\" stroke-width=\"1.4\"\/><path d=\"M6,6v4.2a2.452,2.452,0,0,0,2.5,2.4H16\" transform=\"translate(-6 -6)\" fill=\"none\" stroke=\"#717171\" stroke-linecap=\"round\" stroke-width=\"1.4\"\/><\/g><\/svg><\/span><span class=\"postViewMore_post-view-more-link-text__hO_kM\">Ap\u00f3s ser alvo da CPI, Toffoli defende \u201ccassar eleitoralmente\u201d quem \u201cataca\u201d STF<\/span><\/li>\n<\/ul>\n<\/div>\n<p class=\"postParagraph_post-paragraph__juWZN postParagraph_post-paragraph-innerHtml__Q5vwc\">Mais cedo, a CPI do Crime Organizado, do Senado, pediu o indiciamento de ministros do Supremo Tribunal Federal (STF). Na semana passada, o presidente do Senado rejeitou o pedido para prorrogar os trabalhos da comiss\u00e3o.<\/p>\n<p class=\"postParagraph_post-paragraph__juWZN postParagraph_post-paragraph-innerHtml__Q5vwc\">\u201cN\u00f3s somos uma democracia. A gente precisa compreender as pessoas que pensam diferente, mas a todo instante ofender, subjugar, agredir e atacar n\u00e3o vai construir o Brasil que os brasileiros precisam e esperam dos poderes&#8221;, disse Alcolumbre.<\/p>\n<p class=\"postParagraph_post-paragraph__juWZN postParagraph_post-paragraph-innerHtml__Q5vwc\">A posse de Guimar\u00e3es contou com as presen\u00e7as do presidente Luiz In\u00e1cio Lula da Silva (PT), de ministros do governo, parlamentares e do presidente da C\u00e2mara, Hugo Motta (Republicanos-PB).<\/p>\n<h2 class=\"postParagraph_post-paragraph__juWZN postParagraph_post-paragraph-innerHtml__Q5vwc postParagraph_type-tag-h2__TtFkT\">Rela\u00e7\u00e3o com governo \u00e9 \u201chonesta e verdadeira\u201d, diz Alcolumbre<\/h2>\n<p class=\"postParagraph_post-paragraph__juWZN postParagraph_post-paragraph-innerHtml__Q5vwc\">Lula conversou ao p\u00e9 do ouvido em diversas ocasi\u00f5es com Alcolumbre no evento, sinalizando uma aproxima\u00e7\u00e3o ap\u00f3s o impasse envolvendo a indica\u00e7\u00e3o do advogado-geral da Uni\u00e3o, Jorge Messias, ao STF.<\/p>\n<p class=\"postParagraph_post-paragraph__juWZN postParagraph_post-paragraph-innerHtml__Q5vwc\">O presidente do Senado ressaltou que a rela\u00e7\u00e3o entre Congresso e governo \u00e9 \u201chonesta e verdadeira\u201d e entregou \u201cpol\u00edticas p\u00fablicas efetivas constru\u00eddas a v\u00e1rias m\u00e3os\u201d.<\/p>\n<p class=\"postParagraph_post-paragraph__juWZN postParagraph_post-paragraph-innerHtml__Q5vwc\">&#8220;Presidente Lula, Hugo Motta e Davi Alcolumbre est\u00e3o, como sempre estiveram, integralmente \u00e0 disposi\u00e7\u00e3o de fazermos o certo pelo Brasil, porque a hist\u00f3ria vai cobrar daqueles que fizeram o certo, que tiveram coragem de fazer o enfrentamento adequado&#8221;, refor\u00e7ou o senador.<\/p>\n<p class=\"postParagraph_post-paragraph__juWZN postParagraph_post-paragraph-innerHtml__Q5vwc\">Ao elogiar a atua\u00e7\u00e3o da ex-ministra da SRI Gleisi Hoffmann (PT-PR), que deixou o cargo para disputar as elei\u00e7\u00f5es, o senador destacou que o minist\u00e9rio foi criado para viabilizar a articula\u00e7\u00e3o pol\u00edtica do governo com os demais Poderes.<\/p>\n<p class=\"postParagraph_post-paragraph__juWZN postParagraph_post-paragraph-innerHtml__Q5vwc\">Ele ressaltou a necessidade de di\u00e1logo entre os poderes, citando que nem todas as mat\u00e9rias idealizadas pelo governo s\u00e3o aprovadas como chegaram ao Congresso.<\/p>\n<p class=\"postParagraph_post-paragraph__juWZN postParagraph_post-paragraph-innerHtml__Q5vwc\">\u201cE isso, meu querido presidente Lula, refor\u00e7a a possibilidade de termos a consci\u00eancia de que s\u00f3 atrav\u00e9s do di\u00e1logo, da boa pol\u00edtica e da constru\u00e7\u00e3o, n\u00f3s podemos mudar a vida das pessoas\u201d, apontou.<\/p>\n<p class=\"postParagraph_post-paragraph__juWZN postParagraph_post-paragraph-innerHtml__Q5vwc\">\u201cN\u00e3o precisamos concordar com todas as opini\u00f5es, sejam partidariamente ou ideologicamente, mas o Parlamento fez a constru\u00e7\u00e3o do que era poss\u00edvel e do que \u00e9 prioridade para o Brasil\u201d, disse Alcolumbre.<\/p>\n<\/div>\n<p><br \/>\n<br \/>Fonte: <a href=\"https:\/\/www.gazetadopovo.com.br\/republica\/alcolumbre-reclama-de-agressao-permanente-contra-instituicoes-e-faz-acenos-a-lula\/\">Revista Oeste<\/a><\/p>\n","protected":false},"excerpt":{"rendered":"<p>O presidente do Senado, Davi Alcolumbre (Uni\u00e3o-AP), afirmou nesta ter\u00e7a-feira (14) que o Brasil vive um momento de &#8220;agress\u00f5es a institui\u00e7\u00f5es&#8221; e criticou quem, segundo ele, ultrapassa os &#8220;limites constitucionais&#8221;. o senador n\u00e3o especificou o alvo da cr\u00edtica em seu discurso na cerim\u00f4nia de posse do novo ministro da secretaria de Rela\u00e7\u00f5es Institucionais, Jos\u00e9 Guimar\u00e3es, [&hellip;]<\/p>\n","protected":false},"author":5,"featured_media":73177,"comment_status":"open","ping_status":"open","sticky":false,"template":"","format":"standard","meta":{"_seopress_robots_primary_cat":"","_seopress_titles_title":"","_seopress_titles_desc":"","_seopress_robots_index":"","footnotes":""},"categories":[1],"tags":[],"class_list":["post-73176","post","type-post","status-publish","format-standard","has-post-thumbnail","hentry","category-ultimas-noticias"],"_links":{"self":[{"href":"https:\/\/mussicom.com\/noticias\/wp-json\/wp\/v2\/posts\/73176","targetHints":{"allow":["GET"]}}],"collection":[{"href":"https:\/\/mussicom.com\/noticias\/wp-json\/wp\/v2\/posts"}],"about":[{"href":"https:\/\/mussicom.com\/noticias\/wp-json\/wp\/v2\/types\/post"}],"author":[{"embeddable":true,"href":"https:\/\/mussicom.com\/noticias\/wp-json\/wp\/v2\/users\/5"}],"replies":[{"embeddable":true,"href":"https:\/\/mussicom.com\/noticias\/wp-json\/wp\/v2\/comments?post=73176"}],"version-history":[{"count":0,"href":"https:\/\/mussicom.com\/noticias\/wp-json\/wp\/v2\/posts\/73176\/revisions"}],"wp:featuredmedia":[{"embeddable":true,"href":"https:\/\/mussicom.com\/noticias\/wp-json\/wp\/v2\/media\/73177"}],"wp:attachment":[{"href":"https:\/\/mussicom.com\/noticias\/wp-json\/wp\/v2\/media?parent=73176"}],"wp:term":[{"taxonomy":"category","embeddable":true,"href":"https:\/\/mussicom.com\/noticias\/wp-json\/wp\/v2\/categories?post=73176"},{"taxonomy":"post_tag","embeddable":true,"href":"https:\/\/mussicom.com\/noticias\/wp-json\/wp\/v2\/tags?post=73176"}],"curies":[{"name":"wp","href":"https:\/\/api.w.org\/{rel}","templated":true}]}}