{"id":73175,"date":"2026-04-15T02:20:18","date_gmt":"2026-04-15T05:20:18","guid":{"rendered":"https:\/\/mussicom.com\/alerta-no-mercado-com-risco-de-nova-escalada\/"},"modified":"2026-04-15T02:20:18","modified_gmt":"2026-04-15T05:20:18","slug":"alerta-no-mercado-com-risco-de-nova-escalada","status":"publish","type":"post","link":"https:\/\/mussicom.com\/noticias\/alerta-no-mercado-com-risco-de-nova-escalada\/","title":{"rendered":"Alerta no mercado com risco de nova escalada"},"content":{"rendered":"<p> <br \/>\n<\/p>\n<div>\n<div class=\"row\">\n<div class=\"col-lg col-infos mt-0 mt-lg-0\">\n<div class=\"section-sub-title\">\n<p itemprop=\"description\">&#13;<br \/>\n                                Esse ambiente j\u00e1 trouxe efeitos concretos sobre a infla\u00e7\u00e3o&#13;\n                            <\/p>\n<\/p><\/div>\n<div class=\"container\">\n<div class=\"row\">\n<div class=\"col-lg p-0\">\n<div>\n<div class=\"block-news-main-infos mt-3 text-start\">\n<p>                                            <strong class=\"fn\" itemprop=\"author\" style=\"color: rgb(112, 112, 112); \">&#13;<br \/>\n                                                Agrolink&#13;<br \/>\n&#13;<br \/>\n                                                    &#8211; Leonardo Gottems&#13;<br \/>\n&#13;<br \/>\n                                            <\/strong><br \/>\n                                        <\/p>\n<p>                                            <abbr><time datetime=\"2026 - 04 - 15T02:00\" itemprop=\"datePublished dateModified\"> Publicado em 15\/04\/2026 \u00e0s 02:00h.<\/time><\/abbr>\n                                    <\/div>\n<\/p><\/div>\n<\/p><\/div>\n<div class=\"col-lg p-0 text-lg-end\">\n<div>\n<div id=\"mdEnviarPagina\" class=\"modal fade\" role=\"dialog\">\n<div class=\"modal-dialog\">\n<div class=\"modal-content\">\n<div class=\"modal-body\">\n<p><strong>Estimado usu\u00e1rio.<\/strong><br \/>Preencha o formul\u00e1rio abaixo para remeter a p\u00e1gina.<\/p>\n<\/p><\/div>\n<\/p><\/div>\n<\/p><\/div>\n<\/div><\/div>\n<\/p><\/div>\n<\/p><\/div>\n<\/p><\/div>\n<\/p><\/div>\n<\/p><\/div>\n<div class=\"row justify-content-md-center mt-3\">\n<div class=\"col-lg-auto col-image block-news-main-image\">\n<p>                                <br \/>\n                                                <span class=\"d-block mt-1\">Esse ambiente j\u00e1 trouxe efeitos concretos sobre a infla\u00e7\u00e3o &#8211; Foto: Pixabay<\/span><\/p><\/div>\n<\/p><\/div>\n<div class=\"section-description section-description-noticias mt-3\">\n<p>A conjuntura econ\u00f4mica global segue marcada por incertezas geopol\u00edticas e seus reflexos diretos sobre pre\u00e7os, c\u00e2mbio e atividade. Segundo an\u00e1lise do Rabobank, a recente tr\u00e9gua de duas semanas entre Estados Unidos e Ir\u00e3, condicionada \u00e0 reabertura do Estreito de Ormuz, perdeu for\u00e7a ap\u00f3s o fracasso nas negocia\u00e7\u00f5es sobre o programa nuclear iraniano, reacendendo o risco de novas tens\u00f5es e impactos no fornecimento global de energia.&#13;\n<\/p>\n<p>Esse ambiente j\u00e1 trouxe efeitos concretos sobre a infla\u00e7\u00e3o. Nos Estados Unidos, o \u00edndice de pre\u00e7os ao consumidor avan\u00e7ou 0,9% em mar\u00e7o na compara\u00e7\u00e3o mensal, impulsionado pelo aumento dos combust\u00edveis, enquanto o n\u00facleo da infla\u00e7\u00e3o subiu 0,2% pelo segundo m\u00eas consecutivo. No Brasil, o IPCA tamb\u00e9m surpreendeu e registrou alta de 0,88% no m\u00eas, acima das expectativas de mercado, refletindo parcialmente os efeitos do cen\u00e1rio no Oriente M\u00e9dio. Combust\u00edveis e alimentos lideraram as press\u00f5es, com eleva\u00e7\u00e3o disseminada entre todos os grupos pesquisados.<\/p>\n<p>No c\u00e2mbio, o real apresentou valoriza\u00e7\u00e3o ao longo da \u00faltima semana, com o d\u00f3lar encerrando cotado a R$ 5,055, desempenho relevante entre moedas emergentes. Ainda assim, a avalia\u00e7\u00e3o considera que fatores como a redu\u00e7\u00e3o do diferencial de juros entre Brasil e exterior e a poss\u00edvel recupera\u00e7\u00e3o global da moeda americana sustentam a proje\u00e7\u00e3o de taxa em R$ 5,55 ao fim de 2026.&#13;\n<\/p>\n<p>No setor externo, a balan\u00e7a comercial brasileira registrou super\u00e1vit de US$ 6,4 bilh\u00f5es em mar\u00e7o, resultado influenciado por importa\u00e7\u00f5es recordes, combinadas a exporta\u00e7\u00f5es mais firmes. Para os pr\u00f3ximos dias, a agenda econ\u00f4mica traz indicadores importantes, incluindo dados de servi\u00e7os, varejo e atividade econ\u00f4mica, que devem ajudar a calibrar a leitura sobre o ritmo de crescimento no pa\u00eds e na regi\u00e3o.<br \/>&#13;<br \/>\n\u00a0<\/p>\n<\/p><\/div>\n<\/p><\/div>\n<p><script data-cfasync=\"false\">\n    !function (f, b, e, v, n, t, s) {\n        if (f.fbq) return; n = f.fbq = function () {\n            n.callMethod ?\n                n.callMethod.apply(n, arguments) : n.queue.push(arguments)\n        };\n        if (!f._fbq) f._fbq = n; n.push = n; n.loaded = !0; n.version = '2.0';\n        n.queue = []; t = b.createElement(e); t.async = !0;\n        t.src = v; s = b.getElementsByTagName(e)[0];\n        s.parentNode.insertBefore(t, s)\n    }(window, document, 'script',\n        'https:\/\/connect.facebook.net\/en_US\/fbevents.js');\n    fbq('init', '522546078623747');\n    fbq('track', 'PageView');\n<\/script><br \/>\n<br \/><br \/>\n<br \/>Fonte: <a href=\"https:\/\/www.agrolink.com.br\/noticias\/alerta-no-mercado-com-risco-de-nova-escalada_513081.html\">AGROLINK<\/a><\/p>\n","protected":false},"excerpt":{"rendered":"<p>&#13; Esse ambiente j\u00e1 trouxe efeitos concretos sobre a infla\u00e7\u00e3o&#13; &#13; Agrolink&#13; &#13; &#8211; Leonardo Gottems&#13; &#13; Publicado em 15\/04\/2026 \u00e0s 02:00h. Estimado usu\u00e1rio.Preencha o formul\u00e1rio abaixo para remeter a p\u00e1gina. Esse ambiente j\u00e1 trouxe efeitos concretos sobre a infla\u00e7\u00e3o &#8211; Foto: Pixabay A conjuntura econ\u00f4mica global segue marcada por incertezas geopol\u00edticas e seus reflexos [&hellip;]<\/p>\n","protected":false},"author":5,"featured_media":33055,"comment_status":"open","ping_status":"open","sticky":false,"template":"","format":"standard","meta":{"_seopress_robots_primary_cat":"","_seopress_titles_title":"","_seopress_titles_desc":"","_seopress_robots_index":"","footnotes":""},"categories":[53],"tags":[],"class_list":["post-73175","post","type-post","status-publish","format-standard","has-post-thumbnail","hentry","category-agronegocio"],"_links":{"self":[{"href":"https:\/\/mussicom.com\/noticias\/wp-json\/wp\/v2\/posts\/73175","targetHints":{"allow":["GET"]}}],"collection":[{"href":"https:\/\/mussicom.com\/noticias\/wp-json\/wp\/v2\/posts"}],"about":[{"href":"https:\/\/mussicom.com\/noticias\/wp-json\/wp\/v2\/types\/post"}],"author":[{"embeddable":true,"href":"https:\/\/mussicom.com\/noticias\/wp-json\/wp\/v2\/users\/5"}],"replies":[{"embeddable":true,"href":"https:\/\/mussicom.com\/noticias\/wp-json\/wp\/v2\/comments?post=73175"}],"version-history":[{"count":0,"href":"https:\/\/mussicom.com\/noticias\/wp-json\/wp\/v2\/posts\/73175\/revisions"}],"wp:featuredmedia":[{"embeddable":true,"href":"https:\/\/mussicom.com\/noticias\/wp-json\/wp\/v2\/media\/33055"}],"wp:attachment":[{"href":"https:\/\/mussicom.com\/noticias\/wp-json\/wp\/v2\/media?parent=73175"}],"wp:term":[{"taxonomy":"category","embeddable":true,"href":"https:\/\/mussicom.com\/noticias\/wp-json\/wp\/v2\/categories?post=73175"},{"taxonomy":"post_tag","embeddable":true,"href":"https:\/\/mussicom.com\/noticias\/wp-json\/wp\/v2\/tags?post=73175"}],"curies":[{"name":"wp","href":"https:\/\/api.w.org\/{rel}","templated":true}]}}