{"id":73116,"date":"2026-04-14T21:14:53","date_gmt":"2026-04-15T00:14:53","guid":{"rendered":"https:\/\/mussicom.com\/santos-esta-escalado-para-enfrentar-o-recoleta-com-base-mantida-e-moises-como-novidade\/"},"modified":"2026-04-14T21:14:53","modified_gmt":"2026-04-15T00:14:53","slug":"santos-esta-escalado-para-enfrentar-o-recoleta-com-base-mantida-e-moises-como-novidade","status":"publish","type":"post","link":"https:\/\/mussicom.com\/noticias\/santos-esta-escalado-para-enfrentar-o-recoleta-com-base-mantida-e-moises-como-novidade\/","title":{"rendered":"Santos est\u00e1 escalado para enfrentar o Recoleta com base mantida e Mois\u00e9s como novidade"},"content":{"rendered":"<p> <br \/>\n<\/p>\n<div>\n<div id=\"attachment_182190\" style=\"width: 970px\" class=\"wp-caption aligncenter\"><\/p>\n<p id=\"caption-attachment-182190\" class=\"wp-caption-text\">Mois\u00e9s \u00e9 uma das novidades da escala\u00e7\u00e3o do Santos contra o Recoleta (Cr\u00e9dito: Raul Baretta\/Santos FC)<\/p>\n<\/div>\n<p>O <strong>Santos<\/strong> est\u00e1 definido para enfrentar o Recoleta, nesta ter\u00e7a-feira, na Vila Belmiro, pela Copa Sul-Americana. O t\u00e9cnico Cuca optou por manter a base da equipe e promover apenas duas mudan\u00e7as na forma\u00e7\u00e3o titular.<\/p>\n<p>No gol, Gabriel Braz\u00e3o segue como titular. A linha defensiva tem uma altera\u00e7\u00e3o, a sa\u00edda de Lucas Ver\u00edssimo, poupado, para a entrada de Adonis Frias. O restante \u00e9 a mesma dos \u00faltimos jogos, com Igor Vin\u00edcius e Escobar nas laterais, al\u00e9m Luan Peres na zaga.<\/p>\n<p>No meio-campo, Willian Ar\u00e3o e Gustavo Henrique continuam como volantes, com Neymar e Gabriel Bontempo respons\u00e1veis pela cria\u00e7\u00e3o das jogadas.\u00a0No setor ofensivo, Gabriel Barbosa \u00e9 a refer\u00eancia, e a principal novidade fica por conta da entrada de Mois\u00e9s, que ganha oportunidade entre os titulares.<\/p>\n<p>O Santos entra em campo pressionado na competi\u00e7\u00e3o. Ap\u00f3s a derrota na estreia, a equipe ainda n\u00e3o somou pontos e precisa da vit\u00f3ria para n\u00e3o se complicar na briga por classifica\u00e7\u00e3o no Grupo D da Copa Sul-Americana.<\/p>\n<p>O Santos est\u00e1 escalado com Gabriel Braz\u00e3o, Igor Vin\u00edcius, Adonis Fr\u00edas, Luan Peres e Escobar; Willian Ar\u00e3o, Gustavinho, Gabriel Bontempo e Neymar; Gabriel Barbosa e Mois\u00e9s.<\/p>\n<\/p><\/div>\n<p><br \/>\n<br \/>Fonte: <a href=\"https:\/\/www.diariodopeixe.com.br\/noticias\/santos-esta-escalado-para-enfrentar-o-recoleta-com-base-mantida-e-moises-como-novidade\/\">Di\u00e1rio do Peixe<\/a><\/p>\n","protected":false},"excerpt":{"rendered":"<p>Mois\u00e9s \u00e9 uma das novidades da escala\u00e7\u00e3o do Santos contra o Recoleta (Cr\u00e9dito: Raul Baretta\/Santos FC) O Santos est\u00e1 definido para enfrentar o Recoleta, nesta ter\u00e7a-feira, na Vila Belmiro, pela Copa Sul-Americana. O t\u00e9cnico Cuca optou por manter a base da equipe e promover apenas duas mudan\u00e7as na forma\u00e7\u00e3o titular. No gol, Gabriel Braz\u00e3o segue [&hellip;]<\/p>\n","protected":false},"author":5,"featured_media":73117,"comment_status":"open","ping_status":"open","sticky":false,"template":"","format":"standard","meta":{"_seopress_robots_primary_cat":"","_seopress_titles_title":"","_seopress_titles_desc":"","_seopress_robots_index":"","footnotes":""},"categories":[55],"tags":[],"class_list":["post-73116","post","type-post","status-publish","format-standard","has-post-thumbnail","hentry","category-santos-fc"],"_links":{"self":[{"href":"https:\/\/mussicom.com\/noticias\/wp-json\/wp\/v2\/posts\/73116","targetHints":{"allow":["GET"]}}],"collection":[{"href":"https:\/\/mussicom.com\/noticias\/wp-json\/wp\/v2\/posts"}],"about":[{"href":"https:\/\/mussicom.com\/noticias\/wp-json\/wp\/v2\/types\/post"}],"author":[{"embeddable":true,"href":"https:\/\/mussicom.com\/noticias\/wp-json\/wp\/v2\/users\/5"}],"replies":[{"embeddable":true,"href":"https:\/\/mussicom.com\/noticias\/wp-json\/wp\/v2\/comments?post=73116"}],"version-history":[{"count":0,"href":"https:\/\/mussicom.com\/noticias\/wp-json\/wp\/v2\/posts\/73116\/revisions"}],"wp:featuredmedia":[{"embeddable":true,"href":"https:\/\/mussicom.com\/noticias\/wp-json\/wp\/v2\/media\/73117"}],"wp:attachment":[{"href":"https:\/\/mussicom.com\/noticias\/wp-json\/wp\/v2\/media?parent=73116"}],"wp:term":[{"taxonomy":"category","embeddable":true,"href":"https:\/\/mussicom.com\/noticias\/wp-json\/wp\/v2\/categories?post=73116"},{"taxonomy":"post_tag","embeddable":true,"href":"https:\/\/mussicom.com\/noticias\/wp-json\/wp\/v2\/tags?post=73116"}],"curies":[{"name":"wp","href":"https:\/\/api.w.org\/{rel}","templated":true}]}}