{"id":73108,"date":"2026-04-14T21:02:21","date_gmt":"2026-04-15T00:02:21","guid":{"rendered":"https:\/\/mussicom.com\/fachin-critica-inclusao-indevida-de-ministros-em-relatorio-da-cpi\/"},"modified":"2026-04-14T21:02:21","modified_gmt":"2026-04-15T00:02:21","slug":"fachin-critica-inclusao-indevida-de-ministros-em-relatorio-da-cpi","status":"publish","type":"post","link":"https:\/\/mussicom.com\/noticias\/fachin-critica-inclusao-indevida-de-ministros-em-relatorio-da-cpi\/","title":{"rendered":"Fachin critica &#8220;inclus\u00e3o indevida&#8221; de ministros em relat\u00f3rio da CPI"},"content":{"rendered":"<p> <br \/>\n<\/p>\n<div id=\"tp-post-content\">\n<p class=\"postParagraph_post-paragraph__juWZN postParagraph_post-paragraph-innerHtml__Q5vwc\">O presidente do Supremo Tribunal Federal (STF), Edson Fachin, criticou nesta ter\u00e7a-feira (14) a inclus\u00e3o \u201cindevida\u201d dos ministros Alexandre de Moraes, Dias Toffoli e Gilmar Mendes no rol de indiciados do relat\u00f3rio da CPI do Crime Organizado.<\/p>\n<p class=\"postParagraph_post-paragraph__juWZN postParagraph_post-paragraph-innerHtml__Q5vwc\">O ministro defendeu que a CPI, embora seja uma \u201cgarantia fundamental da democracia\u201d, deve atuar \u201cnos limites constitucionais\u201d e cumprir os objetivos definidos no momento de sua cria\u00e7\u00e3o.<\/p>\n<p class=\"postParagraph_post-paragraph__juWZN postParagraph_post-paragraph-innerHtml__Q5vwc\">\u201cDesvios de finalidade tem\u00e1tica dessas Comiss\u00f5es, todavia, enfraquecem os pilares democr\u00e1ticos e amea\u00e7am os direitos fundamentais de qualquer cidad\u00e3o\u201d, disse Fachin, em nota oficial divulgada pelo Supremo.<\/p>\n<div class=\"postViewMore_post-view-more-container___5wai\" data-mrf-recirculation=\"Post - Veja tamb\u00e9m\">\n<p class=\"gp-styles-module-size-small-afeYRa gp-styles-module-font-family2-afeYRa gp-styles-module-color-secondary-afeYRa gp-styles-module-weight-bold-afeYRa\">VEJA TAMB\u00c9M:<\/p>\n<ul class=\"postViewMore_post-view-more-list__CU_CE\">\n<li class=\"postViewMore_post-view-more-item__2MzRb\"><span class=\"postViewMore_post-view-more-link-icon___stPC\"><svg xmlns=\"http:\/\/www.w3.org\/2000\/svg\" width=\"16\" height=\"16\" viewbox=\"0 0 16 16\"><rect width=\"16\" height=\"16\" fill=\"none\"\/><g transform=\"translate(3 3)\"><path d=\"M22.5,15l3.4,3.4-3.4,3.4\" transform=\"translate(-15.896 -11.793)\" fill=\"none\" stroke=\"#717171\" stroke-linecap=\"round\" stroke-width=\"1.4\"\/><path d=\"M6,6v4.2a2.452,2.452,0,0,0,2.5,2.4H16\" transform=\"translate(-6 -6)\" fill=\"none\" stroke=\"#717171\" stroke-linecap=\"round\" stroke-width=\"1.4\"\/><\/g><\/svg><\/span><span class=\"postViewMore_post-view-more-link-text__hO_kM\">Ap\u00f3s ser alvo da CPI, Toffoli defende \u201ccassar eleitoralmente\u201d quem \u201cataca\u201d STF<\/span><\/li>\n<\/ul>\n<\/div>\n<p class=\"postParagraph_post-paragraph__juWZN postParagraph_post-paragraph-innerHtml__Q5vwc\">Mais cedo, a CPI rejeitou o relat\u00f3rio apresentado pelo senador Alessandro Vieira (MDB-SE).<\/p>\n<p class=\"postParagraph_post-paragraph__juWZN postParagraph_post-paragraph-innerHtml__Q5vwc\">A manifesta\u00e7\u00e3o de Fachin ecoa termos utilizados pelo ministro Andr\u00e9 Mendon\u00e7a, que tamb\u00e9m destacou que as CPIs s\u00e3o instrumentos de independ\u00eancia do Legislativo, mas devem respeitar a \u201cpertin\u00eancia tem\u00e1tica\u201d, evitando investiga\u00e7\u00f5es indevidas.<\/p>\n<p class=\"postParagraph_post-paragraph__juWZN postParagraph_post-paragraph-innerHtml__Q5vwc\">\u201cNingu\u00e9m est\u00e1 acima da lei, e os direitos fundamentais prescritos na Constitui\u00e7\u00e3o devem ser integralmente observados. A independ\u00eancia do Poder Legislativo deve ser preservada na apura\u00e7\u00e3o de fatos, sempre com responsabilidade e pertin\u00eancia\u201d, afirmou o presidente da Corte.<\/p>\n<p class=\"postParagraph_post-paragraph__juWZN postParagraph_post-paragraph-innerHtml__Q5vwc\">Fachin tamb\u00e9m se solidarizou com os ministros &#8220;mencionados&#8221; no relat\u00f3rio. &#8220;Este Tribunal est\u00e1 ciente de que cabe a todos respeitar a independ\u00eancia e a autonomia dos Poderes da Rep\u00fablica, como \u00e9 da secular tradi\u00e7\u00e3o de nossas institui\u00e7\u00f5es&#8221;, afirmou.<\/p>\n<h2 class=\"postParagraph_post-paragraph__juWZN postParagraph_post-paragraph-innerHtml__Q5vwc postParagraph_type-tag-h2__TtFkT\">Veja a \u00edntegra da nota do STF sobre o relat\u00f3rio da CPI<\/h2>\n<p class=\"postParagraph_post-paragraph__juWZN postParagraph_post-paragraph-innerHtml__Q5vwc\"><em>\u201cA Presid\u00eancia do Supremo Tribunal Federal repudia de forma enf\u00e1tica a indevida inclus\u00e3o e o alegado envolvimento dos Ministros Alexandre de Moraes, Dias Toffoli e Gilmar Mendes, indevidamente mencionados no relat\u00f3rio da Comiss\u00e3o Parlamentar de Inqu\u00e9rito sobre o Crime Organizado, no Senado Federal.<\/em><\/p>\n<p class=\"postParagraph_post-paragraph__juWZN postParagraph_post-paragraph-innerHtml__Q5vwc\"><em>A Presid\u00eancia reconhece que \u00e9 uma garantia fundamental da democracia o exerc\u00edcio das Comiss\u00f5es Parlamentares de Inqu\u00e9rito, nos limites constitucionais e circunscritas \u00e0 pertin\u00eancia tem\u00e1tica que deu ensejo \u00e0 sua cria\u00e7\u00e3o, como instrumento de fiscaliza\u00e7\u00e3o e controle pelo Poder Legislativo e da sociedade.<\/em><\/p>\n<p class=\"postParagraph_post-paragraph__juWZN postParagraph_post-paragraph-innerHtml__Q5vwc\"><em>Desvios de finalidade tem\u00e1tica dessas Comiss\u00f5es, todavia, enfraquecem os pilares democr\u00e1ticos e amea\u00e7am os direitos fundamentais de qualquer cidad\u00e3o.<\/em><\/p>\n<p class=\"postParagraph_post-paragraph__juWZN postParagraph_post-paragraph-innerHtml__Q5vwc\"><em>Ningu\u00e9m est\u00e1 acima da lei, e os direitos fundamentais prescritos na Constitui\u00e7\u00e3o devem ser integralmente observados. A independ\u00eancia do Poder Legislativo deve ser preservada na apura\u00e7\u00e3o de fatos, sempre com responsabilidade e pertin\u00eancia.<\/em><\/p>\n<p class=\"postParagraph_post-paragraph__juWZN postParagraph_post-paragraph-innerHtml__Q5vwc\">Este Tribunal est\u00e1 ciente de que cabe a todos respeitar a independ\u00eancia e a autonomia dos Poderes da Rep\u00fablica, como \u00e9 da secular tradi\u00e7\u00e3o de nossas institui\u00e7\u00f5es.<\/p>\n<p class=\"postParagraph_post-paragraph__juWZN postParagraph_post-paragraph-innerHtml__Q5vwc\"><em>O Supremo Tribunal Federal reafirma que seguir\u00e1 firme em sua miss\u00e3o de guardar a Constitui\u00e7\u00e3o e proteger as liberdades democr\u00e1ticas.<\/em><\/p>\n<p class=\"postParagraph_post-paragraph__juWZN postParagraph_post-paragraph-innerHtml__Q5vwc\"><em>A Presid\u00eancia se solidariza, por isso, com os colegas Ministros mencionados no relat\u00f3rio da Comiss\u00e3o Parlamentar de Inqu\u00e9rito sobre o Crime Organizado.\u201d<\/em><\/p>\n<\/div>\n<p><br \/>\n<br \/>Fonte: <a href=\"https:\/\/www.gazetadopovo.com.br\/republica\/fachin-critica-inclusao-indevida-de-ministros-do-stf-em-relatorio-da-cpi\/\">Revista Oeste<\/a><\/p>\n","protected":false},"excerpt":{"rendered":"<p>O presidente do Supremo Tribunal Federal (STF), Edson Fachin, criticou nesta ter\u00e7a-feira (14) a inclus\u00e3o \u201cindevida\u201d dos ministros Alexandre de Moraes, Dias Toffoli e Gilmar Mendes no rol de indiciados do relat\u00f3rio da CPI do Crime Organizado. O ministro defendeu que a CPI, embora seja uma \u201cgarantia fundamental da democracia\u201d, deve atuar \u201cnos limites constitucionais\u201d [&hellip;]<\/p>\n","protected":false},"author":5,"featured_media":73109,"comment_status":"open","ping_status":"open","sticky":false,"template":"","format":"standard","meta":{"_seopress_robots_primary_cat":"","_seopress_titles_title":"","_seopress_titles_desc":"","_seopress_robots_index":"","footnotes":""},"categories":[1],"tags":[],"class_list":["post-73108","post","type-post","status-publish","format-standard","has-post-thumbnail","hentry","category-ultimas-noticias"],"_links":{"self":[{"href":"https:\/\/mussicom.com\/noticias\/wp-json\/wp\/v2\/posts\/73108","targetHints":{"allow":["GET"]}}],"collection":[{"href":"https:\/\/mussicom.com\/noticias\/wp-json\/wp\/v2\/posts"}],"about":[{"href":"https:\/\/mussicom.com\/noticias\/wp-json\/wp\/v2\/types\/post"}],"author":[{"embeddable":true,"href":"https:\/\/mussicom.com\/noticias\/wp-json\/wp\/v2\/users\/5"}],"replies":[{"embeddable":true,"href":"https:\/\/mussicom.com\/noticias\/wp-json\/wp\/v2\/comments?post=73108"}],"version-history":[{"count":0,"href":"https:\/\/mussicom.com\/noticias\/wp-json\/wp\/v2\/posts\/73108\/revisions"}],"wp:featuredmedia":[{"embeddable":true,"href":"https:\/\/mussicom.com\/noticias\/wp-json\/wp\/v2\/media\/73109"}],"wp:attachment":[{"href":"https:\/\/mussicom.com\/noticias\/wp-json\/wp\/v2\/media?parent=73108"}],"wp:term":[{"taxonomy":"category","embeddable":true,"href":"https:\/\/mussicom.com\/noticias\/wp-json\/wp\/v2\/categories?post=73108"},{"taxonomy":"post_tag","embeddable":true,"href":"https:\/\/mussicom.com\/noticias\/wp-json\/wp\/v2\/tags?post=73108"}],"curies":[{"name":"wp","href":"https:\/\/api.w.org\/{rel}","templated":true}]}}