{"id":73059,"date":"2026-04-14T16:03:20","date_gmt":"2026-04-14T19:03:20","guid":{"rendered":"https:\/\/mussicom.com\/eua-divulgam-foto-de-alexandre-ramagem-apos-detencao\/"},"modified":"2026-04-14T16:03:20","modified_gmt":"2026-04-14T19:03:20","slug":"eua-divulgam-foto-de-alexandre-ramagem-apos-detencao","status":"publish","type":"post","link":"https:\/\/mussicom.com\/noticias\/eua-divulgam-foto-de-alexandre-ramagem-apos-detencao\/","title":{"rendered":"EUA divulgam foto de Alexandre Ramagem ap\u00f3s deten\u00e7\u00e3o"},"content":{"rendered":"<p> <br \/>\n<\/p>\n<div id=\"tp-post-content\">\n<p class=\"postParagraph_post-paragraph__juWZN postParagraph_post-paragraph-innerHtml__Q5vwc\">Informa\u00e7\u00f5es do ex-deputado federal\u00a0e\u00a0ex-diretor da Ag\u00eancia Brasileira de Intelig\u00eancia (Abin)\u00a0Alexandre Ramagem come\u00e7aram a ser publicadas no sistema do Servi\u00e7o de Imigra\u00e7\u00e3o e Controle de Aduanas (ICE), ap\u00f3s sua deten\u00e7\u00e3o nesta segunda-feira (14).<\/p>\n<p class=\"postParagraph_post-paragraph__juWZN postParagraph_post-paragraph-innerHtml__Q5vwc\">Entre os dados divulgados est\u00e3o uma foto de fichamento policial do ex-parlamentar (mugshot), bem como uma descri\u00e7\u00e3o, detalhando sexo, idade e ra\u00e7a. N\u00e3o h\u00e1 acusa\u00e7\u00f5es expl\u00edcitas contra ele no registro, apenas a men\u00e7\u00e3o de que foi preso por &#8220;quest\u00f5es de imigra\u00e7\u00e3o&#8221;.<\/p>\n<p class=\"postParagraph_post-paragraph__juWZN postParagraph_post-paragraph-innerHtml__Q5vwc\">O documento est\u00e1 dispon\u00edvel no banco de dados do estado da Fl\u00f3rida, onde ocorreu a deten\u00e7\u00e3o e seu posterior encaminhamento a um centro de deten\u00e7\u00e3o.<\/p>\n<p class=\"postParagraph_post-paragraph__juWZN postParagraph_post-paragraph-innerHtml__Q5vwc\">Segundo a Pol\u00edcia Federal brasileira, o governo de Luiz In\u00e1cio Lula da Silva (PT) aguarda detalhes do processo de extradi\u00e7\u00e3o ao Brasil. O diretor-geral da corpora\u00e7\u00e3o, Andrei Rodrigues, disse que a pris\u00e3o decorreu de coopera\u00e7\u00e3o policial internacional entre a PF e as autoridades dos EUA.<\/p>\n<div class=\"postImage_post-content-image__2CJdu\"><picture class=\"imageDefault_image-container__XGd8_\"><source type=\"image\/webp\" srcset=\"https:\/\/media.gazetadopovo.com.br\/2026\/04\/14144208\/Image-46-660x372.jpg.webp 660w, https:\/\/media.gazetadopovo.com.br\/2026\/04\/14144208\/Image-46-540x360.jpg.webp 540w, https:\/\/media.gazetadopovo.com.br\/2026\/04\/14144208\/Image-46-380x214.jpg.webp 380w, https:\/\/media.gazetadopovo.com.br\/2026\/04\/14144208\/Image-46-372x372.jpg.webp 372w, https:\/\/media.gazetadopovo.com.br\/2026\/04\/14144208\/Image-46-214x214.jpg.webp 214w, https:\/\/media.gazetadopovo.com.br\/2026\/04\/14144208\/Image-46.jpg.webp 800w\" sizes=\"(max-width: 767px) 328px, 638px\"\/><source type=\"image\/jpeg\" srcset=\"https:\/\/media.gazetadopovo.com.br\/2026\/04\/14144208\/Image-46-660x372.jpg.webp 660w, https:\/\/media.gazetadopovo.com.br\/2026\/04\/14144208\/Image-46-540x360.jpg.webp 540w, https:\/\/media.gazetadopovo.com.br\/2026\/04\/14144208\/Image-46-380x214.jpg.webp 380w, https:\/\/media.gazetadopovo.com.br\/2026\/04\/14144208\/Image-46-372x372.jpg.webp 372w, https:\/\/media.gazetadopovo.com.br\/2026\/04\/14144208\/Image-46-214x214.jpg.webp 214w, https:\/\/media.gazetadopovo.com.br\/2026\/04\/14144208\/Image-46.jpg.webp 800w\" sizes=\"(max-width: 767px) 328px, 638px\"\/><\/picture><i class=\"postImage_post-image-caption__yoE82\">Ficha criminal do ex-diretor da Abin Alexandre Ramagem nos EUA<!-- --> <!-- -->(Foto: Divulga\u00e7\u00e3o\/Governo dos EUA)<\/i><\/div>\n<p class=\"postParagraph_post-paragraph__juWZN postParagraph_post-paragraph-innerHtml__Q5vwc\">Em nota na segunda-feira, a PF descreveu o ex-deputado federal como &#8220;um brasileiro condenado pelo STF&#8221; que foi preso em Orlando, na Fl\u00f3rida (veja a nota na \u00edntegra). Ramagem foi condenado a 16 anos de pris\u00e3o pelo tribunal superior por tentativa de golpe de Estado. Ele era considerado foragido da Justi\u00e7a brasileira.<\/p>\n<p class=\"postParagraph_post-paragraph__juWZN postParagraph_post-paragraph-innerHtml__Q5vwc\">Na segunda, o portal Metr\u00f3poles informou que teve acesso ao documento do Departamento de Seguran\u00e7a Interna dos Estados Unidos (DHS) que aponta que o ex-deputado federal Alexandre Ramagem estaria sujeito \u00e0 deporta\u00e7\u00e3o por permanecer no pa\u00eds ap\u00f3s o vencimento do visto &#8211; ele teve o passaporte diplom\u00e1tico cancelado ap\u00f3s a cassa\u00e7\u00e3o de seu mandato pelo Congresso Nacional, em dezembro do ano passado.<\/p>\n<\/div>\n<p><br \/>\n<br \/>Fonte: <a href=\"https:\/\/www.gazetadopovo.com.br\/mundo\/governo-trump-divulga-foto-ex-deputado-federal-alexandre-ramagem-detido-pelo-ice\/\">Revista Oeste<\/a><\/p>\n","protected":false},"excerpt":{"rendered":"<p>Informa\u00e7\u00f5es do ex-deputado federal\u00a0e\u00a0ex-diretor da Ag\u00eancia Brasileira de Intelig\u00eancia (Abin)\u00a0Alexandre Ramagem come\u00e7aram a ser publicadas no sistema do Servi\u00e7o de Imigra\u00e7\u00e3o e Controle de Aduanas (ICE), ap\u00f3s sua deten\u00e7\u00e3o nesta segunda-feira (14). Entre os dados divulgados est\u00e3o uma foto de fichamento policial do ex-parlamentar (mugshot), bem como uma descri\u00e7\u00e3o, detalhando sexo, idade e ra\u00e7a. N\u00e3o [&hellip;]<\/p>\n","protected":false},"author":5,"featured_media":61761,"comment_status":"open","ping_status":"open","sticky":false,"template":"","format":"standard","meta":{"_seopress_robots_primary_cat":"","_seopress_titles_title":"","_seopress_titles_desc":"","_seopress_robots_index":"","footnotes":""},"categories":[48],"tags":[],"class_list":["post-73059","post","type-post","status-publish","format-standard","has-post-thumbnail","hentry","category-internacional"],"_links":{"self":[{"href":"https:\/\/mussicom.com\/noticias\/wp-json\/wp\/v2\/posts\/73059","targetHints":{"allow":["GET"]}}],"collection":[{"href":"https:\/\/mussicom.com\/noticias\/wp-json\/wp\/v2\/posts"}],"about":[{"href":"https:\/\/mussicom.com\/noticias\/wp-json\/wp\/v2\/types\/post"}],"author":[{"embeddable":true,"href":"https:\/\/mussicom.com\/noticias\/wp-json\/wp\/v2\/users\/5"}],"replies":[{"embeddable":true,"href":"https:\/\/mussicom.com\/noticias\/wp-json\/wp\/v2\/comments?post=73059"}],"version-history":[{"count":0,"href":"https:\/\/mussicom.com\/noticias\/wp-json\/wp\/v2\/posts\/73059\/revisions"}],"wp:featuredmedia":[{"embeddable":true,"href":"https:\/\/mussicom.com\/noticias\/wp-json\/wp\/v2\/media\/61761"}],"wp:attachment":[{"href":"https:\/\/mussicom.com\/noticias\/wp-json\/wp\/v2\/media?parent=73059"}],"wp:term":[{"taxonomy":"category","embeddable":true,"href":"https:\/\/mussicom.com\/noticias\/wp-json\/wp\/v2\/categories?post=73059"},{"taxonomy":"post_tag","embeddable":true,"href":"https:\/\/mussicom.com\/noticias\/wp-json\/wp\/v2\/tags?post=73059"}],"curies":[{"name":"wp","href":"https:\/\/api.w.org\/{rel}","templated":true}]}}