{"id":73043,"date":"2026-04-14T14:06:24","date_gmt":"2026-04-14T17:06:24","guid":{"rendered":"https:\/\/mussicom.com\/temperaturas-passam-de-30c-no-sudeste\/"},"modified":"2026-04-14T14:06:24","modified_gmt":"2026-04-14T17:06:24","slug":"temperaturas-passam-de-30c-no-sudeste","status":"publish","type":"post","link":"https:\/\/mussicom.com\/noticias\/temperaturas-passam-de-30c-no-sudeste\/","title":{"rendered":"Temperaturas passam de 30\u00b0C no Sudeste"},"content":{"rendered":"<p> <br \/>\n<\/p>\n<div>\n<p style=\"text-align:justify\">A Regi\u00e3o Sudeste deve registrar uma semana de predom\u00ednio de tempo firme e eleva\u00e7\u00e3o das temperaturas, segundo informa\u00e7\u00f5es do Meteored. A atua\u00e7\u00e3o de uma massa de ar seco mant\u00e9m o c\u00e9u com poucas nuvens e reduz a ocorr\u00eancia de chuvas na maior parte dos estados.&#13;\n<\/p>\n<p style=\"text-align:justify\">De acordo com a previs\u00e3o, a precipita\u00e7\u00e3o ser\u00e1 limitada e, quando ocorrer, tende a ser fraca e localizada, principalmente em \u00e1reas litor\u00e2neas de S\u00e3o Paulo e do Rio de Janeiro, influenciadas pela circula\u00e7\u00e3o mar\u00edtima. \u201cA chuva ser\u00e1 bem escassa nesta semana, podendo ocorrer apenas de forma fraca e mais localizada\u201d, informa o boletim.<\/p>\n<p style=\"text-align:justify\">Entre ter\u00e7a-feira (14) e sexta-feira (17), o padr\u00e3o clim\u00e1tico deve se manter est\u00e1vel, com manh\u00e3s de c\u00e9u claro ou parcialmente nublado e tardes com predom\u00ednio de sol. Em \u00e1reas do leste paulista e fluminense, podem ocorrer nevoeiros ao amanhecer, que se dissipam ao longo do dia com a eleva\u00e7\u00e3o das temperaturas.&#13;\n<\/p>\n<p style=\"text-align:justify\">A previs\u00e3o indica ainda possibilidade de chuviscos na tarde de quinta-feira (16) no litoral do Rio de Janeiro e do Esp\u00edrito Santo. No entanto, a mudan\u00e7a mais significativa deve ocorrer no s\u00e1bado (18), com a forma\u00e7\u00e3o de um ciclone no oceano, entre a costa do Uruguai e do Rio Grande do Sul. O sistema deve favorecer o aumento do escoamento de ventos de norte e nordeste, contribuindo para pancadas de chuva isoladas em partes de S\u00e3o Paulo e do Rio de Janeiro. \u201cMas n\u00e3o h\u00e1 riscos de transtornos\u201d, destaca a an\u00e1lise.<\/p>\n<p style=\"text-align:justify\">As temperaturas seguem em eleva\u00e7\u00e3o ao longo da semana. Durante as manh\u00e3s, os term\u00f4metros devem marcar entre 14\u00b0C e 16\u00b0C em \u00e1reas do leste de S\u00e3o Paulo, sul e leste de Minas Gerais e regi\u00f5es mais elevadas do Rio de Janeiro, podendo chegar a 10\u00b0C em \u00e1reas serranas. \u00c0 tarde, o calor predomina, com m\u00e1ximas acima de 30\u00b0C em regi\u00f5es do interior paulista e do Tri\u00e2ngulo Mineiro.&#13;\n<\/p>\n<p style=\"text-align:justify\">Na sexta-feira (17) e no s\u00e1bado (18), o calor se intensifica e se espalha pela regi\u00e3o, com temperaturas acima de 30\u00b0C em grande parte dos estados e picos de at\u00e9 36\u00b0C no noroeste de S\u00e3o Paulo. Nas capitais, as m\u00e1ximas previstas para s\u00e1bado s\u00e3o de 31\u00b0C em S\u00e3o Paulo, 33\u00b0C no Rio de Janeiro, 30\u00b0C em Belo Horizonte e 31\u00b0C em Vit\u00f3ria.<\/p>\n<\/p><\/div>\n<p><script data-cfasync=\"false\">\n    !function (f, b, e, v, n, t, s) {\n        if (f.fbq) return; n = f.fbq = function () {\n            n.callMethod ?\n                n.callMethod.apply(n, arguments) : n.queue.push(arguments)\n        };\n        if (!f._fbq) f._fbq = n; n.push = n; n.loaded = !0; n.version = '2.0';\n        n.queue = []; t = b.createElement(e); t.async = !0;\n        t.src = v; s = b.getElementsByTagName(e)[0];\n        s.parentNode.insertBefore(t, s)\n    }(window, document, 'script',\n        'https:\/\/connect.facebook.net\/en_US\/fbevents.js');\n    fbq('init', '522546078623747');\n    fbq('track', 'PageView');\n<\/script><br \/>\n<br \/><br \/>\n<br \/>Fonte: <a href=\"https:\/\/www.agrolink.com.br\/noticias\/calor-de-mais-de-30-c-e-atuacao-de-ciclone-atingem-o-sudeste-nesta-semana_513064.html\">AGROLINK<\/a><\/p>\n","protected":false},"excerpt":{"rendered":"<p>A Regi\u00e3o Sudeste deve registrar uma semana de predom\u00ednio de tempo firme e eleva\u00e7\u00e3o das temperaturas, segundo informa\u00e7\u00f5es do Meteored. A atua\u00e7\u00e3o de uma massa de ar seco mant\u00e9m o c\u00e9u com poucas nuvens e reduz a ocorr\u00eancia de chuvas na maior parte dos estados.&#13; De acordo com a previs\u00e3o, a precipita\u00e7\u00e3o ser\u00e1 limitada e, [&hellip;]<\/p>\n","protected":false},"author":5,"featured_media":40122,"comment_status":"open","ping_status":"open","sticky":false,"template":"","format":"standard","meta":{"_seopress_robots_primary_cat":"","_seopress_titles_title":"","_seopress_titles_desc":"","_seopress_robots_index":"","footnotes":""},"categories":[53],"tags":[],"class_list":["post-73043","post","type-post","status-publish","format-standard","has-post-thumbnail","hentry","category-agronegocio"],"_links":{"self":[{"href":"https:\/\/mussicom.com\/noticias\/wp-json\/wp\/v2\/posts\/73043","targetHints":{"allow":["GET"]}}],"collection":[{"href":"https:\/\/mussicom.com\/noticias\/wp-json\/wp\/v2\/posts"}],"about":[{"href":"https:\/\/mussicom.com\/noticias\/wp-json\/wp\/v2\/types\/post"}],"author":[{"embeddable":true,"href":"https:\/\/mussicom.com\/noticias\/wp-json\/wp\/v2\/users\/5"}],"replies":[{"embeddable":true,"href":"https:\/\/mussicom.com\/noticias\/wp-json\/wp\/v2\/comments?post=73043"}],"version-history":[{"count":0,"href":"https:\/\/mussicom.com\/noticias\/wp-json\/wp\/v2\/posts\/73043\/revisions"}],"wp:featuredmedia":[{"embeddable":true,"href":"https:\/\/mussicom.com\/noticias\/wp-json\/wp\/v2\/media\/40122"}],"wp:attachment":[{"href":"https:\/\/mussicom.com\/noticias\/wp-json\/wp\/v2\/media?parent=73043"}],"wp:term":[{"taxonomy":"category","embeddable":true,"href":"https:\/\/mussicom.com\/noticias\/wp-json\/wp\/v2\/categories?post=73043"},{"taxonomy":"post_tag","embeddable":true,"href":"https:\/\/mussicom.com\/noticias\/wp-json\/wp\/v2\/tags?post=73043"}],"curies":[{"name":"wp","href":"https:\/\/api.w.org\/{rel}","templated":true}]}}