{"id":73008,"date":"2026-04-14T11:05:10","date_gmt":"2026-04-14T14:05:10","guid":{"rendered":"https:\/\/mussicom.com\/camara-cancela-votacao-de-regras-para-trabalho-por-apps-por-falta-de-acordo\/"},"modified":"2026-04-14T11:05:10","modified_gmt":"2026-04-14T14:05:10","slug":"camara-cancela-votacao-de-regras-para-trabalho-por-apps-por-falta-de-acordo","status":"publish","type":"post","link":"https:\/\/mussicom.com\/noticias\/camara-cancela-votacao-de-regras-para-trabalho-por-apps-por-falta-de-acordo\/","title":{"rendered":"C\u00e2mara cancela vota\u00e7\u00e3o de regras para trabalho por apps por falta de acordo"},"content":{"rendered":"<p> <br \/>\n<\/p>\n<div id=\"tp-post-content\">\n<p class=\"postParagraph_post-paragraph__juWZN postParagraph_post-paragraph-innerHtml__Q5vwc\">A C\u00e2mara dos Deputados cancelou a vota\u00e7\u00e3o do projeto que regulamenta o trabalho por aplicativos, que ocorreria nesta ter\u00e7a-feira (14), por falta de acordo entre o governo do presidente Luiz In\u00e1cio Lula da Silva (PT) e o relator, Augusto Coutinho (Republicanos-PE). O recuo ocorreu no mesmo dia em que os motoristas e entregadores far\u00e3o uma mobiliza\u00e7\u00e3o contra a proposta por conta dos valores apresentados.<\/p>\n<p class=\"postParagraph_post-paragraph__juWZN postParagraph_post-paragraph-innerHtml__Q5vwc\">O l\u00edder do governo e futuro ministro das Rela\u00e7\u00f5es Institucionais, Jos\u00e9 Guimar\u00e3es (PT-CE), indicou ao relator que n\u00e3o havia apoio suficiente para aprovar a proposta na comiss\u00e3o especial. Sem consenso pol\u00edtico, o avan\u00e7o do projeto foi interrompido mais uma vez.<\/p>\n<p class=\"postParagraph_post-paragraph__juWZN postParagraph_post-paragraph-innerHtml__Q5vwc\">O principal ponto da disc\u00f3rdia \u00e9 o valor m\u00ednimo a ser pago aos entregadores, que divide governo e relator. Enquanto o Planalto defende o piso de R$ 10, o parecer apresentado por Coutinho fixava o valor em R$ 8,50.<\/p>\n<div class=\"postViewMore_post-view-more-container___5wai\" data-mrf-recirculation=\"Post - Veja tamb\u00e9m\">\n<p class=\"gp-styles-module-size-small-afeYRa gp-styles-module-font-family2-afeYRa gp-styles-module-color-secondary-afeYRa gp-styles-module-weight-bold-afeYRa\">VEJA TAMB\u00c9M:<\/p>\n<ul class=\"postViewMore_post-view-more-list__CU_CE\">\n<li class=\"postViewMore_post-view-more-item__2MzRb\">\n<div class=\"postViewMore_post-view-more-image__5gUSe\"><picture class=\"imageDefault_image-container__XGd8_\"><\/picture><\/div>\n<p>AO VIVO: CPI pede indiciamento de Moraes, Toffoli, Gilmar e Gonet por atua\u00e7\u00e3o no Caso Master<\/li>\n<\/ul>\n<\/div>\n<p class=\"postParagraph_post-paragraph__juWZN postParagraph_post-paragraph-innerHtml__Q5vwc\">Em uma troca de farpas, o ministro Guilherme Boulos criticou o relat\u00f3rio e afirmou que as sugest\u00f5es apresentadas pelo governo n\u00e3o foram consideradas. Para ele, a proposta pensada pelo Planalto acabou distorcida reduzindo os ganhos dos profissionais.<\/p>\n<p class=\"postParagraph_post-paragraph__juWZN postParagraph_post-paragraph-innerHtml__Q5vwc\">\u201cO governo j\u00e1 enviou o relat\u00f3rio do GTT, feito com a participa\u00e7\u00e3o de seis minist\u00e9rios. Infelizmente, o relator da C\u00e2mara n\u00e3o considerou\u201d, disse em entrevista \u00e0 r\u00e1dio <em>CBN<\/em>.<\/p>\n<p class=\"postParagraph_post-paragraph__juWZN postParagraph_post-paragraph-innerHtml__Q5vwc\">Em resposta, Coutinho endureceu o tom e responsabilizou o pr\u00f3prio governo pelo travamento das negocia\u00e7\u00f5es. Para ele, seu relat\u00f3rio avan\u00e7ava em muitos pontos, como previd\u00eancia social para o trabalhador, transpar\u00eancia algor\u00edtmica, autonomia, remunera\u00e7\u00e3o m\u00ednima para entregadores e at\u00e9 isen\u00e7\u00e3o de impostos para a compra de ve\u00edculos.<\/p>\n<p class=\"postParagraph_post-paragraph__juWZN postParagraph_post-paragraph-innerHtml__Q5vwc\">\u201cN\u00f3s percebemos que o debate n\u00e3o era sobre os direitos e sim sobre tabelamento de pre\u00e7os com os R$ 10. Ent\u00e3o agora que o ministro Bolos em nome do governo foi contra e o governo pediu para retirar, cabe ao ministro mandar um projeto prevendo a remunera\u00e7\u00e3o m\u00ednima, enfrentar os temas dos trabalhadores e depois se justificar a opini\u00e3o p\u00fablica o aumento de pre\u00e7o ao consumidor final\u201d, rebateu.<\/p>\n<h2 class=\"postParagraph_post-paragraph__juWZN postParagraph_post-paragraph-innerHtml__Q5vwc postParagraph_type-tag-h2__TtFkT\">Meio termo entre aut\u00f4nomo e CLT<\/h2>\n<p class=\"postParagraph_post-paragraph__juWZN postParagraph_post-paragraph-innerHtml__Q5vwc\">O texto previa a regulamenta\u00e7\u00e3o do trabalho por aplicativos no Brasil em um meio termo entre a modalidade de aut\u00f4nomo e atrav\u00e9s da Consolida\u00e7\u00e3o das Leis do Trabalho (CLT), com defini\u00e7\u00e3o de regras para previd\u00eancia e limites de cobran\u00e7a das plataformas. A proposta criava a figura do \u201ctrabalhador aut\u00f4nomo plataformizado\u201d, deixando claro que n\u00e3o haveria v\u00ednculo empregat\u00edcio com as empresas.<\/p>\n<p class=\"postParagraph_post-paragraph__juWZN postParagraph_post-paragraph-innerHtml__Q5vwc\">Pelo relat\u00f3rio, as plataformas n\u00e3o poderiam exigir exclusividade nem tempo m\u00ednimo de conex\u00e3o dos trabalhadores. Para motoristas de passageiros, seria estabelecido um teto de 30% para a taxa cobrada sobre o valor da corrida paga pelo cliente.<\/p>\n<p class=\"postParagraph_post-paragraph__juWZN postParagraph_post-paragraph-innerHtml__Q5vwc\">No caso dos entregadores, o projeto fixava pagamento m\u00ednimo de R$ 8,50 por entrega em dist\u00e2ncias curtas ou a alternativa de R$ 14,74 por hora trabalhada. O c\u00e1lculo considerava um valor proporcional equivalente a dois sal\u00e1rios m\u00ednimos mensais.<\/p>\n<p class=\"postParagraph_post-paragraph__juWZN postParagraph_post-paragraph-innerHtml__Q5vwc\">A proposta tamb\u00e9m previa a inclus\u00e3o obrigat\u00f3ria dos trabalhadores no INSS, com contribui\u00e7\u00e3o de 5% por parte do profissional e 20% pelas empresas sobre 25% da renda bruta mensal. O modelo garantiria acesso a benef\u00edcios como aposentadoria, aux\u00edlio-doen\u00e7a e pens\u00e3o por morte.<\/p>\n<p class=\"postParagraph_post-paragraph__juWZN postParagraph_post-paragraph-innerHtml__Q5vwc\">Al\u00e9m disso, as plataformas seriam obrigadas a contratar seguro de acidentes pessoais com cobertura m\u00ednima de R$ 120 mil. Apesar do avan\u00e7o t\u00e9cnico do texto, o embate pol\u00edtico sobre remunera\u00e7\u00e3o travou a vota\u00e7\u00e3o e adiou a defini\u00e7\u00e3o das regras para o setor.<\/p>\n<\/div>\n<p><br \/>\n<br \/>Fonte: <a href=\"https:\/\/www.gazetadopovo.com.br\/republica\/camara-cancela-votacao-regras-trabalho-apps-falta-acordo\/\">Revista Oeste<\/a><\/p>\n","protected":false},"excerpt":{"rendered":"<p>A C\u00e2mara dos Deputados cancelou a vota\u00e7\u00e3o do projeto que regulamenta o trabalho por aplicativos, que ocorreria nesta ter\u00e7a-feira (14), por falta de acordo entre o governo do presidente Luiz In\u00e1cio Lula da Silva (PT) e o relator, Augusto Coutinho (Republicanos-PE). O recuo ocorreu no mesmo dia em que os motoristas e entregadores far\u00e3o uma [&hellip;]<\/p>\n","protected":false},"author":5,"featured_media":73009,"comment_status":"open","ping_status":"open","sticky":false,"template":"","format":"standard","meta":{"_seopress_robots_primary_cat":"","_seopress_titles_title":"","_seopress_titles_desc":"","_seopress_robots_index":"","footnotes":""},"categories":[1],"tags":[],"class_list":["post-73008","post","type-post","status-publish","format-standard","has-post-thumbnail","hentry","category-ultimas-noticias"],"_links":{"self":[{"href":"https:\/\/mussicom.com\/noticias\/wp-json\/wp\/v2\/posts\/73008","targetHints":{"allow":["GET"]}}],"collection":[{"href":"https:\/\/mussicom.com\/noticias\/wp-json\/wp\/v2\/posts"}],"about":[{"href":"https:\/\/mussicom.com\/noticias\/wp-json\/wp\/v2\/types\/post"}],"author":[{"embeddable":true,"href":"https:\/\/mussicom.com\/noticias\/wp-json\/wp\/v2\/users\/5"}],"replies":[{"embeddable":true,"href":"https:\/\/mussicom.com\/noticias\/wp-json\/wp\/v2\/comments?post=73008"}],"version-history":[{"count":0,"href":"https:\/\/mussicom.com\/noticias\/wp-json\/wp\/v2\/posts\/73008\/revisions"}],"wp:featuredmedia":[{"embeddable":true,"href":"https:\/\/mussicom.com\/noticias\/wp-json\/wp\/v2\/media\/73009"}],"wp:attachment":[{"href":"https:\/\/mussicom.com\/noticias\/wp-json\/wp\/v2\/media?parent=73008"}],"wp:term":[{"taxonomy":"category","embeddable":true,"href":"https:\/\/mussicom.com\/noticias\/wp-json\/wp\/v2\/categories?post=73008"},{"taxonomy":"post_tag","embeddable":true,"href":"https:\/\/mussicom.com\/noticias\/wp-json\/wp\/v2\/tags?post=73008"}],"curies":[{"name":"wp","href":"https:\/\/api.w.org\/{rel}","templated":true}]}}