{"id":72975,"date":"2026-04-14T08:02:20","date_gmt":"2026-04-14T11:02:20","guid":{"rendered":"https:\/\/mussicom.com\/familia-de-sicario-ainda-aguarda-laudo-do-iml-e-imagens-do-presidio-diz-defesa\/"},"modified":"2026-04-14T08:02:20","modified_gmt":"2026-04-14T11:02:20","slug":"familia-de-sicario-ainda-aguarda-laudo-do-iml-e-imagens-do-presidio-diz-defesa","status":"publish","type":"post","link":"https:\/\/mussicom.com\/noticias\/familia-de-sicario-ainda-aguarda-laudo-do-iml-e-imagens-do-presidio-diz-defesa\/","title":{"rendered":"Fam\u00edlia de &#8220;Sic\u00e1rio&#8221; ainda aguarda laudo do IML e imagens do pres\u00eddio, diz defesa"},"content":{"rendered":"<p> <br \/>\n<\/p>\n<div id=\"tp-post-content\">\n<p class=\"postParagraph_post-paragraph__juWZN postParagraph_post-paragraph-innerHtml__Q5vwc\">A defesa da fam\u00edlia de Luiz Phillipi Machado de Morais Mour\u00e3o, conhecido como &#8220;Sic\u00e1rio&#8221;, veio a p\u00fablico nesta segunda-feira (13), por meio de uma nota <em>(leia na \u00edntegra ao final)<\/em>, para denunciar a falta de informa\u00e7\u00f5es por parte da Pol\u00edcia Federal (PF), do Supremo Tribunal Federal (STF) e do Instituto M\u00e9dico Legal (IML) da Pol\u00edcia Civil de Minas Gerais.<\/p>\n<p class=\"postParagraph_post-paragraph__juWZN postParagraph_post-paragraph-innerHtml__Q5vwc\">O documento \u00e9 assinado pelo advogado Vicente Salgueiro. Nele, \u00e9 revelado que a fam\u00edlia ficou sabendo da morte na pris\u00e3o &#8220;exclusivamente por meio da imprensa&#8221;, sem qualquer comunica\u00e7\u00e3o formal por parte da PF. Atribu\u00edda a um suposto suic\u00eddio, a causa da morte tamb\u00e9m n\u00e3o foi informada oficialmente pelo IML aos familiares. A defesa ainda acusa o STF e a PF de n\u00e3o concederem acesso ao inqu\u00e9rito que investiga o incidente.<\/p>\n<p class=\"postParagraph_post-paragraph__juWZN postParagraph_post-paragraph-innerHtml__Q5vwc\">A vers\u00e3o divulgada pela penitenci\u00e1ria \u00e9 de que uma tentativa de suic\u00eddio teria motivado a ida do homem de 43 anos ao Hospital Jo\u00e3o XXIII, unidade de Belo Horizonte em que acabou falecendo.<\/p>\n<p class=\"postParagraph_post-paragraph__juWZN postParagraph_post-paragraph-innerHtml__Q5vwc\">O caso Master tratava, inicialmente, apenas de fraudes em carteiras de cr\u00e9dito, at\u00e9 que se descobriu a exist\u00eancia de uma esp\u00e9cie de &#8220;mil\u00edcia privada&#8221; destinada a silenciar opositores aos neg\u00f3cios de Daniel Vorcaro. Em meio \u00e0s revela\u00e7\u00f5es, os meios pol\u00edtico e jur\u00eddico repercutem criticamente a rela\u00e7\u00e3o entre o banqueiro e os ministros Alexandre de Moraes e Dias Toffoli.<\/p>\n<p class=\"postParagraph_post-paragraph__juWZN postParagraph_post-paragraph-innerHtml__Q5vwc\">A <strong>Gazeta do Povo<\/strong> entrou em contato com a PF, com a Pol\u00edcia Civil de Minas Gerais e com o STF. O espa\u00e7o segue aberto para manifesta\u00e7\u00e3o.<\/p>\n<div class=\"postViewMore_post-view-more-container___5wai\" data-mrf-recirculation=\"Post - Veja tamb\u00e9m\">\n<p class=\"gp-styles-module-size-small-afeYRa gp-styles-module-font-family2-afeYRa gp-styles-module-color-secondary-afeYRa gp-styles-module-weight-bold-afeYRa\">VEJA TAMB\u00c9M:<\/p>\n<ul class=\"postViewMore_post-view-more-list__CU_CE\">\n<li class=\"postViewMore_post-view-more-item__2MzRb\"><span class=\"postViewMore_post-view-more-link-icon___stPC\"><svg xmlns=\"http:\/\/www.w3.org\/2000\/svg\" width=\"16\" height=\"16\" viewbox=\"0 0 16 16\"><rect width=\"16\" height=\"16\" fill=\"none\"\/><g transform=\"translate(3 3)\"><path d=\"M22.5,15l3.4,3.4-3.4,3.4\" transform=\"translate(-15.896 -11.793)\" fill=\"none\" stroke=\"#717171\" stroke-linecap=\"round\" stroke-width=\"1.4\"\/><path d=\"M6,6v4.2a2.452,2.452,0,0,0,2.5,2.4H16\" transform=\"translate(-6 -6)\" fill=\"none\" stroke=\"#717171\" stroke-linecap=\"round\" stroke-width=\"1.4\"\/><\/g><\/svg><\/span><span class=\"postViewMore_post-view-more-link-text__hO_kM\">Jornalista levanta contradi\u00e7\u00f5es sobre morte de \u201cSic\u00e1rio\u201d<\/span><\/li>\n<li class=\"postViewMore_post-view-more-item__2MzRb\"><span class=\"postViewMore_post-view-more-link-icon___stPC\"><svg xmlns=\"http:\/\/www.w3.org\/2000\/svg\" width=\"16\" height=\"16\" viewbox=\"0 0 16 16\"><rect width=\"16\" height=\"16\" fill=\"none\"\/><g transform=\"translate(3 3)\"><path d=\"M22.5,15l3.4,3.4-3.4,3.4\" transform=\"translate(-15.896 -11.793)\" fill=\"none\" stroke=\"#717171\" stroke-linecap=\"round\" stroke-width=\"1.4\"\/><path d=\"M6,6v4.2a2.452,2.452,0,0,0,2.5,2.4H16\" transform=\"translate(-6 -6)\" fill=\"none\" stroke=\"#717171\" stroke-linecap=\"round\" stroke-width=\"1.4\"\/><\/g><\/svg><\/span><span class=\"postViewMore_post-view-more-link-text__hO_kM\">Certid\u00e3o de \u00f3bito de \u201cSic\u00e1rio\u201d, ajudante de Vorcaro, omite causa da morte<\/span><\/li>\n<\/ul>\n<\/div>\n<h2 class=\"postParagraph_post-paragraph__juWZN postParagraph_post-paragraph-innerHtml__Q5vwc postParagraph_type-tag-h2__TtFkT\">Leia a nota da defesa da fam\u00edlia de &#8220;Sic\u00e1rio&#8221;<\/h2>\n<p class=\"postParagraph_post-paragraph__juWZN postParagraph_post-paragraph-innerHtml__Q5vwc\"><em>\u201cA fam\u00edlia de Luiz Phillipi Machado de Morais Mour\u00e3o, por meio de seu advogado, constitu\u00eddo para acompanhamento do inqu\u00e9rito que investiga as circunst\u00e2ncias do \u00f3bito, vem a p\u00fablico prestar esclarecimentos sobre as informa\u00e7\u00f5es e narrativas veiculadas nos \u00faltimos dias.<\/em><\/p>\n<p class=\"postParagraph_post-paragraph__juWZN postParagraph_post-paragraph-innerHtml__Q5vwc\"><em>At\u00e9 o presente momento, a Pol\u00edcia Federal e o Supremo Tribunal Federal ainda n\u00e3o autorizaram o acesso da fam\u00edlia, ou mesmo da defesa anteriormente constitu\u00edda por Mour\u00e3o, \u00e0s imagens de seguran\u00e7a ou a qualquer fragmento dos autos do inqu\u00e9rito que apura os fatos. Do mesmo modo, o Instituto M\u00e9dico Legal da Pol\u00edcia Civil de Minas Gerais n\u00e3o disponibilizou \u00e0 fam\u00edlia conclus\u00e3o oficial acerca da causa mortis.<\/em><\/p>\n<p class=\"postParagraph_post-paragraph__juWZN postParagraph_post-paragraph-innerHtml__Q5vwc\"><em>No que se refere \u00e0 suposta inexist\u00eancia do \u00f3bito, esclarece-se que Luiz Phillipi faleceu em 6 de mar\u00e7o de 2026, conforme atestado pela equipe m\u00e9dica do Hospital Jo\u00e3o XXIII, tendo sido o corpo velado e posteriormente sepultado no dia 8 de mar\u00e7o, na presen\u00e7a de familiares e amigos pr\u00f3ximos. A realidade dos fatos, infelizmente, n\u00e3o comporta vers\u00f5es dissociadas desses registros.<\/em><\/p>\n<p class=\"postParagraph_post-paragraph__juWZN postParagraph_post-paragraph-innerHtml__Q5vwc\"><em>A fam\u00edlia permanece no aguardo da divulga\u00e7\u00e3o do exame pericial, o qual se espera seja apto a elucidar, com precis\u00e3o t\u00e9cnica, a causa do falecimento, bem como da conclus\u00e3o das investiga\u00e7\u00f5es em curso, especialmente quanto aos acontecimentos ocorridos nas depend\u00eancias da sede da Pol\u00edcia Federal em Belo Horizonte, que antecederam o encaminhamento de Phillipi ao Hospital Jo\u00e3o XXIII no dia 4 de mar\u00e7o de 2026.<\/em><\/p>\n<p class=\"postParagraph_post-paragraph__juWZN postParagraph_post-paragraph-innerHtml__Q5vwc\"><em>A defesa anteriormente constitu\u00edda por Mour\u00e3o, assim como seus familiares, n\u00e3o foi formalmente comunicada pela Pol\u00edcia Federal acerca da alegada tentativa de suic\u00eddio de Phillipi, tendo tomado conhecimento dessa informa\u00e7\u00e3o exclusivamente por meio da imprensa.<\/em><\/p>\n<p class=\"postParagraph_post-paragraph__juWZN postParagraph_post-paragraph-innerHtml__Q5vwc\"><em>Eventual responsabiliza\u00e7\u00e3o por falhas ocorridas durante o acautelamento de Mour\u00e3o independe da defini\u00e7\u00e3o em rela\u00e7\u00e3o \u00e0 natureza do evento que resultou em sua morte, seja ela decorrente ou n\u00e3o de autoexterm\u00ednio.<\/em><\/p>\n<p class=\"postParagraph_post-paragraph__juWZN postParagraph_post-paragraph-innerHtml__Q5vwc\"><em>A decis\u00e3o que decretou a pris\u00e3o preventiva de Mour\u00e3o, proferida pelo ministro Andr\u00e9 Mendon\u00e7a, consignou que o apelido \u201csic\u00e1rio\u201d, identificado em grupo de aplicativo de mensagens, seria um \u201cindicativo da natureza de suas atividades\u201d. Consta, ainda, da representa\u00e7\u00e3o policial que Luiz Phillipi teria atuado nessa condi\u00e7\u00e3o em rela\u00e7\u00e3o a terceiro.<\/em><\/p>\n<p class=\"postParagraph_post-paragraph__juWZN postParagraph_post-paragraph-innerHtml__Q5vwc\"><em>O voc\u00e1bulo \u201csic\u00e1rio\u201d designa assassino profissional contratado para matar algu\u00e9m. A fam\u00edlia afirma, de forma categ\u00f3rica, que jamais teve conhecimento de qualquer envolvimento de Mour\u00e3o em atos de viol\u00eancia, muito menos em pr\u00e1tica de homic\u00eddio, \u00e0 luz do pr\u00f3prio significado do termo. Ao contr\u00e1rio, tratava-se de pessoa de amplo conv\u00edvio social, cercado por amigos, sem hist\u00f3rico indicativo de quadro depressivo ou comportamento autolesivo, inexistindo qualquer elemento concreto que sustente a imputa\u00e7\u00e3o que lhe foi atribu\u00edda.<\/em><\/p>\n<p class=\"postParagraph_post-paragraph__juWZN postParagraph_post-paragraph-innerHtml__Q5vwc\"><em>Nesse contexto, tanto a defesa anteriormente constitu\u00edda por Luiz Phillipi, que ora representa seus familiares, quanto o n\u00facleo familiar, aguardam acesso aos elementos de prova produzidos no \u00e2mbito da 3\u00aa fase da opera\u00e7\u00e3o \u201cCompliance Zero\u201d, a fim de avaliar a coer\u00eancia das imputa\u00e7\u00f5es com o acervo probat\u00f3rio efetivamente colhido.<\/em><\/p>\n<p class=\"postParagraph_post-paragraph__juWZN postParagraph_post-paragraph-innerHtml__Q5vwc\"><em>Embora n\u00e3o subsista no ordenamento jur\u00eddico brasileiro a possibilidade de prosseguimento da persecu\u00e7\u00e3o penal com finalidade de absolvi\u00e7\u00e3o p\u00f3stuma, a fam\u00edlia continuar\u00e1 a buscar acesso aos elementos reunidos durante essa fase da opera\u00e7\u00e3o, pois a atribui\u00e7\u00e3o de tal qualifica\u00e7\u00e3o a Phillipi, sem o apontamento dos respectivos elementos probat\u00f3rios id\u00f4neos, configura imputa\u00e7\u00e3o de extrema gravidade, apta a violar de maneira contundente sua honra e mem\u00f3ria.<\/em><\/p>\n<p class=\"postParagraph_post-paragraph__juWZN postParagraph_post-paragraph-innerHtml__Q5vwc\"><em>A fam\u00edlia espera a elucida\u00e7\u00e3o c\u00e9lere e integral das circunst\u00e2ncias que envolveram o falecimento de Luiz Phillipi Machado de Morais Mour\u00e3o, confiando que os fatos ser\u00e3o esclarecidos com base em elementos t\u00e9cnicos, e n\u00e3o em conjecturas\u201d.<\/em><\/p>\n<\/div>\n<p><br \/>\n<br \/>Fonte: <a href=\"https:\/\/www.gazetadopovo.com.br\/republica\/familia-de-sicario-ainda-aguarda-laudo-do-iml-e-imagens-do-presidio-diz-defeza\/\">Revista Oeste<\/a><\/p>\n","protected":false},"excerpt":{"rendered":"<p>A defesa da fam\u00edlia de Luiz Phillipi Machado de Morais Mour\u00e3o, conhecido como &#8220;Sic\u00e1rio&#8221;, veio a p\u00fablico nesta segunda-feira (13), por meio de uma nota (leia na \u00edntegra ao final), para denunciar a falta de informa\u00e7\u00f5es por parte da Pol\u00edcia Federal (PF), do Supremo Tribunal Federal (STF) e do Instituto M\u00e9dico Legal (IML) da Pol\u00edcia [&hellip;]<\/p>\n","protected":false},"author":5,"featured_media":72976,"comment_status":"open","ping_status":"open","sticky":false,"template":"","format":"standard","meta":{"_seopress_robots_primary_cat":"","_seopress_titles_title":"","_seopress_titles_desc":"","_seopress_robots_index":"","footnotes":""},"categories":[1],"tags":[],"class_list":["post-72975","post","type-post","status-publish","format-standard","has-post-thumbnail","hentry","category-ultimas-noticias"],"_links":{"self":[{"href":"https:\/\/mussicom.com\/noticias\/wp-json\/wp\/v2\/posts\/72975","targetHints":{"allow":["GET"]}}],"collection":[{"href":"https:\/\/mussicom.com\/noticias\/wp-json\/wp\/v2\/posts"}],"about":[{"href":"https:\/\/mussicom.com\/noticias\/wp-json\/wp\/v2\/types\/post"}],"author":[{"embeddable":true,"href":"https:\/\/mussicom.com\/noticias\/wp-json\/wp\/v2\/users\/5"}],"replies":[{"embeddable":true,"href":"https:\/\/mussicom.com\/noticias\/wp-json\/wp\/v2\/comments?post=72975"}],"version-history":[{"count":0,"href":"https:\/\/mussicom.com\/noticias\/wp-json\/wp\/v2\/posts\/72975\/revisions"}],"wp:featuredmedia":[{"embeddable":true,"href":"https:\/\/mussicom.com\/noticias\/wp-json\/wp\/v2\/media\/72976"}],"wp:attachment":[{"href":"https:\/\/mussicom.com\/noticias\/wp-json\/wp\/v2\/media?parent=72975"}],"wp:term":[{"taxonomy":"category","embeddable":true,"href":"https:\/\/mussicom.com\/noticias\/wp-json\/wp\/v2\/categories?post=72975"},{"taxonomy":"post_tag","embeddable":true,"href":"https:\/\/mussicom.com\/noticias\/wp-json\/wp\/v2\/tags?post=72975"}],"curies":[{"name":"wp","href":"https:\/\/api.w.org\/{rel}","templated":true}]}}