{"id":72910,"date":"2026-04-13T23:48:29","date_gmt":"2026-04-14T02:48:29","guid":{"rendered":"https:\/\/mussicom.com\/menina-da-vila-evelin-bonifacio-recebe-primeira-convocacao-para-a-selecao-brasileira-aos-18-anos\/"},"modified":"2026-04-13T23:48:29","modified_gmt":"2026-04-14T02:48:29","slug":"menina-da-vila-evelin-bonifacio-recebe-primeira-convocacao-para-a-selecao-brasileira-aos-18-anos","status":"publish","type":"post","link":"https:\/\/mussicom.com\/noticias\/menina-da-vila-evelin-bonifacio-recebe-primeira-convocacao-para-a-selecao-brasileira-aos-18-anos\/","title":{"rendered":"Menina da Vila Evelin Bonif\u00e1cio recebe primeira convoca\u00e7\u00e3o para a Sele\u00e7\u00e3o Brasileira aos 18 anos"},"content":{"rendered":"<p> <br \/>\n<\/p>\n<div id=\"texto\">\n<p>Com 18 anos completos na \u00faltima quarta-feira (8), a atacante natural de Peru\u00edbe (SP) integrar\u00e1 a sele\u00e7\u00e3o principal de seu pa\u00eds depois de sucesso nas Sereias da Vila e nas categorias de base da amarelinha.<\/p>\n<p>\u00a0<\/p>\n<p>\u201cO Santos tem uma hist\u00f3ria gigante no futebol e revelou muitas jogadoras importantes. Carregar esse DNA na Sele\u00e7\u00e3o \u00e9 uma responsabilidade e tamb\u00e9m um orgulho. Saber que estou representando n\u00e3o s\u00f3 meu trabalho, mas tamb\u00e9m o do Clube e das pessoas que fazem parte dele, me motiva ainda mais a dar o meu melhor\u201d, declarou Evelin.<\/p>\n<p>\u00a0<\/p>\n<p>Inicialmente convocada para a Sele\u00e7\u00e3o Sub-20, a revela\u00e7\u00e3o da base do Santos Futebol Clube foi convocada pelo t\u00e9cnico Arthur Elias para substituir a atacante Jheniffer, lesionada, para a disputa do FIFA Series. Em Cuiab\u00e1 (MT) o Brasil enfrenta Canad\u00e1, Cor\u00e9ia do Sul e Z\u00e2mbia no novo torneio promovido pela entidade m\u00e1xima do futebol.<\/p>\n<p>\u00a0<\/p>\n<p>\u201c\u00c9 um sentimento indescrit\u00edvel. Mesmo j\u00e1 tendo tido oportunidade de treinar com a Sele\u00e7\u00e3o, ser convocada oficialmente \u00e9 diferente, \u00e9 a realiza\u00e7\u00e3o de um sonho que eu venho construindo desde pequena. D\u00e1 um frio na barriga, mas ao mesmo tempo uma felicidade enorme e uma sensa\u00e7\u00e3o de dever sendo cumprido\u201d, completou a Menina da Vila.<\/p>\n<p>Evelin chegou \u00e0 base do Santos FC em 2023, depois de se destacar no futsal escolar da Baixada Santista. Com r\u00e1pida ascens\u00e3o na equipe Sub-20, foi promovida \u00e0 equipe principal das Sereias da Vila pelo t\u00e9cnico Caio Couto em 2025. Neste mesmo ano, chegou a ser chamada para completar treinos da Sele\u00e7\u00e3o principal na Granja Comary. Na equipe profissional do Peixe, soma oito jogos, com dois gols e tr\u00eas assist\u00eancias.<\/p>\n<\/p><\/div>\n<p><script async defer crossorigin=\"anonymous\" src=\"https:\/\/connect.facebook.net\/pt_BR\/sdk.js#xfbml=1&#038;version=v12.0&#038;appId=&#038;autoLogAppEvents=1\" nonce=\"ou0fI1lo\"><\/script><br \/>\n<br \/><br \/>\n<br \/>Fonte: <a href=\"https:\/\/www.bs9.com.br\/esportes\/menina-da-vila-evelin-bonifacio-recebe-primeira-convocacao-para-a\/38881\/\">BS9<\/a><\/p>\n","protected":false},"excerpt":{"rendered":"<p>Com 18 anos completos na \u00faltima quarta-feira (8), a atacante natural de Peru\u00edbe (SP) integrar\u00e1 a sele\u00e7\u00e3o principal de seu pa\u00eds depois de sucesso nas Sereias da Vila e nas categorias de base da amarelinha. \u00a0 \u201cO Santos tem uma hist\u00f3ria gigante no futebol e revelou muitas jogadoras importantes. Carregar esse DNA na Sele\u00e7\u00e3o \u00e9 [&hellip;]<\/p>\n","protected":false},"author":5,"featured_media":72911,"comment_status":"open","ping_status":"open","sticky":false,"template":"","format":"standard","meta":{"_seopress_robots_primary_cat":"","_seopress_titles_title":"","_seopress_titles_desc":"","_seopress_robots_index":"","footnotes":""},"categories":[52],"tags":[],"class_list":["post-72910","post","type-post","status-publish","format-standard","has-post-thumbnail","hentry","category-santoseregiao"],"_links":{"self":[{"href":"https:\/\/mussicom.com\/noticias\/wp-json\/wp\/v2\/posts\/72910","targetHints":{"allow":["GET"]}}],"collection":[{"href":"https:\/\/mussicom.com\/noticias\/wp-json\/wp\/v2\/posts"}],"about":[{"href":"https:\/\/mussicom.com\/noticias\/wp-json\/wp\/v2\/types\/post"}],"author":[{"embeddable":true,"href":"https:\/\/mussicom.com\/noticias\/wp-json\/wp\/v2\/users\/5"}],"replies":[{"embeddable":true,"href":"https:\/\/mussicom.com\/noticias\/wp-json\/wp\/v2\/comments?post=72910"}],"version-history":[{"count":0,"href":"https:\/\/mussicom.com\/noticias\/wp-json\/wp\/v2\/posts\/72910\/revisions"}],"wp:featuredmedia":[{"embeddable":true,"href":"https:\/\/mussicom.com\/noticias\/wp-json\/wp\/v2\/media\/72911"}],"wp:attachment":[{"href":"https:\/\/mussicom.com\/noticias\/wp-json\/wp\/v2\/media?parent=72910"}],"wp:term":[{"taxonomy":"category","embeddable":true,"href":"https:\/\/mussicom.com\/noticias\/wp-json\/wp\/v2\/categories?post=72910"},{"taxonomy":"post_tag","embeddable":true,"href":"https:\/\/mussicom.com\/noticias\/wp-json\/wp\/v2\/tags?post=72910"}],"curies":[{"name":"wp","href":"https:\/\/api.w.org\/{rel}","templated":true}]}}