{"id":72907,"date":"2026-04-13T22:51:24","date_gmt":"2026-04-14T01:51:24","guid":{"rendered":"https:\/\/mussicom.com\/comissao-da-camara-aprova-sete-nomes-para-vaga-no-tcu\/"},"modified":"2026-04-13T22:51:24","modified_gmt":"2026-04-14T01:51:24","slug":"comissao-da-camara-aprova-sete-nomes-para-vaga-no-tcu","status":"publish","type":"post","link":"https:\/\/mussicom.com\/noticias\/comissao-da-camara-aprova-sete-nomes-para-vaga-no-tcu\/","title":{"rendered":"Comiss\u00e3o da C\u00e2mara aprova sete nomes para vaga no TCU"},"content":{"rendered":"<p> <br \/>\n<\/p>\n<div id=\"tp-post-content\">\n<p class=\"postParagraph_post-paragraph__juWZN postParagraph_post-paragraph-innerHtml__Q5vwc\">A Comiss\u00e3o de Finan\u00e7as e Tributa\u00e7\u00e3o da C\u00e2mara dos Deputados aprovou nesta segunda-feira (13) os nomes de sete candidatos \u00e0 indica\u00e7\u00e3o ao Tribunal de Contas da Uni\u00e3o (TCU). O indicado da Casa ao cargo de ministro do TCU ser\u00e1 definido pelo plen\u00e1rio em vota\u00e7\u00e3o secreta nesta ter\u00e7a (14).<\/p>\n<p class=\"postParagraph_post-paragraph__juWZN postParagraph_post-paragraph-innerHtml__Q5vwc\">O deputado mais votado ser\u00e1 encaminhado para sabatina e vota\u00e7\u00e3o no Senado. A vaga da C\u00e2mara foi aberta com a aposentadoria compuls\u00f3ria do ministro Aroldo Cedraz, que deixou o Tribunal ap\u00f3s completar 75 anos, em mar\u00e7o. Disputar\u00e3o a vaga:<\/p>\n<ul class=\"postList_post-list-container__W0E4y postList_visual-type-unordered-list__M8U7t\">\n<li class=\"postList_post-list-item__34Ck1\">Danilo Forte (PP-CE);<\/li>\n<li class=\"postList_post-list-item__34Ck1\">Hugo Leal (PSD-RJ);<\/li>\n<li class=\"postList_post-list-item__34Ck1\">Elmar Nascimento (Uni\u00e3o-BA);<\/li>\n<li class=\"postList_post-list-item__34Ck1\">Gilson Daniel (Podemos-ES);<\/li>\n<li class=\"postList_post-list-item__34Ck1\">Odair Cunha (PT-MG);<\/li>\n<li class=\"postList_post-list-item__34Ck1\">Soraya Santos (PL-RJ);<\/li>\n<li class=\"postList_post-list-item__34Ck1\">Adriana Ventura (Novo-SP).<\/li>\n<\/ul>\n<div class=\"postViewMore_post-view-more-container___5wai\" data-mrf-recirculation=\"Post - Veja tamb\u00e9m\">\n<p class=\"gp-styles-module-size-small-afeYRa gp-styles-module-font-family2-afeYRa gp-styles-module-color-secondary-afeYRa gp-styles-module-weight-bold-afeYRa\">VEJA TAMB\u00c9M:<\/p>\n<ul class=\"postViewMore_post-view-more-list__CU_CE\">\n<li class=\"postViewMore_post-view-more-item__2MzRb\"><span class=\"postViewMore_post-view-more-link-icon___stPC\"><svg xmlns=\"http:\/\/www.w3.org\/2000\/svg\" width=\"16\" height=\"16\" viewbox=\"0 0 16 16\"><rect width=\"16\" height=\"16\" fill=\"none\"\/><g transform=\"translate(3 3)\"><path d=\"M22.5,15l3.4,3.4-3.4,3.4\" transform=\"translate(-15.896 -11.793)\" fill=\"none\" stroke=\"#717171\" stroke-linecap=\"round\" stroke-width=\"1.4\"\/><path d=\"M6,6v4.2a2.452,2.452,0,0,0,2.5,2.4H16\" transform=\"translate(-6 -6)\" fill=\"none\" stroke=\"#717171\" stroke-linecap=\"round\" stroke-width=\"1.4\"\/><\/g><\/svg><\/span><span class=\"postViewMore_post-view-more-link-text__hO_kM\">Opera\u00e7\u00e3o monitorou Ramagem por meses antes de pris\u00e3o nos EUA<\/span><\/li>\n<\/ul>\n<\/div>\n<p class=\"postParagraph_post-paragraph__juWZN postParagraph_post-paragraph-innerHtml__Q5vwc\">O TCU \u00e9 formado por nove ministros, sendo seis indicados pelo Congresso Nacional e tr\u00eas pelo presidente da Rep\u00fablica. Cunha conta com o apoio do presidente da C\u00e2mara, Hugo Motta (Republicanos-PB), e de uma coaliz\u00e3o formada por MDB, PT, PDT, PCdoB, PSB e Republicanos.<\/p>\n<p class=\"postParagraph_post-paragraph__juWZN postParagraph_post-paragraph-innerHtml__Q5vwc\">O relator das indica\u00e7\u00f5es, deputado Emanuel Pinheiro Neto (PSD-MT), considerou que todos os candidatos cumprem os requisitos legais, como conhecimento t\u00e9cnico e reputa\u00e7\u00e3o ilibada.<\/p>\n<p class=\"postParagraph_post-paragraph__juWZN postParagraph_post-paragraph-innerHtml__Q5vwc\">Os sete deputados tiveram 10 minutos cada para se apresentarem \u00e0 comiss\u00e3o. Em seguida, eles foram questionados pela comiss\u00e3o sobre transpar\u00eancia or\u00e7ament\u00e1ria, o chamado \u201cor\u00e7amento secreto\u201d e o cumprimento do teto remunerat\u00f3rio no cargo, informou a <em>Ag\u00eancia C\u00e2mara<\/em>.<\/p>\n<p class=\"postParagraph_post-paragraph__juWZN postParagraph_post-paragraph-innerHtml__Q5vwc\">Odair Cunha afirmou que a legisla\u00e7\u00e3o recente j\u00e1 ampliou a transpar\u00eancia das emendas parlamentares e rejeitou a criminaliza\u00e7\u00e3o da indica\u00e7\u00e3o desses recursos. O posicionamento ocorre em meio ao embate entre o Congresso e o Supremo Tribunal Federal (STF) sobre a execu\u00e7\u00e3o dos repasses.<\/p>\n<p class=\"postParagraph_post-paragraph__juWZN postParagraph_post-paragraph-innerHtml__Q5vwc\">Danilo Forte disse que sempre defendeu transpar\u00eancia das emendas e que, apesar de cr\u00edticas ao modelo, indicou emendas ap\u00f3s decis\u00e3o do Supremo Tribunal Federal (STF) para n\u00e3o prejudicar munic\u00edpios.<\/p>\n<p class=\"postParagraph_post-paragraph__juWZN postParagraph_post-paragraph-innerHtml__Q5vwc\">Hugo Leal destacou que, quando foi relator do Or\u00e7amento, criou mecanismos para dar maior publicidade aos repasses de verbas. Elmar Nascimento defendeu a indica\u00e7\u00e3o de emendas, rejeitou o termo \u201cor\u00e7amento secreto\u201d e afirmou que as verbas s\u00e3o p\u00fablicas e registradas oficialmente.<\/p>\n<p class=\"postParagraph_post-paragraph__juWZN postParagraph_post-paragraph-innerHtml__Q5vwc\">J\u00e1 Gilson Daniel afirmou que suas indica\u00e7\u00f5es seguem crit\u00e9rios t\u00e9cnicos e prop\u00f4s o uso de intelig\u00eancia artificial para aprimorar a fiscaliza\u00e7\u00e3o. Soraya Santos defendeu a atua\u00e7\u00e3o do TCU para avaliar se o recurso est\u00e1 realmente chegando ao destino. J\u00e1 Adriana Ventura criticou a falta de transpar\u00eancia nas emendas e disse que nunca indicou recursos nesse modelo.<\/p>\n<\/div>\n<p><br \/>\n<br \/>Fonte: <a href=\"https:\/\/www.gazetadopovo.com.br\/republica\/comissao-da-camara-aprova-sete-candidatos-ao-tcu\/\">Revista Oeste<\/a><\/p>\n","protected":false},"excerpt":{"rendered":"<p>A Comiss\u00e3o de Finan\u00e7as e Tributa\u00e7\u00e3o da C\u00e2mara dos Deputados aprovou nesta segunda-feira (13) os nomes de sete candidatos \u00e0 indica\u00e7\u00e3o ao Tribunal de Contas da Uni\u00e3o (TCU). O indicado da Casa ao cargo de ministro do TCU ser\u00e1 definido pelo plen\u00e1rio em vota\u00e7\u00e3o secreta nesta ter\u00e7a (14). O deputado mais votado ser\u00e1 encaminhado para [&hellip;]<\/p>\n","protected":false},"author":5,"featured_media":69968,"comment_status":"open","ping_status":"open","sticky":false,"template":"","format":"standard","meta":{"_seopress_robots_primary_cat":"","_seopress_titles_title":"","_seopress_titles_desc":"","_seopress_robots_index":"","footnotes":""},"categories":[1],"tags":[],"class_list":["post-72907","post","type-post","status-publish","format-standard","has-post-thumbnail","hentry","category-ultimas-noticias"],"_links":{"self":[{"href":"https:\/\/mussicom.com\/noticias\/wp-json\/wp\/v2\/posts\/72907","targetHints":{"allow":["GET"]}}],"collection":[{"href":"https:\/\/mussicom.com\/noticias\/wp-json\/wp\/v2\/posts"}],"about":[{"href":"https:\/\/mussicom.com\/noticias\/wp-json\/wp\/v2\/types\/post"}],"author":[{"embeddable":true,"href":"https:\/\/mussicom.com\/noticias\/wp-json\/wp\/v2\/users\/5"}],"replies":[{"embeddable":true,"href":"https:\/\/mussicom.com\/noticias\/wp-json\/wp\/v2\/comments?post=72907"}],"version-history":[{"count":0,"href":"https:\/\/mussicom.com\/noticias\/wp-json\/wp\/v2\/posts\/72907\/revisions"}],"wp:featuredmedia":[{"embeddable":true,"href":"https:\/\/mussicom.com\/noticias\/wp-json\/wp\/v2\/media\/69968"}],"wp:attachment":[{"href":"https:\/\/mussicom.com\/noticias\/wp-json\/wp\/v2\/media?parent=72907"}],"wp:term":[{"taxonomy":"category","embeddable":true,"href":"https:\/\/mussicom.com\/noticias\/wp-json\/wp\/v2\/categories?post=72907"},{"taxonomy":"post_tag","embeddable":true,"href":"https:\/\/mussicom.com\/noticias\/wp-json\/wp\/v2\/tags?post=72907"}],"curies":[{"name":"wp","href":"https:\/\/api.w.org\/{rel}","templated":true}]}}