{"id":72797,"date":"2026-04-13T13:42:23","date_gmt":"2026-04-13T16:42:23","guid":{"rendered":"https:\/\/mussicom.com\/pt-articula-aceno-eleitoral-na-camara-com-orcamento-minimo-em-seguranca-revela-lider\/"},"modified":"2026-04-13T13:42:23","modified_gmt":"2026-04-13T16:42:23","slug":"pt-articula-aceno-eleitoral-na-camara-com-orcamento-minimo-em-seguranca-revela-lider","status":"publish","type":"post","link":"https:\/\/mussicom.com\/noticias\/pt-articula-aceno-eleitoral-na-camara-com-orcamento-minimo-em-seguranca-revela-lider\/","title":{"rendered":"PT articula aceno eleitoral na C\u00e2mara com or\u00e7amento m\u00ednimo em seguran\u00e7a, revela l\u00edder"},"content":{"rendered":"<p> <br \/>\n<\/p>\n<div id=\"tp-post-content\">\n<p class=\"postParagraph_post-paragraph__juWZN postParagraph_post-paragraph-innerHtml__Q5vwc\">O l\u00edder do PT na C\u00e2mara, Pedro Uczai (SC), revelou que a bancada defender\u00e1 a institui\u00e7\u00e3o de um piso para o Sistema \u00danico de Seguran\u00e7a P\u00fablica (Susp), como forma de enfrentar a resist\u00eancia ao presidente Lula (PT) de parte do eleitorado que tem, nesta pauta, sua prioridade para a decis\u00e3o do voto.<\/p>\n<p class=\"postParagraph_post-paragraph__juWZN postParagraph_post-paragraph-innerHtml__Q5vwc\">&#8220;Temos que criar, como foi o do Suas, uma RCL [Receita Corrente L\u00edquida] para a seguran\u00e7a p\u00fablica, para que se enfrente o grande crime com intelig\u00eancia, sabedoria, investiga\u00e7\u00e3o e tecnologia. A fragmenta\u00e7\u00e3o das pol\u00edticas \u00e9 para manter o crime organizado intacto. Vamos enfrentar esse tema, por isso Lula ser\u00e1 reeleito, n\u00e3o tem como n\u00e3o comparar&#8221;, disse o parlamentar.<\/p>\n<div class=\"postViewMore_post-view-more-container___5wai\" data-mrf-recirculation=\"Post - Veja tamb\u00e9m\">\n<p class=\"gp-styles-module-size-small-afeYRa gp-styles-module-font-family2-afeYRa gp-styles-module-color-secondary-afeYRa gp-styles-module-weight-bold-afeYRa\">VEJA TAMB\u00c9M:<\/p>\n<ul class=\"postViewMore_post-view-more-list__CU_CE\">\n<li class=\"postViewMore_post-view-more-item__2MzRb\"><span class=\"postViewMore_post-view-more-link-icon___stPC\"><svg xmlns=\"http:\/\/www.w3.org\/2000\/svg\" width=\"16\" height=\"16\" viewbox=\"0 0 16 16\"><rect width=\"16\" height=\"16\" fill=\"none\"\/><g transform=\"translate(3 3)\"><path d=\"M22.5,15l3.4,3.4-3.4,3.4\" transform=\"translate(-15.896 -11.793)\" fill=\"none\" stroke=\"#717171\" stroke-linecap=\"round\" stroke-width=\"1.4\"\/><path d=\"M6,6v4.2a2.452,2.452,0,0,0,2.5,2.4H16\" transform=\"translate(-6 -6)\" fill=\"none\" stroke=\"#717171\" stroke-linecap=\"round\" stroke-width=\"1.4\"\/><\/g><\/svg><\/span><span class=\"postViewMore_post-view-more-link-text__hO_kM\">C\u00e2mara aprova em 1\u00ba turno investimento m\u00ednimo de 1% em assist\u00eancia social<\/span><\/li>\n<li class=\"postViewMore_post-view-more-item__2MzRb\"><span class=\"postViewMore_post-view-more-link-icon___stPC\"><svg xmlns=\"http:\/\/www.w3.org\/2000\/svg\" width=\"16\" height=\"16\" viewbox=\"0 0 16 16\"><rect width=\"16\" height=\"16\" fill=\"none\"\/><g transform=\"translate(3 3)\"><path d=\"M22.5,15l3.4,3.4-3.4,3.4\" transform=\"translate(-15.896 -11.793)\" fill=\"none\" stroke=\"#717171\" stroke-linecap=\"round\" stroke-width=\"1.4\"\/><path d=\"M6,6v4.2a2.452,2.452,0,0,0,2.5,2.4H16\" transform=\"translate(-6 -6)\" fill=\"none\" stroke=\"#717171\" stroke-linecap=\"round\" stroke-width=\"1.4\"\/><\/g><\/svg><\/span><span class=\"postViewMore_post-view-more-link-text__hO_kM\">Fl\u00e1vio Bolsonaro defende maioridade penal de 14 anos em casos de estupro<\/span><\/li>\n<\/ul>\n<\/div>\n<p class=\"postParagraph_post-paragraph__juWZN postParagraph_post-paragraph-innerHtml__Q5vwc\">Avan\u00e7a na Casa outro projeto para enrijecer o or\u00e7amento: caso seja aprovado, o governo federal dever\u00e1 investir ao menos 1% de sua receita no Sistema \u00danico de Assist\u00eancia Social (Suas). Diferentemente do Susp, o Suas possui uma pasta dedicada exclusivamente a seu \u00e2mbito de financiamento: o Minist\u00e9rio do Desenvolvimento Social e Combate \u00e0 Fome. O novo piso, por\u00e9m, seria parte da estrat\u00e9gia para dividir Justi\u00e7a e Seguran\u00e7a P\u00fablica em dois minist\u00e9rios e, com isso, acenar ao eleitorado preocupado com o combate ao crime.<\/p>\n<p class=\"postParagraph_post-paragraph__juWZN postParagraph_post-paragraph-innerHtml__Q5vwc\">&#8220;O presidente tem pressa para enfrentar isso, quer ser parceiro dos estados e decidir\u00e1 se cria o Minist\u00e9rio da Seguran\u00e7a ou as secretarias de combate ao crime organizado e combate ao feminic\u00eddio, por exemplo, no Minist\u00e9rio da Justi\u00e7a&#8221;, declarou o deputado.<\/p>\n<p class=\"postParagraph_post-paragraph__juWZN postParagraph_post-paragraph-innerHtml__Q5vwc\">O feminic\u00eddio carrega um cruzamento de problemas a serem enfrentados pelos protagonistas da corrida ao Planalto: enquanto Lula precisa mostrar proatividade no combate ao crime, em especial o crime organizado, o senador Fl\u00e1vio Bolsonaro (PL-RJ) aposta na pauta para reduzir sua rejei\u00e7\u00e3o diante do eleitorado feminino.<\/p>\n<\/div>\n<p><br \/>\n<br \/>Fonte: <a href=\"https:\/\/www.gazetadopovo.com.br\/republica\/pt-articula-aceno-eleitoral-na-camara-com-orcamento-minimo-em-seguranca-publica\/\">Revista Oeste<\/a><\/p>\n","protected":false},"excerpt":{"rendered":"<p>O l\u00edder do PT na C\u00e2mara, Pedro Uczai (SC), revelou que a bancada defender\u00e1 a institui\u00e7\u00e3o de um piso para o Sistema \u00danico de Seguran\u00e7a P\u00fablica (Susp), como forma de enfrentar a resist\u00eancia ao presidente Lula (PT) de parte do eleitorado que tem, nesta pauta, sua prioridade para a decis\u00e3o do voto. &#8220;Temos que criar, [&hellip;]<\/p>\n","protected":false},"author":5,"featured_media":72798,"comment_status":"open","ping_status":"open","sticky":false,"template":"","format":"standard","meta":{"_seopress_robots_primary_cat":"","_seopress_titles_title":"","_seopress_titles_desc":"","_seopress_robots_index":"","footnotes":""},"categories":[1],"tags":[],"class_list":["post-72797","post","type-post","status-publish","format-standard","has-post-thumbnail","hentry","category-ultimas-noticias"],"_links":{"self":[{"href":"https:\/\/mussicom.com\/noticias\/wp-json\/wp\/v2\/posts\/72797","targetHints":{"allow":["GET"]}}],"collection":[{"href":"https:\/\/mussicom.com\/noticias\/wp-json\/wp\/v2\/posts"}],"about":[{"href":"https:\/\/mussicom.com\/noticias\/wp-json\/wp\/v2\/types\/post"}],"author":[{"embeddable":true,"href":"https:\/\/mussicom.com\/noticias\/wp-json\/wp\/v2\/users\/5"}],"replies":[{"embeddable":true,"href":"https:\/\/mussicom.com\/noticias\/wp-json\/wp\/v2\/comments?post=72797"}],"version-history":[{"count":0,"href":"https:\/\/mussicom.com\/noticias\/wp-json\/wp\/v2\/posts\/72797\/revisions"}],"wp:featuredmedia":[{"embeddable":true,"href":"https:\/\/mussicom.com\/noticias\/wp-json\/wp\/v2\/media\/72798"}],"wp:attachment":[{"href":"https:\/\/mussicom.com\/noticias\/wp-json\/wp\/v2\/media?parent=72797"}],"wp:term":[{"taxonomy":"category","embeddable":true,"href":"https:\/\/mussicom.com\/noticias\/wp-json\/wp\/v2\/categories?post=72797"},{"taxonomy":"post_tag","embeddable":true,"href":"https:\/\/mussicom.com\/noticias\/wp-json\/wp\/v2\/tags?post=72797"}],"curies":[{"name":"wp","href":"https:\/\/api.w.org\/{rel}","templated":true}]}}