{"id":72760,"date":"2026-04-13T11:33:20","date_gmt":"2026-04-13T14:33:20","guid":{"rendered":"https:\/\/mussicom.com\/papa-leao-xiv-visita-argelia-em-sua-terceira-viagem-apostolica\/"},"modified":"2026-04-13T11:33:20","modified_gmt":"2026-04-13T14:33:20","slug":"papa-leao-xiv-visita-argelia-em-sua-terceira-viagem-apostolica","status":"publish","type":"post","link":"https:\/\/mussicom.com\/noticias\/papa-leao-xiv-visita-argelia-em-sua-terceira-viagem-apostolica\/","title":{"rendered":"Papa Le\u00e3o XIV visita Arg\u00e9lia em sua terceira viagem apost\u00f3lica"},"content":{"rendered":"<p> <br \/>\n<\/p>\n<div id=\"tp-post-content\">\n<p class=\"postParagraph_post-paragraph__juWZN postParagraph_post-paragraph-innerHtml__Q5vwc\">O papa Le\u00e3o XIV partiu nesta segunda-feira para a Arg\u00e9lia, primeira parada de uma viagem de 10 dias \u00e0 \u00c1frica que marca a terceira jornada internacional de seu pontificado. A visita papal, programada para ocorrer entre 13 e 23 de abril, tamb\u00e9m incluir\u00e1 paradas em Camar\u00f5es, Angola e Guin\u00e9 Equatorial, tornando-se a viagem mais longa de seu pontificado at\u00e9 o momento. Ap\u00f3s visitas anteriores \u00e0 Turquia e ao L\u00edbano e uma breve viagem ao Principado de M\u00f4naco, Le\u00e3o agora viaja para quatro na\u00e7\u00f5es africanas com hist\u00f3rias, culturas e realidades pastorais distintas.<\/p>\n<p class=\"postParagraph_post-paragraph__juWZN postParagraph_post-paragraph-innerHtml__Q5vwc\">A primeira parada \u00e9 a Arg\u00e9lia, onde Le\u00e3o estar\u00e1 entre 13 e 15 de abril. Espera-se que a visita se concentre especialmente no encontro e na fraternidade. Os cat\u00f3licos na Arg\u00e9lia somam apenas alguns milhares em um pa\u00eds de cerca de 48 milh\u00f5es de mu\u00e7ulmanos. Pela primeira vez, um papa visita a terra de Santo Agostinho \u2014 um destino apropriado para Le\u00e3o XIV, que se descreveu em 8 de maio, quando apareceu pela primeira vez como papa na sacada central da Bas\u00edlica de S\u00e3o Pedro, como &#8220;um filho de Santo Agostinho&#8221;.<\/p>\n<p class=\"postParagraph_post-paragraph__juWZN postParagraph_post-paragraph-innerHtml__Q5vwc\">Da Arg\u00e9lia, Le\u00e3o viajar\u00e1 em 15 de abril para Camar\u00f5es, onde permanecer\u00e1 at\u00e9 18 de abril. Seu itiner\u00e1rio inclui a capital, Yaound\u00e9, bem como Douala, o centro econ\u00f4mico do pa\u00eds, e Bamenda, que fica no cora\u00e7\u00e3o do chamado conflito angl\u00f3fono. Douala e Bamenda tamb\u00e9m s\u00e3o consideradas redutos da oposi\u00e7\u00e3o pol\u00edtica ao governo do presidente Paul Biya, que est\u00e1 no poder desde 1982. Le\u00e3o XIV ser\u00e1 o terceiro papa a visitar Camar\u00f5es, depois de S\u00e3o Jo\u00e3o Paulo II, que viajou para l\u00e1 em 1985 e 1995, e Bento XVI, que visitou em 2009.<\/p>\n<p class=\"postParagraph_post-paragraph__juWZN postParagraph_post-paragraph-innerHtml__Q5vwc\">Assim como Bento XVI durante aquela viagem de 2009, Le\u00e3o tamb\u00e9m visitar\u00e1 Angola. Ele est\u00e1 programado para estar em Luanda, Muxima e Saurimo entre 18 e 21 de abril. A parada final do papa ser\u00e1 na Guin\u00e9 Equatorial, onde ele estar\u00e1 entre 21 e 23 de abril para marcar o 170\u00ba anivers\u00e1rio da evangeliza\u00e7\u00e3o do pa\u00eds.<\/p>\n<p class=\"postParagraph_post-paragraph__juWZN postParagraph_post-paragraph-innerHtml__Q5vwc\">O voo para a Arg\u00e9lia deveria durar cerca de duas horas, com o avi\u00e3o papal cruzando a It\u00e1lia e a Fran\u00e7a antes de chegar a Argel. Antes de sua partida, Le\u00e3o enviou um telegrama ao presidente italiano Sergio Mattarella. &#8220;No momento em que me preparo para fazer a viagem apost\u00f3lica \u00e0 Arg\u00e9lia, Camar\u00f5es, Angola e Guin\u00e9 Equatorial&#8221;, escreveu o papa, &#8220;movido pelo vivo desejo de encontrar os irm\u00e3os e irm\u00e3s na f\u00e9 e os habitantes daquelas queridas na\u00e7\u00f5es, tenho o prazer de dirigir a Vossa Excel\u00eancia, senhor presidente, a express\u00e3o de minha sauda\u00e7\u00e3o respeitosa, que acompanho com fervorosas ora\u00e7\u00f5es pelo bem e prosperidade de todo o povo italiano.&#8221;<\/p>\n<p class=\"postParagraph_post-paragraph__juWZN postParagraph_post-paragraph-innerHtml__Q5vwc\">\u00a92026 Catholic News Agency. Publicado com permiss\u00e3o. Original em ingl\u00eas: Pope Leo XIV departs for Algeria, beginning third apostolic journey https:\/\/www.ewtnnews.com\/vatican\/pope-leo-xiv-departs-for-algeria-beginning-third-apostolic-journey<\/p>\n<\/div>\n<p><br \/>\n<br \/>Fonte: <a href=\"https:\/\/www.gazetadopovo.com.br\/mundo\/papa-leao-xiv-visita-argelia-em-sua-terceira-viagem-apostolica\/\">Revista Oeste<\/a><\/p>\n","protected":false},"excerpt":{"rendered":"<p>O papa Le\u00e3o XIV partiu nesta segunda-feira para a Arg\u00e9lia, primeira parada de uma viagem de 10 dias \u00e0 \u00c1frica que marca a terceira jornada internacional de seu pontificado. A visita papal, programada para ocorrer entre 13 e 23 de abril, tamb\u00e9m incluir\u00e1 paradas em Camar\u00f5es, Angola e Guin\u00e9 Equatorial, tornando-se a viagem mais longa [&hellip;]<\/p>\n","protected":false},"author":5,"featured_media":72761,"comment_status":"open","ping_status":"open","sticky":false,"template":"","format":"standard","meta":{"_seopress_robots_primary_cat":"","_seopress_titles_title":"","_seopress_titles_desc":"","_seopress_robots_index":"","footnotes":""},"categories":[48],"tags":[],"class_list":["post-72760","post","type-post","status-publish","format-standard","has-post-thumbnail","hentry","category-internacional"],"_links":{"self":[{"href":"https:\/\/mussicom.com\/noticias\/wp-json\/wp\/v2\/posts\/72760","targetHints":{"allow":["GET"]}}],"collection":[{"href":"https:\/\/mussicom.com\/noticias\/wp-json\/wp\/v2\/posts"}],"about":[{"href":"https:\/\/mussicom.com\/noticias\/wp-json\/wp\/v2\/types\/post"}],"author":[{"embeddable":true,"href":"https:\/\/mussicom.com\/noticias\/wp-json\/wp\/v2\/users\/5"}],"replies":[{"embeddable":true,"href":"https:\/\/mussicom.com\/noticias\/wp-json\/wp\/v2\/comments?post=72760"}],"version-history":[{"count":0,"href":"https:\/\/mussicom.com\/noticias\/wp-json\/wp\/v2\/posts\/72760\/revisions"}],"wp:featuredmedia":[{"embeddable":true,"href":"https:\/\/mussicom.com\/noticias\/wp-json\/wp\/v2\/media\/72761"}],"wp:attachment":[{"href":"https:\/\/mussicom.com\/noticias\/wp-json\/wp\/v2\/media?parent=72760"}],"wp:term":[{"taxonomy":"category","embeddable":true,"href":"https:\/\/mussicom.com\/noticias\/wp-json\/wp\/v2\/categories?post=72760"},{"taxonomy":"post_tag","embeddable":true,"href":"https:\/\/mussicom.com\/noticias\/wp-json\/wp\/v2\/tags?post=72760"}],"curies":[{"name":"wp","href":"https:\/\/api.w.org\/{rel}","templated":true}]}}